{"id":87480,"date":"2025-01-04T19:36:21","date_gmt":"2025-01-04T19:36:21","guid":{"rendered":"https:\/\/tvbrazilusa.com\/2025\/01\/04\/lula-da-impressao-de-ter-rabo-preso-com-maduro\/"},"modified":"2025-01-04T19:36:23","modified_gmt":"2025-01-04T19:36:23","slug":"lula-da-impressao-de-ter-rabo-preso-com-maduro","status":"publish","type":"post","link":"https:\/\/tvbrazilusa.com\/pt\/2025\/01\/04\/lula-da-impressao-de-ter-rabo-preso-com-maduro\/","title":{"rendered":"Lula d\u00e1 impress\u00e3o de ter \u201crabo preso\u201d com Maduro"},"content":{"rendered":"<p> <script async src=\"https:\/\/pagead2.googlesyndication.com\/pagead\/js\/adsbygoogle.js?client=ca-pub-8864793242727901\"\r\n     crossorigin=\"anonymous\"><\/script><br \/>\n<\/p>\n<div>\n<figure class=\"post-image\">\n<\/figure>\n<p>            <span style=\"font-size: 12px\">Ricardo Stuckert\/PR<\/span><\/p>\n<p>            <!-- end metas --><br \/>\n            <!-- ADS --><\/p>\n<div id=\"taboola-read-more\" style=\"display:block; width:100%\">\n<p>O presidente Lula tem adotado uma postura amb\u00edgua em rela\u00e7\u00e3o ao ditador venezuelano Nicol\u00e1s Maduro, especialmente ap\u00f3s as controv\u00e9rsias eleitorais de 2024. Enquanto a comunidade internacional critica as fraudes nas elei\u00e7\u00f5es venezuelanas, Lula tem se esfor\u00e7ado para n\u00e3o antagonizar Maduro, mantendo um di\u00e1logo cuidadoso. Em uma recente entrevista, Lula defendeu a decis\u00e3o da justi\u00e7a venezuelana, afirmando que, se fosse o Supremo Tribunal Federal (STF) do Brasil, ele tamb\u00e9m n\u00e3o aceitaria interfer\u00eancias externas, o que sugere uma tentativa de proteger a legitimidade de Maduro, apesar das evid\u00eancias de irregularidades.\n<\/p>\n<p>A rela\u00e7\u00e3o entre Lula e Maduro parece marcada por uma tens\u00e3o velada. O Procurador Geral de Justi\u00e7a da Venezuela acusou Lula de ser um &#8220;agente da CIA&#8221;, uma alega\u00e7\u00e3o grave que poderia ter colocado em xeque a posi\u00e7\u00e3o do presidente brasileiro. No entanto, Maduro tamb\u00e9m tem enviado mensagens amb\u00edguas, insinuando que as elei\u00e7\u00f5es brasileiras foram manipuladas pelo Tribunal Superior Eleitoral (TSE), o que pode ser interpretado como uma forma de press\u00e3o ou chantagem sobre Lula. Essa din\u00e2mica sugere que Maduro poderia estar utilizando essas acusa\u00e7\u00f5es para garantir o apoio ou a neutralidade de Lula em momentos cr\u00edticos.<\/p>\n<p>A decis\u00e3o de Lula de enviar a embaixadora brasileira \u00e0 posse de Maduro, mesmo ap\u00f3s tais acusa\u00e7\u00f5es e discursos cr\u00edticos, levanta questionamentos sobre a influ\u00eancia que o l\u00edder venezuelano pode ter sobre o governo brasileiro. Essa aparente cautela de Lula em confrontar Maduro pode ser vista como uma estrat\u00e9gia para evitar conflitos diplom\u00e1ticos ou como uma indica\u00e7\u00e3o de que h\u00e1 algo mais em jogo, uma esp\u00e9cie de &#8220;rabo preso&#8221;. O tempo dir\u00e1 se essa rela\u00e7\u00e3o continuar\u00e1 a ser marcada por tais nuances ou se Lula tomar\u00e1 uma posi\u00e7\u00e3o mais assertiva diante das press\u00f5es internacionais e dom\u00e9sticas.\n<\/p>\n<p>Por J\u00fanior Melo              <\/p>\n<\/div>\n<p>                        <!-- Scripts para conteudo --><\/p>\n<p>            <!-- .\/Scripts para conteudo --><br \/>\n            <!-- .\/Mat\u00e9ria --><\/p>\n<div class=\"row mt-3\">\n<div class=\"col-sm-6\">\n                <!-- Whatsapp channel 3--><br \/>\n                <a href=\"https:\/\/chat.whatsapp.com\/B8Qy6Erx4kb6yTzj3kaDco\" target=\"_blank\"><br \/>\n                  <img decoding=\"async\" src=\"https:\/\/diariodobrasilnoticias.com.br\/assets-site\/images\/bot_whatsapp.png\"\/><\/a>\n              <\/div>\n<div class=\"col-sm-6\">\n                <a href=\"https:\/\/t.me\/+_4gTmi5LKo03OTM5\" target=\"_blank\"><br \/>\n                  <img decoding=\"async\" src=\"https:\/\/diariodobrasilnoticias.com.br\/assets-site\/images\/bot_telegram.png\"\/><\/a>\n              <\/div>\n<\/p><\/div>\n<p>            <!-- end post-navigation --><\/p>\n<p>              <!-- end row --><\/p>\n<p>              <!-- end col-12-->\n                      <\/div>\n<p><br \/>\n<br \/><a href=\"https:\/\/diariodobrasilnoticias.com.br\/noticia\/lula-da-impressao-de-ter-rabo-preso-com-maduro-6779651388041\">Source link <\/a><\/p>","protected":false},"excerpt":{"rendered":"<p>Ricardo Stuckert\/PR O presidente Lula tem adotado uma postura amb\u00edgua em rela\u00e7\u00e3o ao ditador venezuelano Nicol\u00e1s Maduro, especialmente ap\u00f3s as controv\u00e9rsias eleitorais de 2024. Enquanto a comunidade internacional critica as&hellip;<\/p>","protected":false},"author":1,"featured_media":87481,"comment_status":"closed","ping_status":"open","sticky":false,"template":"","format":"standard","meta":{"content-type":"","footnotes":""},"categories":[16],"tags":[123,2448,5313,1267],"class_list":["post-87480","post","type-post","status-publish","format-standard","has-post-thumbnail","hentry","category-noticias","tag-brasil","tag-diario","tag-noticia","tag-noticias"],"_links":{"self":[{"href":"https:\/\/tvbrazilusa.com\/pt\/wp-json\/wp\/v2\/posts\/87480","targetHints":{"allow":["GET"]}}],"collection":[{"href":"https:\/\/tvbrazilusa.com\/pt\/wp-json\/wp\/v2\/posts"}],"about":[{"href":"https:\/\/tvbrazilusa.com\/pt\/wp-json\/wp\/v2\/types\/post"}],"author":[{"embeddable":true,"href":"https:\/\/tvbrazilusa.com\/pt\/wp-json\/wp\/v2\/users\/1"}],"replies":[{"embeddable":true,"href":"https:\/\/tvbrazilusa.com\/pt\/wp-json\/wp\/v2\/comments?post=87480"}],"version-history":[{"count":1,"href":"https:\/\/tvbrazilusa.com\/pt\/wp-json\/wp\/v2\/posts\/87480\/revisions"}],"predecessor-version":[{"id":87482,"href":"https:\/\/tvbrazilusa.com\/pt\/wp-json\/wp\/v2\/posts\/87480\/revisions\/87482"}],"wp:featuredmedia":[{"embeddable":true,"href":"https:\/\/tvbrazilusa.com\/pt\/wp-json\/wp\/v2\/media\/87481"}],"wp:attachment":[{"href":"https:\/\/tvbrazilusa.com\/pt\/wp-json\/wp\/v2\/media?parent=87480"}],"wp:term":[{"taxonomy":"category","embeddable":true,"href":"https:\/\/tvbrazilusa.com\/pt\/wp-json\/wp\/v2\/categories?post=87480"},{"taxonomy":"post_tag","embeddable":true,"href":"https:\/\/tvbrazilusa.com\/pt\/wp-json\/wp\/v2\/tags?post=87480"}],"curies":[{"name":"wp","href":"https:\/\/api.w.org\/{rel}","templated":true}]}}