{"id":87495,"date":"2025-01-04T20:19:36","date_gmt":"2025-01-04T20:19:36","guid":{"rendered":"https:\/\/tvbrazilusa.com\/2025\/01\/04\/citado-por-gritzbach-policial-que-teria-lavado-fortuna-do-pcc-e-solto\/"},"modified":"2025-01-04T20:19:40","modified_gmt":"2025-01-04T20:19:40","slug":"citado-por-gritzbach-policial-que-teria-lavado-fortuna-do-pcc-e-solto","status":"publish","type":"post","link":"https:\/\/tvbrazilusa.com\/pt\/2025\/01\/04\/citado-por-gritzbach-policial-que-teria-lavado-fortuna-do-pcc-e-solto\/","title":{"rendered":"Citado por Gritzbach, policial que teria lavado fortuna do PCC \u00e9 solto"},"content":{"rendered":"<p> <script async src=\"https:\/\/pagead2.googlesyndication.com\/pagead\/js\/adsbygoogle.js?client=ca-pub-8864793242727901\"\r\n     crossorigin=\"anonymous\"><\/script><br \/>\n<\/p>\n<div id=\"taboola-read-more\" style=\"display:block; width:100%\">\n<p><strong>S\u00e3o Paulo \u2014<\/strong>\u00a0Preso por suspeita de lavar dinheiro para o\u00a0<a href=\"https:\/\/www.metropoles.com\/tag\/pcc\">Primeiro Comando da Capital<\/a>\u00a0(PCC), o policial civil\u00a0<a href=\"https:\/\/www.metropoles.com\/sao-paulo\/policial-preso-e-citado-por-gritzbach-como-socio-de-lider-do-pcc\">Cyllas Salerno Elia Junior<\/a>\u00a0foi solto ap\u00f3s decis\u00e3o da Justi\u00e7a Federal. De acordo com a\u00a0<a href=\"https:\/\/www.ssp.sp.gov.br\/\" target=\"_blank\" rel=\"noopener noreferrer\">Secretaria da Seguran\u00e7a P\u00fablica<\/a>\u00a0(SSP), ele segue afastado das fun\u00e7\u00f5es e responde a um procedimento na Corregedoria da\u00a0<a href=\"https:\/\/www.policiacivil.sp.gov.br\/portal\/faces\/pages_home?_afrLoop=463593006164697&#038;_afrWindowMode=0&#038;_afrWindowId=null\" target=\"_blank\" rel=\"noopener noreferrer\">Pol\u00edcia Civil<\/a>\n<\/p>\n<p>Cyllas Salerno foi preso em 26 de novembro durante opera\u00e7\u00e3o da Pol\u00edcia Federal, batizada de Opera\u00e7\u00e3o Tai-Pan, contra crimes financeiros que movimentaram R$ 6 bilh\u00f5es nos \u00faltimos cinco anos.<\/p>\n<p>A investiga\u00e7\u00e3o teve in\u00edcio em 2022 e revelou um complexo sistema banc\u00e1rio paralelo e ilegal, que movimentava bilh\u00f5es dentro do pa\u00eds e nos Estados Unidos, Canad\u00e1, Panam\u00e1, Argentina, Bol\u00edvia, Col\u00f4mbia, Paraguai, Peru, Holanda, Inglaterra, It\u00e1lia, Turquia, Dubai e especialmente Hong Kong e China, para onde se destinava a maior parte dos recursos de origem il\u00edcita.\n<\/p>\n<p>Cyllas, que atuou no Departamento Estadual de Investiga\u00e7\u00f5es Criminais (Deic), foi\u00a0<a href=\"https:\/\/www.metropoles.com\/sao-paulo\/policial-preso-e-citado-por-gritzbach-como-socio-de-lider-do-pcc\">citado por Gritzbach em depoimento \u00e0 Corregedoria da Pol\u00edcia Civil<\/a>, em 31 de outubro, oito dias antes de ser morto a tiros ao desembarcar no Aeroporto de Guarulhos.\n<\/p>\n<p>De acordo com Gritzbach, Cyllas seria s\u00f3cio de Anselmo Santa Fausta, o Cara Preta, e de Rafael Maeda Pires, o Japa, no 2Go Bank. Ambos s\u00e3o apontados como importantes lideran\u00e7as do PCC.\n<\/p>\n<p>Cara Preta foi morto a tiros em dezembro de 2021, no Tatuap\u00e9, zona leste da capital, ao lado do seguran\u00e7a Ant\u00f4nio Corona Neto, conhecido como Sem Sangue. Vin\u00edcius Gritzbach era apontado como o mandante do crime.\n<\/p>\n<div class=\"m-banner-wrap m-banner-rectangle m-publicity-content-middle\">\n<div id=\"div-gpt-ad-sao-paulo-quadrado-2\" class=\"ad-displayed\" data-gtm-vis-recent-on-screen104869357_329=\"95810\" data-gtm-vis-first-on-screen104869357_329=\"95810\" data-gtm-vis-total-visible-time104869357_329=\"100\" data-gtm-vis-has-fired104869357_329=\"1\" data-google-query-id=\"CMiHx4jv3IoDFVlMQQIdTeUphg\">\n<p>O empres\u00e1rio foi jurado de morte pelo PCC, acusado de dar um golpe em Cara Preta e de desviar parte de um investimento milion\u00e1rio da fac\u00e7\u00e3o em criptomoedas.\n<\/p>\n<p>Japa foi encontrado morto com um tiro na cabe\u00e7a em 5 de maio de 2023, no subsolo de um pr\u00e9dio no Tatuap\u00e9.\n<\/p>\n<h4>Ex-seguran\u00e7a de Tarc\u00edsio<\/h4>\n<p>Tamb\u00e9m no \u00faltimo dia 18, a Justi\u00e7a Federal determinou a soltura do capit\u00e3o\u00a0<a href=\"https:\/\/www.metropoles.com\/colunas\/paulo-cappelli\/ex-seguranca-de-tarcisio-suspeito-de-elo-com-pcc-e-solto-e-volta-a-pm\">Diogo Costa Cangerana<\/a>, policial militar que havia sido preso, assim como Cyllas, por integrar o esquema de lavagem de dinheiro alvo da Opera\u00e7\u00e3o Tai Pan.\n<\/p>\n<p>Cangerana atuava como seguran\u00e7a do governador Tarc\u00edsio de Freitas (Republicanos) at\u00e9 setembro, na fun\u00e7\u00e3o de chefe da Divis\u00e3o de Seguran\u00e7a de Dignit\u00e1rios do Departamento de Seguran\u00e7a Institucional. Ele acompanhou o governador em 25 agendas oficiais no Brasil e no exterior. O capit\u00e3o passou 12 anos na Casa Militar do governo paulista.\n<\/p>\n<p>De acordo com a SSP, Cangerana foi alocado na Diretoria de Log\u00edstica da PM, onde cumpre expediente administrativo.\n<\/p>\n<div class=\"m-banner-wrap m-banner-rectangle m-publicity-content-middle\">\n<p>Com informa\u00e7\u00f5es metr\u00f3poles<\/p>\n<\/div>\n<\/div>\n<\/div><\/div>\n<p><br \/>\n<br \/><a href=\"https:\/\/diariodobrasilnoticias.com.br\/noticia\/citado-por-gritzbach-policial-que-teria-lavado-fortuna-do-pcc-e-solto-6779956e48b01\">Source link <\/a><\/p>","protected":false},"excerpt":{"rendered":"<p>S\u00e3o Paulo \u2014\u00a0Preso por suspeita de lavar dinheiro para o\u00a0Primeiro Comando da Capital\u00a0(PCC), o policial civil\u00a0Cyllas Salerno Elia Junior\u00a0foi solto ap\u00f3s decis\u00e3o da Justi\u00e7a Federal. De acordo com a\u00a0Secretaria da&hellip;<\/p>","protected":false},"author":1,"featured_media":87496,"comment_status":"closed","ping_status":"open","sticky":false,"template":"","format":"standard","meta":{"content-type":"","footnotes":""},"categories":[16],"tags":[123,2448,5313,1267],"class_list":["post-87495","post","type-post","status-publish","format-standard","has-post-thumbnail","hentry","category-noticias","tag-brasil","tag-diario","tag-noticia","tag-noticias"],"_links":{"self":[{"href":"https:\/\/tvbrazilusa.com\/pt\/wp-json\/wp\/v2\/posts\/87495","targetHints":{"allow":["GET"]}}],"collection":[{"href":"https:\/\/tvbrazilusa.com\/pt\/wp-json\/wp\/v2\/posts"}],"about":[{"href":"https:\/\/tvbrazilusa.com\/pt\/wp-json\/wp\/v2\/types\/post"}],"author":[{"embeddable":true,"href":"https:\/\/tvbrazilusa.com\/pt\/wp-json\/wp\/v2\/users\/1"}],"replies":[{"embeddable":true,"href":"https:\/\/tvbrazilusa.com\/pt\/wp-json\/wp\/v2\/comments?post=87495"}],"version-history":[{"count":1,"href":"https:\/\/tvbrazilusa.com\/pt\/wp-json\/wp\/v2\/posts\/87495\/revisions"}],"predecessor-version":[{"id":87497,"href":"https:\/\/tvbrazilusa.com\/pt\/wp-json\/wp\/v2\/posts\/87495\/revisions\/87497"}],"wp:featuredmedia":[{"embeddable":true,"href":"https:\/\/tvbrazilusa.com\/pt\/wp-json\/wp\/v2\/media\/87496"}],"wp:attachment":[{"href":"https:\/\/tvbrazilusa.com\/pt\/wp-json\/wp\/v2\/media?parent=87495"}],"wp:term":[{"taxonomy":"category","embeddable":true,"href":"https:\/\/tvbrazilusa.com\/pt\/wp-json\/wp\/v2\/categories?post=87495"},{"taxonomy":"post_tag","embeddable":true,"href":"https:\/\/tvbrazilusa.com\/pt\/wp-json\/wp\/v2\/tags?post=87495"}],"curies":[{"name":"wp","href":"https:\/\/api.w.org\/{rel}","templated":true}]}}