{"id":87498,"date":"2025-01-04T20:31:52","date_gmt":"2025-01-04T20:31:52","guid":{"rendered":"https:\/\/tvbrazilusa.com\/2025\/01\/04\/segundo-o-governador-de-goias-ronaldo-caiado-governo-lula-acabou-no-segundo-ano\/"},"modified":"2025-01-04T20:31:55","modified_gmt":"2025-01-04T20:31:55","slug":"segundo-o-governador-de-goias-ronaldo-caiado-governo-lula-acabou-no-segundo-ano","status":"publish","type":"post","link":"https:\/\/tvbrazilusa.com\/pt\/2025\/01\/04\/segundo-o-governador-de-goias-ronaldo-caiado-governo-lula-acabou-no-segundo-ano\/","title":{"rendered":"Segundo o governador de Goi\u00e1s, Ronaldo Caiado, &#8216;Governo Lula acabou no segundo ano&#8217;"},"content":{"rendered":"<p> <script async src=\"https:\/\/pagead2.googlesyndication.com\/pagead\/js\/adsbygoogle.js?client=ca-pub-8864793242727901\"\r\n     crossorigin=\"anonymous\"><\/script><br \/>\n<\/p>\n<div id=\"taboola-read-more\" style=\"display:block; width:100%\">\n<p>Ronaldo Caiado, que vai botar a caravana presidencial na rua depois do Carnaval, faz uma dura avalia\u00e7\u00e3o dos dois primeiros anos de mandato de Lula.\n<\/p>\n<p>Para o governador de Goi\u00e1s, o petista, nesse per\u00edodo, ampliou os gastos da m\u00e1quina enquanto ignorava a necessidade de promover reformas estruturais para aprimorar o controle fiscal da gest\u00e3o.<\/p>\n<p>\u201cJ\u00e1 se passaram dois anos e o governo Lula s\u00f3 fez aumentar gastos. Reformas Estruturais, nem cogitou faz\u00ea-las\u201d, diz Caiado.\n<\/p>\n<p>Para Caiado, Lula foi beneficiado pelos eventos de 8 de janeiro, que deram um discurso ao petista. O tema, no entanto, esgotou-se, na vis\u00e3o dele, revelando o vazio de propostas do atual governo.\n<\/p>\n<p>\u201cAt\u00e9 hoje, Lula ancorou o governo no acontecimento de 8 de Janeiro. Como o assunto est\u00e1 sendo julgado pelo Supremo, ele fica sem discurso e sem nenhuma entrega. O governo acabou no segundo ano\u201d, diz Caiado. \u201cO \u00fanico programa de governo que foi bem avaliado, \u00e9 o p\u00e9 de meia, c\u00f3pia do meu programa instalado desde 2021\u201d, segue o goiano.\n<\/p>\n<p>Fonte: Veja              <\/p>\n<\/div>\n<p><br \/>\n<br \/><a href=\"https:\/\/diariodobrasilnoticias.com.br\/noticia\/segundo-o-governador-de-goias-ronaldo-caiado-governo-lula-acabou-no-segundo-ano-67796640c8493\">Source link <\/a><\/p>","protected":false},"excerpt":{"rendered":"<p>Ronaldo Caiado, que vai botar a caravana presidencial na rua depois do Carnaval, faz uma dura avalia\u00e7\u00e3o dos dois primeiros anos de mandato de Lula. Para o governador de Goi\u00e1s,&hellip;<\/p>","protected":false},"author":1,"featured_media":87499,"comment_status":"closed","ping_status":"open","sticky":false,"template":"","format":"standard","meta":{"content-type":"","footnotes":""},"categories":[16],"tags":[123,2448,5313,1267],"class_list":["post-87498","post","type-post","status-publish","format-standard","has-post-thumbnail","hentry","category-noticias","tag-brasil","tag-diario","tag-noticia","tag-noticias"],"_links":{"self":[{"href":"https:\/\/tvbrazilusa.com\/pt\/wp-json\/wp\/v2\/posts\/87498","targetHints":{"allow":["GET"]}}],"collection":[{"href":"https:\/\/tvbrazilusa.com\/pt\/wp-json\/wp\/v2\/posts"}],"about":[{"href":"https:\/\/tvbrazilusa.com\/pt\/wp-json\/wp\/v2\/types\/post"}],"author":[{"embeddable":true,"href":"https:\/\/tvbrazilusa.com\/pt\/wp-json\/wp\/v2\/users\/1"}],"replies":[{"embeddable":true,"href":"https:\/\/tvbrazilusa.com\/pt\/wp-json\/wp\/v2\/comments?post=87498"}],"version-history":[{"count":1,"href":"https:\/\/tvbrazilusa.com\/pt\/wp-json\/wp\/v2\/posts\/87498\/revisions"}],"predecessor-version":[{"id":87500,"href":"https:\/\/tvbrazilusa.com\/pt\/wp-json\/wp\/v2\/posts\/87498\/revisions\/87500"}],"wp:featuredmedia":[{"embeddable":true,"href":"https:\/\/tvbrazilusa.com\/pt\/wp-json\/wp\/v2\/media\/87499"}],"wp:attachment":[{"href":"https:\/\/tvbrazilusa.com\/pt\/wp-json\/wp\/v2\/media?parent=87498"}],"wp:term":[{"taxonomy":"category","embeddable":true,"href":"https:\/\/tvbrazilusa.com\/pt\/wp-json\/wp\/v2\/categories?post=87498"},{"taxonomy":"post_tag","embeddable":true,"href":"https:\/\/tvbrazilusa.com\/pt\/wp-json\/wp\/v2\/tags?post=87498"}],"curies":[{"name":"wp","href":"https:\/\/api.w.org\/{rel}","templated":true}]}}