{"id":87504,"date":"2025-01-04T20:56:40","date_gmt":"2025-01-04T20:56:40","guid":{"rendered":"https:\/\/tvbrazilusa.com\/2025\/01\/04\/traficante-que-matou-jogador-apos-pisao-ja-ficou-preso-por-8-anos-e-esta-solto-desde-2024\/"},"modified":"2025-01-04T20:56:42","modified_gmt":"2025-01-04T20:56:42","slug":"traficante-que-matou-jogador-apos-pisao-ja-ficou-preso-por-8-anos-e-esta-solto-desde-2024","status":"publish","type":"post","link":"https:\/\/tvbrazilusa.com\/pt\/2025\/01\/04\/traficante-que-matou-jogador-apos-pisao-ja-ficou-preso-por-8-anos-e-esta-solto-desde-2024\/","title":{"rendered":"Traficante que matou jogador ap\u00f3s pis\u00e3o j\u00e1 ficou preso por 8 anos e est\u00e1 solto desde 2024"},"content":{"rendered":"<p> <script async src=\"https:\/\/pagead2.googlesyndication.com\/pagead\/js\/adsbygoogle.js?client=ca-pub-8864793242727901\"\r\n     crossorigin=\"anonymous\"><\/script><br \/>\n<\/p>\n<div id=\"taboola-read-more\" style=\"display:block; width:100%\">\n<p>O traficante M\u00e1rcio Lucas Rosa Sousa, 31 anos, apontado como autor dos disparos que mataram um jogador de futebol amador durante um baile funk na Baixada Fluminense j\u00e1 cumpriu oito anos de pris\u00e3o e estava solto desde janeiro de 2024, segundo a Pol\u00edcia Civil do Rio de Janeiro.\n<\/p>\n<p>De acordo com a corpora\u00e7\u00e3o, o criminoso possui condena\u00e7\u00f5es criminais por tr\u00e1fico e associa\u00e7\u00e3o para o tr\u00e1fico de drogas e roubo. A pol\u00edcia informa que ainda n\u00e3o localizou o traficante.<\/p>\n<p>O crime ocorreu na noite do R\u00e9veillon em Queimados, na Baixada Fluminense. A v\u00edtima, Kauan Galdino Flor\u00eancio Pereira, 18, teria pisado acidentalmente no p\u00e9 do traficante, que \u00e9 conhecido pelo apelido de Homem de Ferro.\n<\/p>\n<p>Segundo informa\u00e7\u00f5es passadas \u00e0 pol\u00edcia, Kauan chegou a pedir desculpas ao criminoso, mas ele n\u00e3o aceitou. O atleta foi levado \u00e0 parte alta do Morro S\u00e3o Sim\u00e3o e levou dois tiros, sendo um deles na cabe\u00e7a.\n<\/p>\n<p>O jogador, que atuava como goleiro, foi levado a uma Unidade de Pronto Atendimento (UPA) em Queimados e depois transferido para o Hospital Geral de Nova Igua\u00e7u. A morte cerebral foi constatada na noite da \u00faltima quinta-feira (2) e a fam\u00edlia foi comunicada na manh\u00e3 do dia seguinte.\n<\/p>\n<p>Ap\u00f3s a confirma\u00e7\u00e3o da morte cerebral, a fam\u00edlia autorizou a retirada dos \u00f3rg\u00e3os do atleta para doa\u00e7\u00e3o. Por conta do procedimento, ainda n\u00e3o foi definida uma data para o sepultamento do rapaz.\n<\/p>\n<p>O Hospital Geral de Nova Igua\u00e7u informou que a capta\u00e7\u00e3o dos \u00f3rg\u00e3os deve ser realizada neste s\u00e1bado (4). \u201cO cora\u00e7\u00e3o e o pulm\u00e3o n\u00e3o poder\u00e3o ser doados. Os demais \u00f3rg\u00e3os ser\u00e3o avaliados no momento da cirurgia pela equipe de capta\u00e7\u00e3o. Os \u00f3rg\u00e3os ser\u00e3o doados para pacientes que aguardam na fila de transplantes\u201d, informa o hospital.\n<\/p>\n<p>Fonte: CNN              <\/p>\n<\/div>\n<p><br \/>\n<br \/><a href=\"https:\/\/diariodobrasilnoticias.com.br\/noticia\/traficante-que-matou-jogador-apos-pisao-ja-ficou-preso-por-8-anos-e-esta-solto-desde-2024-67796ae575e5e\">Source link <\/a><\/p>","protected":false},"excerpt":{"rendered":"<p>O traficante M\u00e1rcio Lucas Rosa Sousa, 31 anos, apontado como autor dos disparos que mataram um jogador de futebol amador durante um baile funk na Baixada Fluminense j\u00e1 cumpriu oito&hellip;<\/p>","protected":false},"author":1,"featured_media":87505,"comment_status":"closed","ping_status":"open","sticky":false,"template":"","format":"standard","meta":{"content-type":"","footnotes":""},"categories":[16],"tags":[123,2448,5313,1267],"class_list":["post-87504","post","type-post","status-publish","format-standard","has-post-thumbnail","hentry","category-noticias","tag-brasil","tag-diario","tag-noticia","tag-noticias"],"_links":{"self":[{"href":"https:\/\/tvbrazilusa.com\/pt\/wp-json\/wp\/v2\/posts\/87504","targetHints":{"allow":["GET"]}}],"collection":[{"href":"https:\/\/tvbrazilusa.com\/pt\/wp-json\/wp\/v2\/posts"}],"about":[{"href":"https:\/\/tvbrazilusa.com\/pt\/wp-json\/wp\/v2\/types\/post"}],"author":[{"embeddable":true,"href":"https:\/\/tvbrazilusa.com\/pt\/wp-json\/wp\/v2\/users\/1"}],"replies":[{"embeddable":true,"href":"https:\/\/tvbrazilusa.com\/pt\/wp-json\/wp\/v2\/comments?post=87504"}],"version-history":[{"count":1,"href":"https:\/\/tvbrazilusa.com\/pt\/wp-json\/wp\/v2\/posts\/87504\/revisions"}],"predecessor-version":[{"id":87506,"href":"https:\/\/tvbrazilusa.com\/pt\/wp-json\/wp\/v2\/posts\/87504\/revisions\/87506"}],"wp:featuredmedia":[{"embeddable":true,"href":"https:\/\/tvbrazilusa.com\/pt\/wp-json\/wp\/v2\/media\/87505"}],"wp:attachment":[{"href":"https:\/\/tvbrazilusa.com\/pt\/wp-json\/wp\/v2\/media?parent=87504"}],"wp:term":[{"taxonomy":"category","embeddable":true,"href":"https:\/\/tvbrazilusa.com\/pt\/wp-json\/wp\/v2\/categories?post=87504"},{"taxonomy":"post_tag","embeddable":true,"href":"https:\/\/tvbrazilusa.com\/pt\/wp-json\/wp\/v2\/tags?post=87504"}],"curies":[{"name":"wp","href":"https:\/\/api.w.org\/{rel}","templated":true}]}}