{"id":87509,"date":"2025-01-04T21:14:59","date_gmt":"2025-01-04T21:14:59","guid":{"rendered":"https:\/\/tvbrazilusa.com\/2025\/01\/04\/urgente-helicoptero-com-cinco-pessoas-a-bordo-cai-em-santa-catarina\/"},"modified":"2025-01-04T21:15:01","modified_gmt":"2025-01-04T21:15:01","slug":"urgente-helicoptero-com-cinco-pessoas-a-bordo-cai-em-santa-catarina","status":"publish","type":"post","link":"https:\/\/tvbrazilusa.com\/pt\/2025\/01\/04\/urgente-helicoptero-com-cinco-pessoas-a-bordo-cai-em-santa-catarina\/","title":{"rendered":"Urgente : Helic\u00f3ptero com cinco pessoas a bordo cai em Santa Catarina"},"content":{"rendered":"<p> <script async src=\"https:\/\/pagead2.googlesyndication.com\/pagead\/js\/adsbygoogle.js?client=ca-pub-8864793242727901\"\r\n     crossorigin=\"anonymous\"><\/script><br \/>\n<\/p>\n<div id=\"taboola-read-more\" style=\"display:block; width:100%\">\n<p>Um helic\u00f3ptero caiu em Penha, no Litoral Norte de\u00a0<a href=\"https:\/\/www.metropoles.com\/tag\/santa-catarina\" target=\"_blank\" rel=\"noopener noreferrer\">Santa Catarina<\/a>, neste s\u00e1bado (4\/1). Ainda n\u00e3o se sabe o que provocou o acidente, registrado por volta das 14h, mas imagens mostram a aeronave bastante danificada no canteiro \u00e0s margens da rodovia SC-414, tamb\u00e9m conhecida como Transbeto.\n<\/p>\n<p>Inicialmente, os bombeiros citavam quatro pessoas estavam a bordo, mas logo a informa\u00e7\u00e3o foi corrigida para cinco. Tr\u00eas delas foram atendidas e apresentavam quadro cl\u00ednico est\u00e1vel. Outra relatava dores abdominais, suspeita de hemorragia interna e precisou ser levada ao hospital pelo Servi\u00e7o de Atendimento M\u00f3vel de Urg\u00eancia (Samu).<\/p>\n<p>Com informa\u00e7\u00f5es metr\u00f3poles\n<\/p>\n<p>\u00a0link video :<a href=\"https:\/\/x.com\/metropoles\/status\/1875610897718374479?s=46\">Metr\u00f3poles on X: &#8220;\ud83d\udea8 URGENTE Helic\u00f3ptero com cinco pessoas a bordo cai \u00e0s margens da Rodovia Transbeto em SC https:\/\/t.co\/2Ns1BaaFsG&#8221; \/ X<\/a>\n              <\/p>\n<\/div>\n<p><br \/>\n<br \/><a href=\"https:\/\/diariodobrasilnoticias.com.br\/noticia\/-urgente-helicoptero-com-cinco-pessoas-a-bordo-cai-em-santa-catarina-677991bb1c2a1\">Source link <\/a><\/p>","protected":false},"excerpt":{"rendered":"<p>Um helic\u00f3ptero caiu em Penha, no Litoral Norte de\u00a0Santa Catarina, neste s\u00e1bado (4\/1). Ainda n\u00e3o se sabe o que provocou o acidente, registrado por volta das 14h, mas imagens mostram&hellip;<\/p>","protected":false},"author":1,"featured_media":87510,"comment_status":"closed","ping_status":"open","sticky":false,"template":"","format":"standard","meta":{"content-type":"","footnotes":""},"categories":[16],"tags":[123,2448,5313,1267],"class_list":["post-87509","post","type-post","status-publish","format-standard","has-post-thumbnail","hentry","category-noticias","tag-brasil","tag-diario","tag-noticia","tag-noticias"],"_links":{"self":[{"href":"https:\/\/tvbrazilusa.com\/pt\/wp-json\/wp\/v2\/posts\/87509","targetHints":{"allow":["GET"]}}],"collection":[{"href":"https:\/\/tvbrazilusa.com\/pt\/wp-json\/wp\/v2\/posts"}],"about":[{"href":"https:\/\/tvbrazilusa.com\/pt\/wp-json\/wp\/v2\/types\/post"}],"author":[{"embeddable":true,"href":"https:\/\/tvbrazilusa.com\/pt\/wp-json\/wp\/v2\/users\/1"}],"replies":[{"embeddable":true,"href":"https:\/\/tvbrazilusa.com\/pt\/wp-json\/wp\/v2\/comments?post=87509"}],"version-history":[{"count":1,"href":"https:\/\/tvbrazilusa.com\/pt\/wp-json\/wp\/v2\/posts\/87509\/revisions"}],"predecessor-version":[{"id":87511,"href":"https:\/\/tvbrazilusa.com\/pt\/wp-json\/wp\/v2\/posts\/87509\/revisions\/87511"}],"wp:featuredmedia":[{"embeddable":true,"href":"https:\/\/tvbrazilusa.com\/pt\/wp-json\/wp\/v2\/media\/87510"}],"wp:attachment":[{"href":"https:\/\/tvbrazilusa.com\/pt\/wp-json\/wp\/v2\/media?parent=87509"}],"wp:term":[{"taxonomy":"category","embeddable":true,"href":"https:\/\/tvbrazilusa.com\/pt\/wp-json\/wp\/v2\/categories?post=87509"},{"taxonomy":"post_tag","embeddable":true,"href":"https:\/\/tvbrazilusa.com\/pt\/wp-json\/wp\/v2\/tags?post=87509"}],"curies":[{"name":"wp","href":"https:\/\/api.w.org\/{rel}","templated":true}]}}