{"id":87512,"date":"2025-01-04T21:27:37","date_gmt":"2025-01-04T21:27:37","guid":{"rendered":"https:\/\/tvbrazilusa.com\/2025\/01\/04\/lula-supera-bolsonaro-e-rejeita-mais-pedidos-de-acesso-a-informacao\/"},"modified":"2025-01-04T21:27:38","modified_gmt":"2025-01-04T21:27:38","slug":"lula-supera-bolsonaro-e-rejeita-mais-pedidos-de-acesso-a-informacao","status":"publish","type":"post","link":"https:\/\/tvbrazilusa.com\/pt\/2025\/01\/04\/lula-supera-bolsonaro-e-rejeita-mais-pedidos-de-acesso-a-informacao\/","title":{"rendered":"Lula supera Bolsonaro e rejeita mais pedidos de acesso \u00e0 informa\u00e7\u00e3o"},"content":{"rendered":"<p> <script async src=\"https:\/\/pagead2.googlesyndication.com\/pagead\/js\/adsbygoogle.js?client=ca-pub-8864793242727901\"\r\n     crossorigin=\"anonymous\"><\/script><br \/>\n<\/p>\n<div id=\"taboola-read-more\" style=\"display:block; width:100%\">\n<p>As negativas a pedidos feitos via\u00a0<a href=\"https:\/\/12ft.io\/proxy?q=https%3A%2F%2Fwww.poder360.com.br%2Fbrasil%2Flei-de-acesso-a-informacao-completa-10-anos-saiba-como-foi-criada%2F\" target=\"_parent\">LAI<\/a>\u00a0(Lei de Acesso \u00e0 Informa\u00e7\u00e3o) nos 2 primeiros anos do governo do presidente\u00a0<a href=\"https:\/\/12ft.io\/proxy?q=https%3A%2F%2Fmonitor.poder360.com.br%2Fpoliticos-do-brasil%2F929674%2FLULA%3Fano%3D2022\" target=\"_parent\">Luiz In\u00e1cio Lula da Silva<\/a>\u00a0(PT) superam as do mesmo per\u00edodo de\u00a0<a href=\"https:\/\/12ft.io\/proxy?q=https%3A%2F%2Fmonitor.poder360.com.br%2Fpoliticos-do-brasil%2F630212%2FJAIR-BOLSONARO%3Fano%3D2022\" target=\"_parent\">Jair Bolsonaro<\/a>\u00a0(PL) no poder.\n<\/p>\n<p>Em 2023 e 2024, depois de o petista assumir o Planalto pela 3\u00aa vez, 7,9% das solicita\u00e7\u00f5es foram rejeitadas. Em 2019 e 2020, essa taxa havia sido de 7,7%.<\/p>\n<p>O dado do acumulado do governo Lula foi impulsionado pelas negativas feitas em 2024. No ano passado, 8,2% dos pedidos foram rejeitados. Em 2023, haviam sido 7,7%.\n<\/p>\n<p>A Controladoria Geral da Uni\u00e3o diz que essa alta se deve a solicita\u00e7\u00f5es feitas ao\u00a0<a href=\"https:\/\/12ft.io\/proxy?q=https%3A%2F%2Fwww.gov.br%2Finep%2Fpt-br\" target=\"_parent\">Inep<\/a>\u00a0(Instituto Nacional de Estudos e Pesquisas Educacionais An\u00edsio Teixeira) referentes a boletins de candidatos que fizeram o\u00a0<a href=\"https:\/\/12ft.io\/proxy?q=https%3A%2F%2Fwww.gov.br%2Finep%2Fpt-br%2Fareas-de-atuacao%2Favaliacao-e-exames-educacionais%2Fenem\" target=\"_parent\">Enem<\/a>\u00a0(Exame Nacional do Ensino M\u00e9dio). Como h\u00e1 dados pessoais nesses cart\u00f5es, as informa\u00e7\u00f5es s\u00f3 podem ser repassadas ao pr\u00f3prio aluno, desde que comprove sua identidade.\n<\/p>\n<p>Com informa\u00e7\u00f5es poder 360              <\/p>\n<\/div>\n<p><br \/>\n<br \/><a href=\"https:\/\/diariodobrasilnoticias.com.br\/noticia\/lula-supera-bolsonaro-e-rejeita-mais-pedidos-de-acesso-a-informacao-677996fc4a5cf\">Source link <\/a><\/p>","protected":false},"excerpt":{"rendered":"<p>As negativas a pedidos feitos via\u00a0LAI\u00a0(Lei de Acesso \u00e0 Informa\u00e7\u00e3o) nos 2 primeiros anos do governo do presidente\u00a0Luiz In\u00e1cio Lula da Silva\u00a0(PT) superam as do mesmo per\u00edodo de\u00a0Jair Bolsonaro\u00a0(PL) no&hellip;<\/p>","protected":false},"author":1,"featured_media":87513,"comment_status":"closed","ping_status":"open","sticky":false,"template":"","format":"standard","meta":{"content-type":"","footnotes":""},"categories":[16],"tags":[123,2448,5313,1267],"class_list":["post-87512","post","type-post","status-publish","format-standard","has-post-thumbnail","hentry","category-noticias","tag-brasil","tag-diario","tag-noticia","tag-noticias"],"_links":{"self":[{"href":"https:\/\/tvbrazilusa.com\/pt\/wp-json\/wp\/v2\/posts\/87512","targetHints":{"allow":["GET"]}}],"collection":[{"href":"https:\/\/tvbrazilusa.com\/pt\/wp-json\/wp\/v2\/posts"}],"about":[{"href":"https:\/\/tvbrazilusa.com\/pt\/wp-json\/wp\/v2\/types\/post"}],"author":[{"embeddable":true,"href":"https:\/\/tvbrazilusa.com\/pt\/wp-json\/wp\/v2\/users\/1"}],"replies":[{"embeddable":true,"href":"https:\/\/tvbrazilusa.com\/pt\/wp-json\/wp\/v2\/comments?post=87512"}],"version-history":[{"count":1,"href":"https:\/\/tvbrazilusa.com\/pt\/wp-json\/wp\/v2\/posts\/87512\/revisions"}],"predecessor-version":[{"id":87514,"href":"https:\/\/tvbrazilusa.com\/pt\/wp-json\/wp\/v2\/posts\/87512\/revisions\/87514"}],"wp:featuredmedia":[{"embeddable":true,"href":"https:\/\/tvbrazilusa.com\/pt\/wp-json\/wp\/v2\/media\/87513"}],"wp:attachment":[{"href":"https:\/\/tvbrazilusa.com\/pt\/wp-json\/wp\/v2\/media?parent=87512"}],"wp:term":[{"taxonomy":"category","embeddable":true,"href":"https:\/\/tvbrazilusa.com\/pt\/wp-json\/wp\/v2\/categories?post=87512"},{"taxonomy":"post_tag","embeddable":true,"href":"https:\/\/tvbrazilusa.com\/pt\/wp-json\/wp\/v2\/tags?post=87512"}],"curies":[{"name":"wp","href":"https:\/\/api.w.org\/{rel}","templated":true}]}}