{"id":87515,"date":"2025-01-04T21:14:00","date_gmt":"2025-01-04T21:14:00","guid":{"rendered":"https:\/\/tvbrazilusa.com\/2025\/01\/04\/o-que-se-espera-que-os-patriots-facam-se-mantiverem-jerod-mayo\/"},"modified":"2025-01-04T21:34:00","modified_gmt":"2025-01-04T21:34:00","slug":"o-que-se-espera-que-os-patriots-facam-se-mantiverem-jerod-mayo","status":"publish","type":"post","link":"https:\/\/tvbrazilusa.com\/pt\/2025\/01\/04\/o-que-se-espera-que-os-patriots-facam-se-mantiverem-jerod-mayo\/","title":{"rendered":"O que se espera que os Patriots fa\u00e7am se mantiverem Jerod Mayo"},"content":{"rendered":"<p> <script async src=\"https:\/\/pagead2.googlesyndication.com\/pagead\/js\/adsbygoogle.js?client=ca-pub-8864793242727901\"\r\n     crossorigin=\"anonymous\"><\/script><br \/>\n<\/p>\n<div id=\"\">\n<header class=\"m-article-header m-article-header--standard\">\n\t\t\t\t\t\t\t\t\t\t\t\t<span id=\"article-header-primary-term\"><br \/>\n\t\t\t\t\t\t\t\t<a class=\"a-term a-term--primary\" href=\"https:\/\/www.boston.com\/tag\/new-england-patriots\/\"><\/p>\n<p>\t\t\t\t\t\t\t\tPatriotas\t\t\t\t\t\t\t\t<\/a><br \/>\n\t\t\t\t\t\t\t<\/span><\/p>\n<h2 class=\"m-article-header__sub-headline\">Ainda n\u00e3o est\u00e1 claro se os Patriots manter\u00e3o Mayo.<\/h2>\n<figure class=\"a-photo m-article-header__photo\"><figcaption class=\"a-photo__caption\">\n<p>\tJerod Mayo pode ter treinadores diferentes ao seu redor se permanecer no Patriots em 2025. <em> (Danielle Parhizkaran\/Equipe do Globo)<\/em>\t<\/figcaption><\/figure>\n<div class=\"m-article-header__meta\">\n<div class=\"m-article-header__byline\">\n<p class=\"m-article-header__author\">\n<p>\t\t\t\t\t\t\t\tPor <a class=\"a-link a-link--inline\" href=\"https:\/\/www.boston.com\/author\/conor-roche\/\">Conor Roche<\/a>\t\t\t\t\t\t\t<\/p>\n<p>\t\t\t\t\t\t\t\t\t\t\t\t\t\t\t<time class=\"m-article-header__date\"><\/p>\n<p>\t\t\t\t\t\t\t\t\t4 de janeiro de 2025 | 16h14\t\t\t\t\t\t\t\t<\/time><\/p>\n<p><span>3 minutos para ler<\/span><\/p>\n<\/p><\/div>\n<\/p><\/div>\n<\/header>\n<p>Ainda n\u00e3o se sabe se Jerod Mayo retornar\u00e1 como t\u00e9cnico dos Patriots em 2025. Se voltar, pode haver algumas mudan\u00e7as ao seu redor. <\/p>\n<p>Caso os Patriots mantenham Mayo, espera-se que ele acrescente mais alguns treinadores veteranos \u00e0 sua equipe, <a href=\"https:\/\/www.cbssports.com\/nfl\/news\/nfl-coaching-carousel-insider-hot-seat-rundown-from-mike-mccarthys-cowboys-future-to-mike-vrabels-next-job\/\" target=\"_blank\" rel=\"noreferrer noopener\">Jonathan Jones, da CBS Sports, relatou no s\u00e1bado<\/a>. Espera-se que os Patriots mantenham Mayo, embora a recente derrapagem da Nova Inglaterra tenha complicado as coisas, de acordo com Jones.<\/p>\n<p>Foi relatado anteriormente ao longo da temporada que se esperava que os Patriots mantivessem Mayo para a temporada de 2025, independentemente de como foi 2024. Mas o New England est\u00e1 no meio de uma seq\u00fc\u00eancia de seis derrotas consecutivas, sofrendo tr\u00eas derrotas por pelo menos 13 pontos nesse per\u00edodo. <\/p>\n<p>Tamb\u00e9m houve d\u00favidas sobre a cultura dos Patriots sob Mayo. Enquanto os torcedores gritavam para o time demitir Mayo no segundo tempo da derrota para o Chargers na semana passada, tr\u00eas jogadores criticaram os torcedores enquanto apoiavam seu treinador principal. <\/p>\n<p>Os Patriots ainda n\u00e3o disseram publicamente se Mayo retornar\u00e1 em 2025. Mayo tamb\u00e9m ainda n\u00e3o conversou com a equipe sobre se teria a palavra final sobre as decis\u00f5es de pessoal para a pr\u00f3xima temporada. <a href=\"https:\/\/www.boston.com\/sports\/new-england-patriots\/2025\/01\/03\/patriots-jerod-mayo-coaching-staff-changes\/\" target=\"_blank\" rel=\"noreferrer noopener\">ele compartilhou sexta-feira<\/a>. <\/p>\n<p>\u201c\u00c9 a primeira vez que chego ao final de uma temporada\u201d, disse Mayo aos rep\u00f3rteres quando questionado se qualquer mudan\u00e7a na equipe seria apenas sua. \u201cEnt\u00e3o, como eu disse, tenho estado em constante comunica\u00e7\u00e3o com os propriet\u00e1rios e tenho certeza de que essas conversas ser\u00e3o mantidas.\u201d<\/p>\n<p>O coordenador ofensivo do Patriots, Alex Van Pelt, aparentemente tem sido o principal nome na berlinda entre os assistentes t\u00e9cnicos, em parte por causa dos coment\u00e1rios que Mayo fez ap\u00f3s a derrota para os Cardinals. Mas se pretenderem adicionar treinadores veteranos \u00e0 equipa, alguns outros treinadores poder\u00e3o correr o risco de perder os seus empregos. DeMarcus Covington est\u00e1 em sua primeira temporada como coordenador defensivo da NFL. Outros tr\u00eas treinadores tamb\u00e9m est\u00e3o em sua primeira temporada atuando como t\u00e9cnico principal de um grupo posicional. <\/p>\n<p>Al\u00e9m disso, espera-se que Bill Belichick contrate membros da organiza\u00e7\u00e3o dos Patriots para se juntarem a ele na Carolina do Norte, enquanto provavelmente haver\u00e1 mais mudan\u00e7as na equipe do departamento de pessoal de jogadores da Nova Inglaterra sob o comando de Eliot Wolf, informou Jones. <\/p>\n<p>Quando Belichick foi contratado pela UNC, Mayo disse que <a href=\"https:\/\/www.boston.com\/sports\/new-england-patriots\/2024\/12\/13\/jerod-mayo-bill-belichick-unc-north-carolina-head-coach-patriots\/\" target=\"_blank\" rel=\"noreferrer noopener\">ele n\u00e3o esperava perder nenhum treinador de sua equipe<\/a> ao ex-t\u00e9cnico do Patriots em Chapel Hill. Jones observou que os membros dos Patriots que Belichick poderia contratar podem ser da equipe de treinamento, for\u00e7a ou pessoal.<\/p>\n<p>Enquanto isso, Wolf est\u00e1 encerrando sua primeira temporada como vice-presidente executivo de pessoal de jogadores do Patriots. Embora tenha sido o gerente geral de fato dos Patriots nas etapas importantes da \u00faltima offseason, Wolf n\u00e3o foi promovido a esse cargo at\u00e9 maio. Alonzo Highsmith foi a \u00fanica contrata\u00e7\u00e3o not\u00e1vel para o departamento de pessoal dos Patriots na \u00faltima offseason, juntando-se \u00e0 equipe como executivo s\u00eanior de pessoal. <\/p>\n<p>Com os Patriots em 3-13, Wolf certamente ter\u00e1 um trabalho dif\u00edcil nesta entressafra. Ele tamb\u00e9m sabe disso.<\/p>\n<p>\u201cTemos 3-13 anos, ent\u00e3o n\u00e3o somos bons o suficiente. Vamos come\u00e7ar por a\u00ed. T\u00ednhamos muitas necessidades. Eu diria que, pessoalmente, o que eu esperava era talvez um pouco mais de desenvolvimento interno, o que \u00e9 uma boa li\u00e7\u00e3o certamente para o pr\u00f3ximo ano, e que nem sempre voc\u00ea pode confiar nisso.\u201d <a href=\"https:\/\/www.foxsports.com\/stories\/nfl\/inside-drake-mayes-rookie-year-were-going-have-tom-brady-story-again\" target=\"_blank\" rel=\"noreferrer noopener\">Wolf disse a Henry McKenna da Fox Sports<\/a> sobre o que deu errado em 2024. \u201cOs recebedores novatos n\u00e3o tinham muito para n\u00f3s. E, voc\u00ea sabe, [Ja\u2019Lynn] Polk era, em nossa opini\u00e3o, uma esp\u00e9cie de plug-and-play. \u2026 Em \u00faltima an\u00e1lise, para responder \u00e0 sua pergunta, o nosso registo fala por si. N\u00e3o fizemos o suficiente.\u201d<\/p>\n<div class=\"m-block m-generic-cta\t m-generic-cta--post-content\t m-generic-cta--dark\t m-generic-cta--homepage\t m-generic-cta--email-signup\t\t m-generic-cta-block-style--default \tt-amp__generic-cta\"><\/p>\n<div class=\"m-generic-cta__wrap\">\n<div class=\"m-generic-cta__content\">\n<h3 class=\"m-generic-cta__title\">Inscreva-se para receber atualiza\u00e7\u00f5es do Patriots\ud83c\udfc8<\/h3>\n<p class=\"m-generic-cta__subtitle\">Receba as \u00faltimas not\u00edcias e an\u00e1lises em sua caixa de entrada durante a temporada de futebol.<\/p>\n<\/p><\/div>\n<\/p><\/div>\n<\/div><\/div>\n<p><script>\n\t\tvar consent=\"grant\";\n\t\t\/* The above code is parsing the JSON data from the local storage and storing it in a variable. *\/\n\t\t\t\t\tconst onetrustStorageConsent = JSON.parse(localStorage.getItem( 'consent_one_trust_bdc' ) );\n\t\t\tif ( ( onetrustStorageConsent !== null ) ) {\n\t\t\t\t\/* Checking to see if the user has consented to the use of cookies.\n\t\t\t\t* If they have not, it is deleting the cookie.\n\t\t\t\t* This will comment for now, until further notice.\n\t\t\t\t*\/\n\t\t\t\t\/\/if ( onetrustStorageConsent.C0002 === false ) {\n\t\t\t\t\/\/\tdocument.cookie=\"_fbp=;expires=Thu, 01 Jan 2010 00:00:00 UTC; path=\/; domain=.boston.com\";\n\t\t\t\t\/\/}\n\t\t\t\t\/* Checking if the user has given consent for the cookie C0002.\n\t\t\t\t* If the user has given consent, the variable consent will be set to 'grant'.\n\t\t\t\t* If the user has not given consent,the variable consent will be set to 'revoke'.\n\t\t\t\t* Documentation https:\/\/developers.facebook.com\/docs\/meta-pixel\/implementation\/gdpr\n\t\t\t\t*\/\n\t\t\t\tif ( onetrustStorageConsent.C0002 !== true ) {\n\t\t\t\t\tconsent=\"revoke\";\n\t\t\t\t}\n\t\t\t}\n\t\t\t\t!function(f,b,e,v,n,t,s)\n\t\t{if(f.fbq)return;n=f.fbq=function(){n.callMethod?\n\t\tn.callMethod.apply(n,arguments):n.queue.push(arguments)};\n\t\tif(!f._fbq)f._fbq=n;n.push=n;n.loaded=!0;n.version='2.0';\n\t\tn.queue=[];t=b.createElement(e);t.async=!0;\n\t\tt.src=v;s=b.getElementsByTagName(e)[0];\n\t\ts.parentNode.insertBefore(t,s)}(window, document,'script',\n\t\t'https:\/\/connect.facebook.net\/en_US\/fbevents.js');\n\t\tfbq('consent', consent);\n\t\tfbq('init', '989222871864976');\n\t\tfbq('track', 'PageView');\n\t<\/script><script type=\"module\">\n\t\tvar consent=\"grant\";\n\t\t\/* The above code is parsing the JSON data from the local storage and storing it in a variable. *\/\n\t\t\tconst onetrustStorageConsent = JSON.parse(localStorage.getItem( 'consent_one_trust_bdc' ) );\n\t\t\t\/* Checking to see if the user has consented to the use of cookies.\n\t\t\t* If they have not, it is deleting the cookie.\n\t\t\t* This will comment for now, until further notice.\n\t\t\t*\/\n\t\t\t\/\/if ( onetrustStorageConsent.C0002 === false ) {\n\t\t\t\/\/\tdocument.cookie=\"_fbp=;expires=Thu, 01 Jan 2010 00:00:00 UTC; path=\/; domain=.boston.com\";\n\t\t\t\/\/}\n\t\t\t\/* Checking if the user has given consent for the cookie C0002.\n\t\t\t* If the user has given consent, the variable consent will be set to 'grant'.\n\t\t\t* If the user has not given consent,the variable consent will be set to 'revoke'.\n\t\t\t* Documentation https:\/\/developers.facebook.com\/docs\/meta-pixel\/implementation\/gdpr\n\t\t\t*\/\n\t\t\tif ( ( onetrustStorageConsent !== null ) && (onetrustStorageConsent.C0002 !== true ) ) {\n\t\t\t\tconsent=\"revoke\";\n\t\t\t}\n\t\t\t\t!function(f,b,e,v,n,t,s){if(f.fbq)return;n=f.fbq=function()\n\t\t{n.callMethod? n.callMethod.apply(n,arguments):n.queue.push(arguments)}\n\t\t;if(!f._fbq)f._fbq=n;\n\t\tn.push=n;n.loaded=!0;n.version='2.0';n.queue=[];t=b.createElement(e);t.async=!0;\n\t\tt.src=v;s=b.getElementsByTagName(e)[0];s.parentNode.insertBefore(t,s)}(window,\n\t\tdocument,'script','https:\/\/connect.facebook.net\/en_US\/fbevents.js');\n\t\tfbq('consent', consent);\n\t\tfbq('init', '813236348753005');\n\t\tfbq('track', \"PageView\");\n\t<\/script><br \/>\n<br \/><br \/>\n<br \/><a href=\"https:\/\/www.boston.com\/sports\/new-england-patriots\/2025\/01\/04\/patriots-jerod-mayo-hot-seat-assistant-coaches-rumors\/\">Source link <\/a><\/p>","protected":false},"excerpt":{"rendered":"<p>Patriotas Ainda n\u00e3o est\u00e1 claro se os Patriots manter\u00e3o Mayo. Jerod Mayo pode ter treinadores diferentes ao seu redor se permanecer no Patriots em 2025. (Danielle Parhizkaran\/Equipe do Globo) Por&hellip;<\/p>","protected":false},"author":1,"featured_media":87516,"comment_status":"closed","ping_status":"open","sticky":false,"template":"","format":"standard","meta":{"content-type":"","footnotes":""},"categories":[1],"tags":[],"class_list":["post-87515","post","type-post","status-publish","format-standard","has-post-thumbnail","hentry","category-uncategorized"],"_links":{"self":[{"href":"https:\/\/tvbrazilusa.com\/pt\/wp-json\/wp\/v2\/posts\/87515","targetHints":{"allow":["GET"]}}],"collection":[{"href":"https:\/\/tvbrazilusa.com\/pt\/wp-json\/wp\/v2\/posts"}],"about":[{"href":"https:\/\/tvbrazilusa.com\/pt\/wp-json\/wp\/v2\/types\/post"}],"author":[{"embeddable":true,"href":"https:\/\/tvbrazilusa.com\/pt\/wp-json\/wp\/v2\/users\/1"}],"replies":[{"embeddable":true,"href":"https:\/\/tvbrazilusa.com\/pt\/wp-json\/wp\/v2\/comments?post=87515"}],"version-history":[{"count":1,"href":"https:\/\/tvbrazilusa.com\/pt\/wp-json\/wp\/v2\/posts\/87515\/revisions"}],"predecessor-version":[{"id":87517,"href":"https:\/\/tvbrazilusa.com\/pt\/wp-json\/wp\/v2\/posts\/87515\/revisions\/87517"}],"wp:featuredmedia":[{"embeddable":true,"href":"https:\/\/tvbrazilusa.com\/pt\/wp-json\/wp\/v2\/media\/87516"}],"wp:attachment":[{"href":"https:\/\/tvbrazilusa.com\/pt\/wp-json\/wp\/v2\/media?parent=87515"}],"wp:term":[{"taxonomy":"category","embeddable":true,"href":"https:\/\/tvbrazilusa.com\/pt\/wp-json\/wp\/v2\/categories?post=87515"},{"taxonomy":"post_tag","embeddable":true,"href":"https:\/\/tvbrazilusa.com\/pt\/wp-json\/wp\/v2\/tags?post=87515"}],"curies":[{"name":"wp","href":"https:\/\/api.w.org\/{rel}","templated":true}]}}