{"id":87518,"date":"2025-01-04T21:40:42","date_gmt":"2025-01-04T21:40:42","guid":{"rendered":"https:\/\/tvbrazilusa.com\/2025\/01\/04\/eleitora-de-lula-utilizou-as-redes-sociais-para-expressar-arrependimento-por-ter-votado-nele-nas-eleicoes-presidenciais-de-2022-e-pede-perdao-a-bolsonaristas-veja-video\/"},"modified":"2025-01-04T21:40:42","modified_gmt":"2025-01-04T21:40:42","slug":"eleitora-de-lula-utilizou-as-redes-sociais-para-expressar-arrependimento-por-ter-votado-nele-nas-eleicoes-presidenciais-de-2022-e-pede-perdao-a-bolsonaristas-veja-video","status":"publish","type":"post","link":"https:\/\/tvbrazilusa.com\/pt\/2025\/01\/04\/eleitora-de-lula-utilizou-as-redes-sociais-para-expressar-arrependimento-por-ter-votado-nele-nas-eleicoes-presidenciais-de-2022-e-pede-perdao-a-bolsonaristas-veja-video\/","title":{"rendered":"Eleitora de LULA utilizou as redes sociais para expressar arrependimento por ter votado nele nas elei\u00e7\u00f5es presidenciais de 2022 e pede perd\u00e3o a Bolsonaristas; VEJA VIDEO"},"content":{"rendered":"<p> <script async src=\"https:\/\/pagead2.googlesyndication.com\/pagead\/js\/adsbygoogle.js?client=ca-pub-8864793242727901\"\r\n     crossorigin=\"anonymous\"><\/script><br \/>\n<\/p>\n<div id=\"taboola-read-more\" style=\"display:block; width:100%\">\n<p>Uma mulher utilizou as redes sociais para expressar arrependimento por ter votado em Luiz In\u00e1cio Lula da Silva (PT) nas elei\u00e7\u00f5es presidenciais de 2022. Em um v\u00eddeo que ganhou repercuss\u00e3o, ela admitiu ter feito o \u201cL\u201d em apoio ao atual presidente, mas afirmou estar decepcionada com os rumos do pa\u00eds sob a gest\u00e3o de Lula.<\/p>\n<p>No relato, ela conta que se arrependeu profundamente ao perceber que \u201co Brasil est\u00e1 pior com o Lula\u201d. A mulher mencionou que t\u00eam enfrentado dificuldades ap\u00f3s ter o benef\u00edcio do Bolsa Fam\u00edlia cortado e reclamou do aumento nos pre\u00e7os da conta de luz e dos alimentos nos supermercados. A idosa afirma que est\u00e1 tudo muito mais dif\u00edcil neste terceiro mandato do l\u00edder petista.<\/p>\n<p>Al\u00e9m de criticar a administra\u00e7\u00e3o petista, ela tamb\u00e9m pediu perd\u00e3o ao ex-presidente Jair Bolsonaro e \u00e0 ex-primeira-dama Michele Bolsonaro. A mulher afirmou n\u00e3o apoiar mais o Partido dos Trabalhadores, Lula ou qualquer movimento de esquerda, alegando que agora se alinha \u00e0 direita.\n<\/p>\n<p>CONEX\u00c3O POLITICA<\/p>\n<p>link video:<a href=\"https:\/\/www.instagram.com\/reel\/DEZ_rovORIz\/?utm_source=ig_web_copy_link\">https:\/\/www.instagram.com\/reel\/DEZ_rovORIz\/?utm_source=ig_web_copy_link<\/a>\n<\/p>\n<p><a href=\"https:\/\/www.instagram.com\/reel\/DEZ_rovORIz\/?utm_source=ig_web_copy_link\">https:\/\/www.instagram.com\/reel\/DEZ_rovORIz\/?utm_source=ig_web_copy_link<\/a>\n<\/p>\n<p><img decoding=\"async\" src=\"https:\/\/www.instagram.com\/reel\/DEZ_rovORIz\/?utm_source=ig_web_copy_link\" alt=\"\"\/>\n              <\/p>\n<\/div>\n<p><script async src=\"\/\/www.instagram.com\/embed.js\"><\/script><br \/>\n<br \/><br \/>\n<br \/><a href=\"https:\/\/diariodobrasilnoticias.com.br\/noticia\/eleitora-de-lula-utilizou-as-redes-sociais-para-expressar-arrependimento-por-ter-votado-nele-nas-eleicoes-presidenciais-de-2022-e-pede-perdao-a-bolsonaristas-veja-video-6779a7571c9a9\">Source link <\/a><\/p>","protected":false},"excerpt":{"rendered":"<p>Uma mulher utilizou as redes sociais para expressar arrependimento por ter votado em Luiz In\u00e1cio Lula da Silva (PT) nas elei\u00e7\u00f5es presidenciais de 2022. Em um v\u00eddeo que ganhou repercuss\u00e3o,&hellip;<\/p>","protected":false},"author":1,"featured_media":0,"comment_status":"","ping_status":"open","sticky":false,"template":"","format":"standard","meta":{"content-type":"","footnotes":""},"categories":[16],"tags":[123,2448,5313,1267],"class_list":["post-87518","post","type-post","status-publish","format-standard","hentry","category-noticias","tag-brasil","tag-diario","tag-noticia","tag-noticias"],"_links":{"self":[{"href":"https:\/\/tvbrazilusa.com\/pt\/wp-json\/wp\/v2\/posts\/87518","targetHints":{"allow":["GET"]}}],"collection":[{"href":"https:\/\/tvbrazilusa.com\/pt\/wp-json\/wp\/v2\/posts"}],"about":[{"href":"https:\/\/tvbrazilusa.com\/pt\/wp-json\/wp\/v2\/types\/post"}],"author":[{"embeddable":true,"href":"https:\/\/tvbrazilusa.com\/pt\/wp-json\/wp\/v2\/users\/1"}],"replies":[{"embeddable":true,"href":"https:\/\/tvbrazilusa.com\/pt\/wp-json\/wp\/v2\/comments?post=87518"}],"version-history":[{"count":0,"href":"https:\/\/tvbrazilusa.com\/pt\/wp-json\/wp\/v2\/posts\/87518\/revisions"}],"wp:attachment":[{"href":"https:\/\/tvbrazilusa.com\/pt\/wp-json\/wp\/v2\/media?parent=87518"}],"wp:term":[{"taxonomy":"category","embeddable":true,"href":"https:\/\/tvbrazilusa.com\/pt\/wp-json\/wp\/v2\/categories?post=87518"},{"taxonomy":"post_tag","embeddable":true,"href":"https:\/\/tvbrazilusa.com\/pt\/wp-json\/wp\/v2\/tags?post=87518"}],"curies":[{"name":"wp","href":"https:\/\/api.w.org\/{rel}","templated":true}]}}