{"id":87522,"date":"2025-01-04T21:52:49","date_gmt":"2025-01-04T21:52:49","guid":{"rendered":"https:\/\/tvbrazilusa.com\/2025\/01\/04\/vini-jr-pode-sofrer-gancho-de-ate-12-jogos-por-agressao-a-goleiro\/"},"modified":"2025-01-04T21:52:51","modified_gmt":"2025-01-04T21:52:51","slug":"vini-jr-pode-sofrer-gancho-de-ate-12-jogos-por-agressao-a-goleiro","status":"publish","type":"post","link":"https:\/\/tvbrazilusa.com\/pt\/2025\/01\/04\/vini-jr-pode-sofrer-gancho-de-ate-12-jogos-por-agressao-a-goleiro\/","title":{"rendered":"Vini Jr. pode sofrer gancho de at\u00e9 12 jogos por agress\u00e3o a goleiro"},"content":{"rendered":"<p> <script async src=\"https:\/\/pagead2.googlesyndication.com\/pagead\/js\/adsbygoogle.js?client=ca-pub-8864793242727901\"\r\n     crossorigin=\"anonymous\"><\/script><br \/>\n<\/p>\n<div>\n<figure class=\"post-image\">\n<\/figure>\n<p>            <span style=\"font-size: 12px\">Foto: REPRODU\u00c7\u00c3O &#8220;Metr\u00f3poles&#8221;<\/span><\/p>\n<p>            <!-- end metas --><br \/>\n            <!-- ADS --><\/p>\n<div id=\"taboola-read-more\" style=\"display:block; width:100%\">\n<p>O atacante brasileiro Vin\u00edcius J\u00fanior, do Real Madrid, pode pegar um gancho de at\u00e9 12 jogos ap\u00f3s ser\u00a0<a href=\"https:\/\/www.metropoles.com\/esportes\/video-vini-jr-expulsao-real-madrid-valencia\">expulso na partida contra o Val\u00eancia<\/a>, na \u00faltima sexta-feira (3\/1). Vini recebeu um cart\u00e3o vermelho ap\u00f3s acertar um tapa no goleiro Dimitrievski.\n<\/p>\n<p>Segundo o artigo 103 do C\u00f3digo Disciplinar da Real Federa\u00e7\u00e3o de Futebol da Espanha (RFEF), a san\u00e7\u00e3o m\u00ednima seria uma aus\u00eancia de quatro partidas consecutivas. Caso seja penalizado,\u00a0<a href=\"https:\/\/www.metropoles.com\/tag\/vinicius-junior\" target=\"_blank\" rel=\"noopener noreferrer\">Vini Jr.<\/a>\u00a0perderia o embate diante do Deportivo Minera pela Copa do Rei.<\/p>\n<p>O\u00a0<a href=\"https:\/\/www.tiktok.com\/@metropolesesportes\/video\/7453886550028455173\" target=\"_blank\" rel=\"noopener noreferrer\">time<\/a>\u00a0teme ainda que o brasileiro tamb\u00e9m seja desfalque nos dois confrontos com o Mallorca pelas semifinais da Supercopa da Espanha. A suspens\u00e3o se estenderia para a Copa do Rei se o\u00a0<a href=\"https:\/\/www.metropoles.com\/tag\/real-madrid\" target=\"_blank\" rel=\"noopener noreferrer\">Real Madrid<\/a>\u00a0avan\u00e7ar de fase. A pena m\u00e1xima, por\u00e9m, \u00e9 de 12 jogos.\n<\/p>\n<p>Ap\u00f3s a expuls\u00e3o, o Real Madrid ainda conseguiu a virada, com gols de Modric e Bellingham e alcan\u00e7ou a lideran\u00e7a do Campeonato Espanhol, agora com 43 pontos. Depois do jogo, Vini Jr. pediu desculpas aos companheiros.\n<\/p>\n<p>Com informa\u00e7\u00f5es metr\u00f3poles.              <\/p>\n<\/div>\n<p>                        <!-- Scripts para conteudo --><\/p>\n<p>            <!-- .\/Scripts para conteudo --><br \/>\n            <!-- .\/Mat\u00e9ria --><\/p>\n<div class=\"row mt-3\">\n<div class=\"col-sm-6\">\n                <!-- Whatsapp channel 3--><br \/>\n                <a href=\"https:\/\/chat.whatsapp.com\/B8Qy6Erx4kb6yTzj3kaDco\" target=\"_blank\"><br \/>\n                  <img decoding=\"async\" src=\"https:\/\/diariodobrasilnoticias.com.br\/assets-site\/images\/bot_whatsapp.png\"\/><\/a>\n              <\/div>\n<div class=\"col-sm-6\">\n                <a href=\"https:\/\/t.me\/+_4gTmi5LKo03OTM5\" target=\"_blank\"><br \/>\n                  <img decoding=\"async\" src=\"https:\/\/diariodobrasilnoticias.com.br\/assets-site\/images\/bot_telegram.png\"\/><\/a>\n              <\/div>\n<\/p><\/div>\n<p>            <!-- end post-navigation --><\/p>\n<p>              <!-- end row --><\/p>\n<p>              <!-- end col-12-->\n                      <\/div>\n<p><script async src=\"\/\/www.tiktok.com\/embed.js\"><\/script><br \/>\n<br \/><br \/>\n<br \/><a href=\"https:\/\/diariodobrasilnoticias.com.br\/noticia\/vini-jr-pode-sofrer-gancho-de-ate-12-jogos-por-agressao-a-goleiro-6779abdd9ddb1\">Source link <\/a><\/p>","protected":false},"excerpt":{"rendered":"<p>Foto: REPRODU\u00c7\u00c3O &#8220;Metr\u00f3poles&#8221; O atacante brasileiro Vin\u00edcius J\u00fanior, do Real Madrid, pode pegar um gancho de at\u00e9 12 jogos ap\u00f3s ser\u00a0expulso na partida contra o Val\u00eancia, na \u00faltima sexta-feira (3\/1).&hellip;<\/p>","protected":false},"author":1,"featured_media":87523,"comment_status":"closed","ping_status":"open","sticky":false,"template":"","format":"standard","meta":{"content-type":"","footnotes":""},"categories":[16],"tags":[123,2448,5313,1267],"class_list":["post-87522","post","type-post","status-publish","format-standard","has-post-thumbnail","hentry","category-noticias","tag-brasil","tag-diario","tag-noticia","tag-noticias"],"_links":{"self":[{"href":"https:\/\/tvbrazilusa.com\/pt\/wp-json\/wp\/v2\/posts\/87522","targetHints":{"allow":["GET"]}}],"collection":[{"href":"https:\/\/tvbrazilusa.com\/pt\/wp-json\/wp\/v2\/posts"}],"about":[{"href":"https:\/\/tvbrazilusa.com\/pt\/wp-json\/wp\/v2\/types\/post"}],"author":[{"embeddable":true,"href":"https:\/\/tvbrazilusa.com\/pt\/wp-json\/wp\/v2\/users\/1"}],"replies":[{"embeddable":true,"href":"https:\/\/tvbrazilusa.com\/pt\/wp-json\/wp\/v2\/comments?post=87522"}],"version-history":[{"count":1,"href":"https:\/\/tvbrazilusa.com\/pt\/wp-json\/wp\/v2\/posts\/87522\/revisions"}],"predecessor-version":[{"id":87524,"href":"https:\/\/tvbrazilusa.com\/pt\/wp-json\/wp\/v2\/posts\/87522\/revisions\/87524"}],"wp:featuredmedia":[{"embeddable":true,"href":"https:\/\/tvbrazilusa.com\/pt\/wp-json\/wp\/v2\/media\/87523"}],"wp:attachment":[{"href":"https:\/\/tvbrazilusa.com\/pt\/wp-json\/wp\/v2\/media?parent=87522"}],"wp:term":[{"taxonomy":"category","embeddable":true,"href":"https:\/\/tvbrazilusa.com\/pt\/wp-json\/wp\/v2\/categories?post=87522"},{"taxonomy":"post_tag","embeddable":true,"href":"https:\/\/tvbrazilusa.com\/pt\/wp-json\/wp\/v2\/tags?post=87522"}],"curies":[{"name":"wp","href":"https:\/\/api.w.org\/{rel}","templated":true}]}}