{"id":87529,"date":"2025-01-04T22:05:39","date_gmt":"2025-01-04T22:05:39","guid":{"rendered":"https:\/\/tvbrazilusa.com\/2025\/01\/04\/8-de-janeiro-comandantes-das-forcas-armadas-irao-a-ato-de-lula\/"},"modified":"2025-01-04T22:05:41","modified_gmt":"2025-01-04T22:05:41","slug":"8-de-janeiro-comandantes-das-forcas-armadas-irao-a-ato-de-lula","status":"publish","type":"post","link":"https:\/\/tvbrazilusa.com\/pt\/2025\/01\/04\/8-de-janeiro-comandantes-das-forcas-armadas-irao-a-ato-de-lula\/","title":{"rendered":"8 de janeiro: Comandantes das For\u00e7as Armadas ir\u00e3o a ato de Lula"},"content":{"rendered":"<p> <script async src=\"https:\/\/pagead2.googlesyndication.com\/pagead\/js\/adsbygoogle.js?client=ca-pub-8864793242727901\"\r\n     crossorigin=\"anonymous\"><\/script><br \/>\n<\/p>\n<div>\n<figure class=\"post-image\">\n<\/figure>\n<p>            <span style=\"font-size: 12px\">Foto dos tr\u00eas comandantes das For\u00e7as Armadas prestando contin\u00eancia a Lula em 2023 Foto: Ricardo Stuckert\/PR<\/span><\/p>\n<p>            <!-- end metas --><br \/>\n            <!-- ADS --><\/p>\n<div id=\"taboola-read-more\" style=\"display:block; width:100%\">\n<p>Os comandantes das For\u00e7as Armadas atenderam ao pedido do presidente Luiz In\u00e1cio Lula da Silva (PT) e confirmaram que estar\u00e3o presentes no evento em mem\u00f3ria aos dois anos dos atos de 8 de janeiro. Diferente do ano passado, em que foi realizada no Congresso Nacional, a solenidade ocorrer\u00e1 no Pal\u00e1cio do Planalto.Na ocasi\u00e3o, o general Tom\u00e1s Paiva, o brigado Marcelo Damasceno e o almirante Marcos Olsen representar\u00e3o o Ex\u00e9rcito, a Aeron\u00e1utica e a\u00a0Marinha, respectivamente.\n<\/p>\n<p>Tamb\u00e9m marcar\u00e3o presen\u00e7a o presidente do Congresso, Rodrigo Pacheco (PSD-MG), e do Supremo Tribunal Federal (STF), Luis Roberto Barroso.<\/p>\n<p>\u00a0<\/p>\n<p>De acordo com informa\u00e7\u00f5es da CNN Brasil, o evento enfrenta resist\u00eancia nos pr\u00f3prios bastidores por parte daqueles que avaliam que ele n\u00e3o contribui para pacificar o pa\u00eds e que acirra os \u00e2nimos da polariza\u00e7\u00e3o. No entanto, a gest\u00e3o federal tem insistido em usar a data politicamente.\n<\/p>\n<p>A programa\u00e7\u00e3o incluir\u00e1 a entrega de obras de arte que foram restauradas ap\u00f3s sofrerem danos na invas\u00e3o. Tamb\u00e9m ter\u00e1 um ato simb\u00f3lico com os representantes dos Tr\u00eas Poderes e apoio da milit\u00e2ncia convocada pela Frente Brasil Popular.\n<\/p>\n<p>Com informa\u00e7\u00f5es pleno news              <\/p>\n<\/div>\n<p>                        <!-- Scripts para conteudo --><\/p>\n<p>            <!-- .\/Scripts para conteudo --><br \/>\n            <!-- .\/Mat\u00e9ria --><\/p>\n<div class=\"row mt-3\">\n<div class=\"col-sm-6\">\n                <!-- Whatsapp channel 3--><br \/>\n                <a href=\"https:\/\/chat.whatsapp.com\/B8Qy6Erx4kb6yTzj3kaDco\" target=\"_blank\"><br \/>\n                  <img decoding=\"async\" src=\"https:\/\/diariodobrasilnoticias.com.br\/assets-site\/images\/bot_whatsapp.png\"\/><\/a>\n              <\/div>\n<div class=\"col-sm-6\">\n                <a href=\"https:\/\/t.me\/+_4gTmi5LKo03OTM5\" target=\"_blank\"><br \/>\n                  <img decoding=\"async\" src=\"https:\/\/diariodobrasilnoticias.com.br\/assets-site\/images\/bot_telegram.png\"\/><\/a>\n              <\/div>\n<\/p><\/div>\n<p>            <!-- end post-navigation --><\/p>\n<p>              <!-- end row --><\/p>\n<p>              <!-- end col-12-->\n                      <\/div>\n<p><br \/>\n<br \/><a href=\"https:\/\/diariodobrasilnoticias.com.br\/noticia\/8-de-janeiro-comandantes-das-forcas-armadas-irao-a-ato-de-lula-6779aca17f964\">Source link <\/a><\/p>","protected":false},"excerpt":{"rendered":"<p>Foto dos tr\u00eas comandantes das For\u00e7as Armadas prestando contin\u00eancia a Lula em 2023 Foto: Ricardo Stuckert\/PR Os comandantes das For\u00e7as Armadas atenderam ao pedido do presidente Luiz In\u00e1cio Lula da&hellip;<\/p>","protected":false},"author":1,"featured_media":87530,"comment_status":"closed","ping_status":"open","sticky":false,"template":"","format":"standard","meta":{"content-type":"","footnotes":""},"categories":[16],"tags":[123,2448,5313,1267],"class_list":["post-87529","post","type-post","status-publish","format-standard","has-post-thumbnail","hentry","category-noticias","tag-brasil","tag-diario","tag-noticia","tag-noticias"],"_links":{"self":[{"href":"https:\/\/tvbrazilusa.com\/pt\/wp-json\/wp\/v2\/posts\/87529","targetHints":{"allow":["GET"]}}],"collection":[{"href":"https:\/\/tvbrazilusa.com\/pt\/wp-json\/wp\/v2\/posts"}],"about":[{"href":"https:\/\/tvbrazilusa.com\/pt\/wp-json\/wp\/v2\/types\/post"}],"author":[{"embeddable":true,"href":"https:\/\/tvbrazilusa.com\/pt\/wp-json\/wp\/v2\/users\/1"}],"replies":[{"embeddable":true,"href":"https:\/\/tvbrazilusa.com\/pt\/wp-json\/wp\/v2\/comments?post=87529"}],"version-history":[{"count":1,"href":"https:\/\/tvbrazilusa.com\/pt\/wp-json\/wp\/v2\/posts\/87529\/revisions"}],"predecessor-version":[{"id":87531,"href":"https:\/\/tvbrazilusa.com\/pt\/wp-json\/wp\/v2\/posts\/87529\/revisions\/87531"}],"wp:featuredmedia":[{"embeddable":true,"href":"https:\/\/tvbrazilusa.com\/pt\/wp-json\/wp\/v2\/media\/87530"}],"wp:attachment":[{"href":"https:\/\/tvbrazilusa.com\/pt\/wp-json\/wp\/v2\/media?parent=87529"}],"wp:term":[{"taxonomy":"category","embeddable":true,"href":"https:\/\/tvbrazilusa.com\/pt\/wp-json\/wp\/v2\/categories?post=87529"},{"taxonomy":"post_tag","embeddable":true,"href":"https:\/\/tvbrazilusa.com\/pt\/wp-json\/wp\/v2\/tags?post=87529"}],"curies":[{"name":"wp","href":"https:\/\/api.w.org\/{rel}","templated":true}]}}