{"id":87539,"date":"2025-01-04T22:23:43","date_gmt":"2025-01-04T22:23:43","guid":{"rendered":"https:\/\/tvbrazilusa.com\/2025\/01\/04\/governo-lula-altera-cores-das-viaturas-da-prf-veja-fotos\/"},"modified":"2025-01-04T22:23:44","modified_gmt":"2025-01-04T22:23:44","slug":"governo-lula-altera-cores-das-viaturas-da-prf-veja-fotos","status":"publish","type":"post","link":"https:\/\/tvbrazilusa.com\/pt\/2025\/01\/04\/governo-lula-altera-cores-das-viaturas-da-prf-veja-fotos\/","title":{"rendered":"Governo Lula altera cores das viaturas da PRF; VEJA FOTOS"},"content":{"rendered":"<p> <script async src=\"https:\/\/pagead2.googlesyndication.com\/pagead\/js\/adsbygoogle.js?client=ca-pub-8864793242727901\"\r\n     crossorigin=\"anonymous\"><\/script><br \/>\n<\/p>\n<div id=\"taboola-read-more\" style=\"display:block; width:100%\">\n<p>A Pol\u00edcia Rodovi\u00e1ria Federal (PRF) exibiu, neste s\u00e1bado (4\/1), imagens das novas viaturas que ser\u00e3o utilizadas pelos grupos especializados da corpora\u00e7\u00e3o. O modelo ganhou o apelido de \u201cVenom\u201d \u2013 em refer\u00eancia a um personagem das hist\u00f3rias em quadrinhos.\n<\/p>\n<p>Com informa\u00e7\u00f5es metr\u00f3poles<\/p>\n<p>VEJA FOTOS\n<\/p>\n<\/p>\n<p><img decoding=\"async\" src=\"https:\/\/fly.metroimg.com\/upload\/q_85,w_1200\/https:\/\/uploads.metroimg.com\/wp-content\/uploads\/2025\/01\/04120931\/PRF-38.jpg\"\/>\n<\/p>\n<p><img decoding=\"async\" src=\"https:\/\/fly.metroimg.com\/upload\/q_85,w_1200\/https:\/\/uploads.metroimg.com\/wp-content\/uploads\/2025\/01\/04120937\/PRF3-2.jpg\"\/>\n              <\/p>\n<\/div>\n<p><br \/>\n<br \/><a href=\"https:\/\/diariodobrasilnoticias.com.br\/noticia\/governo-lula-altera-cores-das-viaturas-da-prf-veja-fotos-677993bd60daa\">Source link <\/a><\/p>","protected":false},"excerpt":{"rendered":"<p>A Pol\u00edcia Rodovi\u00e1ria Federal (PRF) exibiu, neste s\u00e1bado (4\/1), imagens das novas viaturas que ser\u00e3o utilizadas pelos grupos especializados da corpora\u00e7\u00e3o. O modelo ganhou o apelido de \u201cVenom\u201d \u2013 em&hellip;<\/p>","protected":false},"author":1,"featured_media":87540,"comment_status":"closed","ping_status":"open","sticky":false,"template":"","format":"standard","meta":{"content-type":"","footnotes":""},"categories":[16],"tags":[123,2448,5313,1267],"class_list":["post-87539","post","type-post","status-publish","format-standard","has-post-thumbnail","hentry","category-noticias","tag-brasil","tag-diario","tag-noticia","tag-noticias"],"_links":{"self":[{"href":"https:\/\/tvbrazilusa.com\/pt\/wp-json\/wp\/v2\/posts\/87539","targetHints":{"allow":["GET"]}}],"collection":[{"href":"https:\/\/tvbrazilusa.com\/pt\/wp-json\/wp\/v2\/posts"}],"about":[{"href":"https:\/\/tvbrazilusa.com\/pt\/wp-json\/wp\/v2\/types\/post"}],"author":[{"embeddable":true,"href":"https:\/\/tvbrazilusa.com\/pt\/wp-json\/wp\/v2\/users\/1"}],"replies":[{"embeddable":true,"href":"https:\/\/tvbrazilusa.com\/pt\/wp-json\/wp\/v2\/comments?post=87539"}],"version-history":[{"count":1,"href":"https:\/\/tvbrazilusa.com\/pt\/wp-json\/wp\/v2\/posts\/87539\/revisions"}],"predecessor-version":[{"id":87541,"href":"https:\/\/tvbrazilusa.com\/pt\/wp-json\/wp\/v2\/posts\/87539\/revisions\/87541"}],"wp:featuredmedia":[{"embeddable":true,"href":"https:\/\/tvbrazilusa.com\/pt\/wp-json\/wp\/v2\/media\/87540"}],"wp:attachment":[{"href":"https:\/\/tvbrazilusa.com\/pt\/wp-json\/wp\/v2\/media?parent=87539"}],"wp:term":[{"taxonomy":"category","embeddable":true,"href":"https:\/\/tvbrazilusa.com\/pt\/wp-json\/wp\/v2\/categories?post=87539"},{"taxonomy":"post_tag","embeddable":true,"href":"https:\/\/tvbrazilusa.com\/pt\/wp-json\/wp\/v2\/tags?post=87539"}],"curies":[{"name":"wp","href":"https:\/\/api.w.org\/{rel}","templated":true}]}}