{"id":87561,"date":"2025-01-04T23:44:47","date_gmt":"2025-01-04T23:44:47","guid":{"rendered":"https:\/\/tvbrazilusa.com\/2025\/01\/04\/assista-jovem-pede-desculpas-por-provocacao-com-capacete-da-pm-brincadeira\/"},"modified":"2025-01-04T23:44:48","modified_gmt":"2025-01-04T23:44:48","slug":"assista-jovem-pede-desculpas-por-provocacao-com-capacete-da-pm-brincadeira","status":"publish","type":"post","link":"https:\/\/tvbrazilusa.com\/pt\/2025\/01\/04\/assista-jovem-pede-desculpas-por-provocacao-com-capacete-da-pm-brincadeira\/","title":{"rendered":"ASSISTA: Jovem pede desculpas por provoca\u00e7\u00e3o com capacete da PM: \u201cBrincadeira\u201d"},"content":{"rendered":"<p> <script async src=\"https:\/\/pagead2.googlesyndication.com\/pagead\/js\/adsbygoogle.js?client=ca-pub-8864793242727901\"\r\n     crossorigin=\"anonymous\"><\/script><br \/>\n<\/p>\n<div id=\"taboola-read-more\" style=\"display:block; width:100%\">\n<p>Ap\u00f3s gravar um v\u00eddeo provocando\u00a0<a href=\"https:\/\/www.policiamilitar.sp.gov.br\/\" target=\"_blank\" rel=\"noopener noreferrer\">policiais militares<\/a>\u00a0e sugerindo que havia tomado o capacete de um agente, o jovem Gustavo Ferreira pediu desculpas e disse que a grava\u00e7\u00e3o n\u00e3o passou de uma \u201cbrincadeira\u201d. Em um novo v\u00eddeo, publicado em seu perfil no Instagram, ele afirmou que o equipamento pertence a seu tio, que \u00e9 PM.\n<\/p>\n<p>Segundo Gustavo, o v\u00eddeo havia sido enviado em um grupo de amigos e acabou vazando.<\/p>\n<p>\u201cOl\u00e1, pessoal, boa tarde. Meu nome \u00e9 Gustavo, meu tio \u00e9 policial militar. Dia 28 de dezembro eu estava na casa do meu tio. Acabei mexendo nas coisas dele e peguei o capacete sem ele saber. Gravei um v\u00eddeo, uma brincadeira de muito mau gosto. Mandei o v\u00eddeo em um grupo de amigos e o v\u00eddeo vazou. Venho aqui pedir desculpa para o meu tio e para todos os policiais militares. O v\u00eddeo n\u00e3o condiz com o respeito que eu tenho pela Pol\u00edcia Militar de S\u00e3o Paulo\u201d, afirma.\n<\/p>\n<p><strong>Assista:<\/strong>\n<\/p>\n<p><iframe title=\"Jovem Pede Desculpas Publicar V\u00eddeo Provocando PMs\" src=\"https:\/\/cdn.jwplayer.com\/players\/8ZkUkEwl-65fVsHCx.html\" width=\"100%\" height=\"100%\" frameborder=\"0\" scrolling=\"auto\" allowfullscreen=\"allowfullscreen\" data-mce-fragment=\"1\"><\/iframe><\/p>\n<p>No primeiro v\u00eddeo, o jovem aparece rindo enquanto usa o capacete. Ele diz que s\u00f3 iria entregar o equipamento se sua moto fosse devolvida.\n<\/p>\n<p>\u201cDevolve a moto que n\u00f3is devolve o cap [capacete], Stive [g\u00edria utilizada para se referir a policiais]\u201d, diz ele.\n<\/p>\n<div class=\"m-banner-wrap m-banner-rectangle m-publicity-content-middle\">\n<p>Com informa\u00e7\u00f5es metr\u00f3poles.<\/p>\n<\/div><\/div>\n<p><br \/>\n<br \/><a href=\"https:\/\/diariodobrasilnoticias.com.br\/noticia\/-assista-jovem-pede-desculpas-por-provocacao-com-capacete-da-pm-brincadeira-6779c2279dc18\">Source link <\/a><\/p>","protected":false},"excerpt":{"rendered":"<p>Ap\u00f3s gravar um v\u00eddeo provocando\u00a0policiais militares\u00a0e sugerindo que havia tomado o capacete de um agente, o jovem Gustavo Ferreira pediu desculpas e disse que a grava\u00e7\u00e3o n\u00e3o passou de uma&hellip;<\/p>","protected":false},"author":1,"featured_media":87562,"comment_status":"closed","ping_status":"open","sticky":false,"template":"","format":"standard","meta":{"content-type":"","footnotes":""},"categories":[16],"tags":[123,2448,5313,1267],"class_list":["post-87561","post","type-post","status-publish","format-standard","has-post-thumbnail","hentry","category-noticias","tag-brasil","tag-diario","tag-noticia","tag-noticias"],"_links":{"self":[{"href":"https:\/\/tvbrazilusa.com\/pt\/wp-json\/wp\/v2\/posts\/87561","targetHints":{"allow":["GET"]}}],"collection":[{"href":"https:\/\/tvbrazilusa.com\/pt\/wp-json\/wp\/v2\/posts"}],"about":[{"href":"https:\/\/tvbrazilusa.com\/pt\/wp-json\/wp\/v2\/types\/post"}],"author":[{"embeddable":true,"href":"https:\/\/tvbrazilusa.com\/pt\/wp-json\/wp\/v2\/users\/1"}],"replies":[{"embeddable":true,"href":"https:\/\/tvbrazilusa.com\/pt\/wp-json\/wp\/v2\/comments?post=87561"}],"version-history":[{"count":1,"href":"https:\/\/tvbrazilusa.com\/pt\/wp-json\/wp\/v2\/posts\/87561\/revisions"}],"predecessor-version":[{"id":87563,"href":"https:\/\/tvbrazilusa.com\/pt\/wp-json\/wp\/v2\/posts\/87561\/revisions\/87563"}],"wp:featuredmedia":[{"embeddable":true,"href":"https:\/\/tvbrazilusa.com\/pt\/wp-json\/wp\/v2\/media\/87562"}],"wp:attachment":[{"href":"https:\/\/tvbrazilusa.com\/pt\/wp-json\/wp\/v2\/media?parent=87561"}],"wp:term":[{"taxonomy":"category","embeddable":true,"href":"https:\/\/tvbrazilusa.com\/pt\/wp-json\/wp\/v2\/categories?post=87561"},{"taxonomy":"post_tag","embeddable":true,"href":"https:\/\/tvbrazilusa.com\/pt\/wp-json\/wp\/v2\/tags?post=87561"}],"curies":[{"name":"wp","href":"https:\/\/api.w.org\/{rel}","templated":true}]}}