{"id":87564,"date":"2025-01-04T23:57:19","date_gmt":"2025-01-04T23:57:19","guid":{"rendered":"https:\/\/tvbrazilusa.com\/2025\/01\/04\/video-homem-invade-apartamento-agride-moradora-e-foge-pela-janela\/"},"modified":"2025-01-04T23:57:20","modified_gmt":"2025-01-04T23:57:20","slug":"video-homem-invade-apartamento-agride-moradora-e-foge-pela-janela","status":"publish","type":"post","link":"https:\/\/tvbrazilusa.com\/pt\/2025\/01\/04\/video-homem-invade-apartamento-agride-moradora-e-foge-pela-janela\/","title":{"rendered":"V\u00eddeo: homem invade apartamento, agride moradora e foge pela janela"},"content":{"rendered":"<p> <script async src=\"https:\/\/pagead2.googlesyndication.com\/pagead\/js\/adsbygoogle.js?client=ca-pub-8864793242727901\"\r\n     crossorigin=\"anonymous\"><\/script><br \/>\n<\/p>\n<div id=\"taboola-read-more\" style=\"display:block; width:100%\">\n<p><strong>S\u00e3o Paulo \u2014\u00a0<\/strong>Uma mulher, de 46 anos, ficou machucada ap\u00f3s reagir a um\u00a0<a href=\"https:\/\/www.metropoles.com\/tag\/assalto\" target=\"_blank\" rel=\"noopener noreferrer\">assalto<\/a>, em Santos, no\u00a0<a href=\"https:\/\/www.metropoles.com\/tag\/litoral-paulista\" target=\"_blank\" rel=\"noopener noreferrer\">litoral<\/a>\u00a0<a href=\"https:\/\/www.instagram.com\/metropoles.sp\/\" target=\"_blank\" rel=\"noopener noreferrer\">de S\u00e3o Paulo<\/a>. Ao chegar ao pr\u00f3prio apartamento e flagrar um homem que havia invadido a resid\u00eancia, a moradora entrou em luta corporal com o criminoso. Em seguida, ele pulou de janela do segundo andar do pr\u00e9dio e foi embora.\n<\/p>\n<p>De acordo com a Secretaria da Seguran\u00e7a P\u00fablica (<a href=\"https:\/\/www.ssp.sp.gov.br\/\" target=\"_blank\" rel=\"nofollow noopener noreferrer\">SSP<\/a>), procurada pelo\u00a0<strong>Metr\u00f3poles<\/strong>\u00a0neste s\u00e1bado (4\/1), o caso ocorreu em 28 de dezembro passado. \u201cO autor conseguiu fugir, levando um rel\u00f3gio e um cart\u00e3o banc\u00e1rio\u201d, informou a pasta.<\/p>\n<p>A v\u00edtima foi socorrida e levada a uma Unidade de Pronto Atendimento (UPA). No local, medicada e liberada. O crime foi registrado como\u00a0<a href=\"https:\/\/www.metropoles.com\/tag\/roubos\" target=\"_blank\" rel=\"noopener noreferrer\">roubo<\/a>\u00a0pela Central de Pol\u00edcia Judici\u00e1ria de Santos, que atua para identificar o suspeito.<\/p>\n<p><iframe title=\"Ap\u00f3s invadir apartamento, homem luta com moradora e pula pela janela.mp4\" src=\"https:\/\/cdn.jwplayer.com\/players\/2vzg2c3j-65fVsHCx.html\" width=\"100%\" height=\"100%\" frameborder=\"0\" scrolling=\"auto\" allowfullscreen=\"allowfullscreen\" data-mce-fragment=\"1\"><\/iframe><\/p>\n<p>\u00a0Com informna\u00e7\u00f5es metr\u00f3poles.              <\/p>\n<\/div>\n<p><script async src=\"\/\/www.instagram.com\/embed.js\"><\/script><br \/>\n<br \/><br \/>\n<br \/><a href=\"https:\/\/diariodobrasilnoticias.com.br\/noticia\/video-homem-invade-apartamento-agride-moradora-e-foge-pela-janela-6779b75abd35b\">Source link <\/a><\/p>","protected":false},"excerpt":{"rendered":"<p>S\u00e3o Paulo \u2014\u00a0Uma mulher, de 46 anos, ficou machucada ap\u00f3s reagir a um\u00a0assalto, em Santos, no\u00a0litoral\u00a0de S\u00e3o Paulo. Ao chegar ao pr\u00f3prio apartamento e flagrar um homem que havia invadido&hellip;<\/p>","protected":false},"author":1,"featured_media":87565,"comment_status":"closed","ping_status":"open","sticky":false,"template":"","format":"standard","meta":{"content-type":"","footnotes":""},"categories":[16],"tags":[123,2448,5313,1267],"class_list":["post-87564","post","type-post","status-publish","format-standard","has-post-thumbnail","hentry","category-noticias","tag-brasil","tag-diario","tag-noticia","tag-noticias"],"_links":{"self":[{"href":"https:\/\/tvbrazilusa.com\/pt\/wp-json\/wp\/v2\/posts\/87564","targetHints":{"allow":["GET"]}}],"collection":[{"href":"https:\/\/tvbrazilusa.com\/pt\/wp-json\/wp\/v2\/posts"}],"about":[{"href":"https:\/\/tvbrazilusa.com\/pt\/wp-json\/wp\/v2\/types\/post"}],"author":[{"embeddable":true,"href":"https:\/\/tvbrazilusa.com\/pt\/wp-json\/wp\/v2\/users\/1"}],"replies":[{"embeddable":true,"href":"https:\/\/tvbrazilusa.com\/pt\/wp-json\/wp\/v2\/comments?post=87564"}],"version-history":[{"count":1,"href":"https:\/\/tvbrazilusa.com\/pt\/wp-json\/wp\/v2\/posts\/87564\/revisions"}],"predecessor-version":[{"id":87566,"href":"https:\/\/tvbrazilusa.com\/pt\/wp-json\/wp\/v2\/posts\/87564\/revisions\/87566"}],"wp:featuredmedia":[{"embeddable":true,"href":"https:\/\/tvbrazilusa.com\/pt\/wp-json\/wp\/v2\/media\/87565"}],"wp:attachment":[{"href":"https:\/\/tvbrazilusa.com\/pt\/wp-json\/wp\/v2\/media?parent=87564"}],"wp:term":[{"taxonomy":"category","embeddable":true,"href":"https:\/\/tvbrazilusa.com\/pt\/wp-json\/wp\/v2\/categories?post=87564"},{"taxonomy":"post_tag","embeddable":true,"href":"https:\/\/tvbrazilusa.com\/pt\/wp-json\/wp\/v2\/tags?post=87564"}],"curies":[{"name":"wp","href":"https:\/\/api.w.org\/{rel}","templated":true}]}}