{"id":87567,"date":"2025-01-05T00:09:44","date_gmt":"2025-01-05T00:09:44","guid":{"rendered":"https:\/\/tvbrazilusa.com\/2025\/01\/05\/de-olho-em-2026-gusttavo-lima-quer-falar-com-lula-e-bolsonaro\/"},"modified":"2025-01-05T00:09:45","modified_gmt":"2025-01-05T00:09:45","slug":"de-olho-em-2026-gusttavo-lima-quer-falar-com-lula-e-bolsonaro","status":"publish","type":"post","link":"https:\/\/tvbrazilusa.com\/pt\/2025\/01\/05\/de-olho-em-2026-gusttavo-lima-quer-falar-com-lula-e-bolsonaro\/","title":{"rendered":"De olho em 2026, Gusttavo Lima quer falar com Lula e Bolsonaro"},"content":{"rendered":"<p> <script async src=\"https:\/\/pagead2.googlesyndication.com\/pagead\/js\/adsbygoogle.js?client=ca-pub-8864793242727901\"\r\n     crossorigin=\"anonymous\"><\/script><br \/>\n<\/p>\n<div id=\"taboola-read-more\" style=\"display:block; width:100%\">\n<p>O cantor Gusttavo Lima revelou que realmente tem interesse em disputar as elei\u00e7\u00f5es presidenciais em 2026 e que est\u00e1 em seus planos conversar tanto com o atual presidente, Lula (PT), quanto com o ex-presidente Jair Bolsonaro (PL).\n<\/p>\n<p>Esses encontros, segundo o artista, ter\u00e3o como objetivo discutir o problemas do Brasil. As reuni\u00f5es acontecer\u00e3o nos pr\u00f3ximos dias, sendo primeiro com o chefe do Executivo nacional e s\u00f3 depois com o l\u00edder da direita brasileira, a quem Gusttavo Lima apoiou em 2022.<\/p>\n<p>Em entrevista ao Portal Leo Dias, o sertanejo disse que, neste momento, ele pretende ajudar o pa\u00eds a superar suas dificuldades.\n<\/p>\n<p>\u2013 Quero paz pro Brasil \u2013 declarou ele que, em outras oportunidades criticou a polariza\u00e7\u00e3o pol\u00edtica.\n<\/p>\n<p>Um dos problemas citados pelo famoso foi a quest\u00e3o da sa\u00fade p\u00fablica, pois ele se preocupa com a precariedade do servi\u00e7o dispon\u00edvel.\n<\/p>\n<p>\u2013 O sistema de sa\u00fade no Brasil est\u00e1 falido pois existe, e tem uma grande diferen\u00e7a no acesso a servi\u00e7os de sa\u00fade entre \u00e1reas urbanas e rurais (\u2026) Muitas unidades de sa\u00fade, como hospitais e pronto-socorro, vivem superlotados\u2026 como sempre! \u2013 afirmou.\n<\/p>\n<p>E continuou:\n<\/p>\n<p>\u2013 N\u00e3o tem profissionais de sa\u00fade o suficiente, falta de insumos b\u00e1sicos, como medicamentos e equipamentos. \u00c9 muito importante aumentar os investimentos p\u00fablicos em sa\u00fade, garantindo que recursos sejam direcionados para as \u00e1reas certas. Precisamos investir na aten\u00e7\u00e3o b\u00e1sica, podemos reduzir a superlota\u00e7\u00e3o de hospitais e servi\u00e7os de emerg\u00eancia. Necessita investimento na forma\u00e7\u00e3o de profissionais de sa\u00fade, isso melhora a qualidade do atendimento a todo povo Brasileiro.\n<\/p>\n<p>Ainda na entrevista, Gusttavo disse que n\u00e3o v\u00ea um candidato dispon\u00edvel capaz de ajudar o pa\u00eds e, caso essa pessoa apare\u00e7a, ele est\u00e1 disposto a abandonar o sonho de se candidatar.\n<\/p>\n<p>Com informa\u00e7\u00f5es pleno news              <\/p>\n<\/div>\n<p><br \/>\n<br \/><a href=\"https:\/\/diariodobrasilnoticias.com.br\/noticia\/de-olho-em-2026-gusttavo-lima-quer-falar-com-lula-e-bolsonaro-6779bb0b0b6b5\">Source link <\/a><\/p>","protected":false},"excerpt":{"rendered":"<p>O cantor Gusttavo Lima revelou que realmente tem interesse em disputar as elei\u00e7\u00f5es presidenciais em 2026 e que est\u00e1 em seus planos conversar tanto com o atual presidente, Lula (PT),&hellip;<\/p>","protected":false},"author":1,"featured_media":87568,"comment_status":"closed","ping_status":"open","sticky":false,"template":"","format":"standard","meta":{"content-type":"","footnotes":""},"categories":[16],"tags":[123,2448,5313,1267],"class_list":["post-87567","post","type-post","status-publish","format-standard","has-post-thumbnail","hentry","category-noticias","tag-brasil","tag-diario","tag-noticia","tag-noticias"],"_links":{"self":[{"href":"https:\/\/tvbrazilusa.com\/pt\/wp-json\/wp\/v2\/posts\/87567","targetHints":{"allow":["GET"]}}],"collection":[{"href":"https:\/\/tvbrazilusa.com\/pt\/wp-json\/wp\/v2\/posts"}],"about":[{"href":"https:\/\/tvbrazilusa.com\/pt\/wp-json\/wp\/v2\/types\/post"}],"author":[{"embeddable":true,"href":"https:\/\/tvbrazilusa.com\/pt\/wp-json\/wp\/v2\/users\/1"}],"replies":[{"embeddable":true,"href":"https:\/\/tvbrazilusa.com\/pt\/wp-json\/wp\/v2\/comments?post=87567"}],"version-history":[{"count":1,"href":"https:\/\/tvbrazilusa.com\/pt\/wp-json\/wp\/v2\/posts\/87567\/revisions"}],"predecessor-version":[{"id":87569,"href":"https:\/\/tvbrazilusa.com\/pt\/wp-json\/wp\/v2\/posts\/87567\/revisions\/87569"}],"wp:featuredmedia":[{"embeddable":true,"href":"https:\/\/tvbrazilusa.com\/pt\/wp-json\/wp\/v2\/media\/87568"}],"wp:attachment":[{"href":"https:\/\/tvbrazilusa.com\/pt\/wp-json\/wp\/v2\/media?parent=87567"}],"wp:term":[{"taxonomy":"category","embeddable":true,"href":"https:\/\/tvbrazilusa.com\/pt\/wp-json\/wp\/v2\/categories?post=87567"},{"taxonomy":"post_tag","embeddable":true,"href":"https:\/\/tvbrazilusa.com\/pt\/wp-json\/wp\/v2\/tags?post=87567"}],"curies":[{"name":"wp","href":"https:\/\/api.w.org\/{rel}","templated":true}]}}