{"id":87606,"date":"2025-01-05T02:39:00","date_gmt":"2025-01-05T02:39:00","guid":{"rendered":"https:\/\/tvbrazilusa.com\/2025\/01\/05\/lembretes-do-ataque-de-6-de-janeiro-desaparecem-no-capitolio-enquanto-trump-retoma-o-poder\/"},"modified":"2025-01-05T02:44:47","modified_gmt":"2025-01-05T02:44:47","slug":"lembretes-do-ataque-de-6-de-janeiro-desaparecem-no-capitolio-enquanto-trump-retoma-o-poder","status":"publish","type":"post","link":"https:\/\/tvbrazilusa.com\/pt\/2025\/01\/05\/lembretes-do-ataque-de-6-de-janeiro-desaparecem-no-capitolio-enquanto-trump-retoma-o-poder\/","title":{"rendered":"Lembretes do ataque de 6 de janeiro desaparecem no Capit\u00f3lio enquanto Trump retoma o poder"},"content":{"rendered":"<p> <script async src=\"https:\/\/pagead2.googlesyndication.com\/pagead\/js\/adsbygoogle.js?client=ca-pub-8864793242727901\"\r\n     crossorigin=\"anonymous\"><\/script><br \/>\n<\/p>\n<div id=\"\">\n<header class=\"m-article-header m-article-header--standard\">\n\t\t\t\t\t\t\t\t\t\t\t\t<span id=\"article-header-primary-term\"><br \/>\n\t\t\t\t\t\t\t\t<a class=\"a-term a-term--primary\" href=\"https:\/\/www.boston.com\/tag\/politics\/\"><\/p>\n<p>\t\t\t\t\t\t\t\tPol\u00edtica\t\t\t\t\t\t\t\t<\/a><br \/>\n\t\t\t\t\t\t\t<\/span><\/p>\n<h2 class=\"m-article-header__sub-headline\">De certa forma, \u00e9 como se a insurrei\u00e7\u00e3o de 6 de janeiro de 2021, que abalou os alicerces da democracia americana, nunca tivesse acontecido.<\/h2>\n<figure class=\"a-photo m-article-header__photo\"><figcaption class=\"a-photo__caption\">\n<p>\tManifestantes violentos, leais ao presidente Donald Trump, invadem o Capit\u00f3lio em Washington, 6 de janeiro de 2021. (AP Photo\/John Minchillo, Arquivo)<em> <\/em>\t<\/figcaption><\/figure>\n<div class=\"m-article-header__meta\">\n<div class=\"m-article-header__byline\">\n<p class=\"m-article-header__author\">\n<p>\t\t\t\t\t\t\t\tPor MARY CLARE JALONICK, Associated Press\t\t\t\t\t\t\t<\/p>\n<p>\t\t\t\t\t\t\t\t\t\t\t\t\t\t\t<time class=\"m-article-header__date\"><\/p>\n<p>\t\t\t\t\t\t\t\t\t4 de janeiro de 2025\t\t\t\t\t\t\t\t<\/time><\/p>\n<p><span>6 minutos para ler<\/span><\/p>\n<\/p><\/div>\n<\/p><\/div>\n<\/header>\n<p>WASHINGTON (AP) \u2013 Dentro do Capit\u00f3lio, \u00e9 cada vez mais dif\u00edcil encontrar lembretes da viol\u00eancia.<\/p>\n<p>As cicatrizes nas paredes foram reparadas. Janelas e portas quebradas pelos manifestantes foram substitu\u00eddas. E n\u00e3o h\u00e1 nenhuma placa, exibi\u00e7\u00e3o ou lembran\u00e7a de qualquer tipo.<\/p>\n<p>Os legisladores raramente mencionam o ataque e muitos republicanos tentam minimiz\u00e1-lo, ecoando as afirma\u00e7\u00f5es do presidente eleito, Donald Trump, de que a carnificina daquele dia \u00e9 exagerada e que os manifestantes s\u00e3o v\u00edtimas.<\/p>\n<p>De certa forma, \u00e9 como se a insurrei\u00e7\u00e3o de 6 de janeiro de 2021, que abalou os alicerces da democracia americana, nunca tivesse acontecido.<\/p>\n<p>\u201cFoi apagado\u201d, disse o senador Peter Welch, D-Vt. \u201cOs vencedores escrevem a hist\u00f3ria e Trump venceu. E a vers\u00e3o dele \u00e9 que foi uma reuni\u00e3o pac\u00edfica. Obviamente completamente falso.\u201d<\/p>\n<p>Se Trump perdoar os manifestantes, como disse que far\u00e1 depois de tomar posse em 20 de janeiro, isso seria \u201ccolocar um ponto de exclama\u00e7\u00e3o na sua vers\u00e3o do que aconteceu\u201d, disse Welch.<\/p>\n<p>Alguns dos 1.250 r\u00e9us condenados por crimes depois de 6 de janeiro pediram a morte da ent\u00e3o presidente da C\u00e2mara, Nancy Pelosi, democrata da Calif\u00f3rnia, e de Mike Pence, que era vice-presidente de Trump, enquanto a multid\u00e3o invadia violentamente a pol\u00edcia e invadia o pr\u00e9dio. Alguns carregavam armas, bra\u00e7adeiras, irritantes qu\u00edmicos e bandeiras confederadas enquanto saqueavam o Capit\u00f3lio e ca\u00e7avam legisladores. Procuraram impedir a certifica\u00e7\u00e3o da vit\u00f3ria do democrata Joe Biden sobre Trump, ecoando as falsas alega\u00e7\u00f5es do titular republicano de que a elei\u00e7\u00e3o foi roubada.<\/p>\n<p>Mas a interrup\u00e7\u00e3o foi apenas tempor\u00e1ria. O Congresso retomou os trabalhos naquela noite e completou seu papel constitucional.<\/p>\n<p>A senadora do Alasca Lisa Murkowski, uma dos sete republicanos do Senado que votaram pela condena\u00e7\u00e3o de Trump por acusa\u00e7\u00f5es de impeachment depois de 6 de janeiro, disse que \u201cfoi uma \u00e9poca muito, muito sombria\u201d. Alguns legisladores, disse ela, \u201cquerem realmente deixar isso para tr\u00e1s\u201d.<\/p>\n<p>Existem diferentes raz\u00f5es para isso, no entanto.<\/p>\n<p>O ex-senador republicano Mike Braun, um aliado frequente de Trump que deixou o Congresso este ano e foi eleito governador de Indiana, disse que muitos no partido acham que o Departamento de Justi\u00e7a \u201cfoi usado de forma desproporcional como arma contra\u201d alguns manifestantes. Ele disse que muitos legisladores que estiveram no Capit\u00f3lio em 6 de janeiro querem a maior dist\u00e2ncia poss\u00edvel entre aquela \u00e9poca e agora.<\/p>\n<p>\u201cAcho que todos n\u00f3s nos lembramos disso\u201d, disse Braun. Mas ele acrescentou: \u201cSe voc\u00ea est\u00e1 come\u00e7ando a colocar placas, parece que isso enfatiza ainda mais a divis\u00e3o sobre o assunto. E talvez a maior solu\u00e7\u00e3o seja seguir em frente.\u201d<\/p>\n<p>O Congresso aprovou uma lei em mar\u00e7o de 2022 para exigir \u201cuma placa honor\u00edfica listando os nomes de todos os oficiais da Pol\u00edcia do Capit\u00f3lio dos Estados Unidos, do Departamento de Pol\u00edcia Metropolitana do Distrito de Columbia e de outras ag\u00eancias de aplica\u00e7\u00e3o da lei federais, estaduais e locais e entidades protetoras que responderam \u00e0 viol\u00eancia ocorrida no Capit\u00f3lio dos Estados Unidos em 6 de janeiro de 2021.\u201d<\/p>\n<p>O Arquiteto do Capit\u00f3lio recebeu ordens de obter a placa dentro de um ano e coloc\u00e1-la permanentemente na frente oeste do Capit\u00f3lio, onde ocorreu o pior dos combates.<\/p>\n<p>Mas quase tr\u00eas anos depois, n\u00e3o h\u00e1 placa alguma. N\u00e3o est\u00e1 claro por que ou quem \u00e9 respons\u00e1vel por isso. Uma porta-voz do Arquiteto do Capit\u00f3lio encaminhou as perguntas ao Sargento de Armas da C\u00e2mara, que n\u00e3o respondeu aos pedidos de informa\u00e7\u00f5es.<\/p>\n<p>O l\u00edder democrata do Senado, Chuck Schumer, de Nova York, e o ent\u00e3o l\u00edder republicano do Senado, Mitch McConnell, de Kentucky, assinaram a placa, de acordo com um assessor de lideran\u00e7a do Senado que estava familiarizado com o processo, mas n\u00e3o estava autorizado a discutir o assunto publicamente e falou sob condi\u00e7\u00e3o de anonimato. O l\u00edder democrata da C\u00e2mara, Hakeem Jeffries, de Nova York, tamb\u00e9m apoiou. Um porta-voz do presidente da C\u00e2mara, Mike Johnson, R-La., n\u00e3o respondeu aos pedidos de coment\u00e1rios.<\/p>\n<p>A deputada Zoe Lofgren, democrata da Calif\u00f3rnia, que liderou o Comit\u00ea de Administra\u00e7\u00e3o da C\u00e2mara quando a lei foi promulgada, escreveu a Johnson em maio para perguntar por que a placa n\u00e3o havia sido instalada. \u201cSe houver um motivo para o atraso, aguardo qualquer informa\u00e7\u00e3o que voc\u00ea possa compartilhar para esse fim e o que est\u00e1 sendo feito para resolver isso\u201d, disse Lofgren.<\/p>\n<p>Ela nunca teve resposta.<\/p>\n<p>\u201cN\u00e3o \u00e9 apenas a placa, embora signifique algo para os oficiais que estavam l\u00e1, mas o fato de que ningu\u00e9m se importa com eles o suficiente para cumprir a lei e reconhecer o sacrif\u00edcio que fizeram por n\u00f3s e pelo nosso pa\u00eds\u201d, Lofgren disse. \u201cEsse servi\u00e7o ao pa\u00eds deles foi desrespeitado.\u201d<\/p>\n<p>O deputado nova-iorquino Joe Morelle, agora o principal democrata no Comit\u00ea de Administra\u00e7\u00e3o da C\u00e2mara, disse que a recusa em exibir a placa \u00e9 parte de um esfor\u00e7o para \u201cnegar o dia 6 de janeiro e os danos que causou \u00e0 for\u00e7a policial do Capit\u00f3lio dos EUA\u201d.<\/p>\n<p>O policial metropolitano Daniel Hodges, que lutou contra os manifestantes e foi capturado em v\u00eddeo gritando enquanto eles o esmagavam em uma porta que levava \u00e0 fase de inaugura\u00e7\u00e3o, disse que \u00e9 \u201cincrivelmente ofensivo\u201d que a placa n\u00e3o tenha sido instalada.<\/p>\n<p>\u201c\u00c9 uma coisa incrivelmente simples, mas pode significar muito para muitos que lutaram naquele dia para defender a democracia, defender o Congresso, o vice-presidente e os funcion\u00e1rios\u201d, disse ele. Ele disse que o dia 6 de janeiro se tornou uma quest\u00e3o pol\u00edtica. \u201cN\u00e3o deveria ser\u201d, disse ele.<\/p>\n<p>Hodges disse que espera trabalhar no Dia da Posse, um dos milhares de policiais que proteger\u00e3o o presidente e a cidade em 20 de janeiro.<\/p>\n<p>Ex-sargento da Pol\u00edcia do Capit\u00f3lio. Aquilino Gonell, que se aposentou devido aos ferimentos causados \u200b\u200b\u200b\u200bpelo combate aos manifestantes perto do t\u00fanel da frente oeste, disse que perdeu \u201cminha carreira, minha sa\u00fade\u201d e at\u00e9 alguns amigos e familiares ap\u00f3s o ataque. Ele e Hodges est\u00e3o entre os poucos na aplica\u00e7\u00e3o da lei a falar publicamente sobre sua experi\u00eancia.<\/p>\n<p>\u201cOlhando para tr\u00e1s, \u00e9 como se tudo tivesse sido em v\u00e3o\u201d, disse Gonell. \u201c\u00c9 uma trai\u00e7\u00e3o.\u201d<\/p>\n<p>Ele disse que gostaria que a placa estivesse na frente oeste para que Trump pudesse v\u00ea-la antes de subir ao palco da posse em algumas semanas.<\/p>\n<p>Trump \u201cpoderia ler os nomes dos oficiais antes de sair\u201d, disse Gonell. \u201cPara que ele pudesse saber que suas a\u00e7\u00f5es tiveram consequ\u00eancias.\u201d<\/p>\n<p>Nos dias que se seguiram ao cerco ao Capit\u00f3lio, a condena\u00e7\u00e3o republicana foi quase universal.<\/p>\n<p>\u201cN\u00e3o conte comigo\u201d, disse o senador republicano Lindsey Graham, da Carolina do Sul, um dos principais aliados de Trump, na noite de 6 de janeiro. O ent\u00e3o l\u00edder republicano na C\u00e2mara, Kevin McCarthy, da Calif\u00f3rnia, disse uma semana depois que Trump \u201cassume a responsabilidade\u201d pelo ataque.<\/p>\n<p>Mas McCarthy logo fez as pazes, viajando em poucas semanas para a Fl\u00f3rida para se encontrar com Trump. Foi uma decis\u00e3o fat\u00eddica, que deu in\u00edcio ao lento regresso de Trump ao poder. Quando Trump regressou ao Capit\u00f3lio no ano passado durante a sua campanha, os legisladores republicanos n\u00e3o s\u00f3 se reuniram com ele, mas tamb\u00e9m o aplaudiram de p\u00e9.<\/p>\n<p>Ao longo desse tempo, as atitudes republicanas em rela\u00e7\u00e3o ao ataque de 6 de Janeiro mudaram. Os legisladores do Partido Republicano condenaram o trabalho do comit\u00e9 liderado pelos Democratas que investigou o motim e contestaram veementemente as suas conclus\u00f5es. Alguns republicanos repetiram as palavras de Trump de que os manifestantes presos s\u00e3o \u201cref\u00e9ns\u201d que podem ser dignos de perd\u00e3o.<\/p>\n<p>Ainda assim, a quest\u00e3o pode acabar por ser complicada para Trump, que prometeu perd\u00f5es no \u201cprimeiro dia\u201d. N\u00e3o est\u00e1 claro quantas pessoas ele pretende perdoar ou se os infratores mais violentos seriam inclu\u00eddos.<\/p>\n<p>\u201cSe eles atacaram fisicamente os policiais, n\u00e3o acho que mere\u00e7am ser perdoados\u201d, disse o senador Markwayne Mullin, republicano de Oklahoma, um dos aliados mais pr\u00f3ximos de Trump, em entrevista \u00e0 CNN. \u201cAcho que eles deveriam cumprir sua pena.\u201d<\/p>\n<p>A senadora Catherine Cortez Masto, democrata de Nevada, disse que h\u00e1 legados do ataque, mesmo sem uma placa pendurada na parede \u2013 como o aumento da seguran\u00e7a na certifica\u00e7\u00e3o deste ano e o convite de Biden a Trump para comparecer ao Sal\u00e3o Oval ap\u00f3s a elei\u00e7\u00e3o , um regresso \u00e0 transi\u00e7\u00e3o pac\u00edfica de poder.<\/p>\n<p>\u201cVoc\u00ea n\u00e3o acha que as pessoas estavam pensando no fundo de suas mentes, isso foi diferente de 6 de janeiro?\u201d ela disse. \u201cEnt\u00e3o acontece, \u00e9 importante.\u201d<\/p>\n<p>O Congresso atualizou a Lei da Contagem Eleitoral, a lei misteriosa que rege a certifica\u00e7\u00e3o de uma elei\u00e7\u00e3o presidencial, para tornar mais dif\u00edcil para os membros do Congresso se oporem aos resultados.<\/p>\n<p>Ainda assim, com Trump novamente no poder e muitos republicanos a apoiar a sua vers\u00e3o dos acontecimentos, os democratas disseram temer que uma falsa narrativa de 6 de janeiro ganhe ainda mais for\u00e7a.<\/p>\n<p>\u201cSe voc\u00ea n\u00e3o quiser lembrar a hist\u00f3ria, ent\u00e3o as chances de ela se repetir s\u00e3o muito maiores\u201d, disse o deputado Jim McGovern, D-Mass. \u201cDeveria haver um momento de sil\u00eancio ou alguma comemora\u00e7\u00e3o. Certamente, deveria haver uma placa.\u201d<\/p>\n<p>Nos dias que se seguiram \u00e0 insurrei\u00e7\u00e3o, o deputado Jim Himes, D-Conn., disse acreditar que deveriam preservar uma janela quebrada como um lembrete. Mas as janelas foram substitu\u00eddas, refor\u00e7adas e limpas. Restam poucas evid\u00eancias dos danos generalizados, na casa dos milh\u00f5es de d\u00f3lares, que os manifestantes infligiram ao edif\u00edcio.<\/p>\n<p>\u00c9 \u201cdoloroso\u201d ver tentativas de reescrever o que aconteceu, disse Himes, mas ele n\u00e3o acha que o dia 6 de janeiro de 2021 ser\u00e1 esquecido.<\/p>\n<p>\u201cTenho confian\u00e7a na hist\u00f3ria\u201d, disse Himes.<\/p>\n<\/p><\/div>\n<p><script>\n\t\tvar consent=\"grant\";\n\t\t\/* The above code is parsing the JSON data from the local storage and storing it in a variable. *\/\n\t\t\t\t\tconst onetrustStorageConsent = JSON.parse(localStorage.getItem( 'consent_one_trust_bdc' ) );\n\t\t\tif ( ( onetrustStorageConsent !== null ) ) {\n\t\t\t\t\/* Checking to see if the user has consented to the use of cookies.\n\t\t\t\t* If they have not, it is deleting the cookie.\n\t\t\t\t* This will comment for now, until further notice.\n\t\t\t\t*\/\n\t\t\t\t\/\/if ( onetrustStorageConsent.C0002 === false ) {\n\t\t\t\t\/\/\tdocument.cookie=\"_fbp=;expires=Thu, 01 Jan 2010 00:00:00 UTC; path=\/; domain=.boston.com\";\n\t\t\t\t\/\/}\n\t\t\t\t\/* Checking if the user has given consent for the cookie C0002.\n\t\t\t\t* If the user has given consent, the variable consent will be set to 'grant'.\n\t\t\t\t* If the user has not given consent,the variable consent will be set to 'revoke'.\n\t\t\t\t* Documentation https:\/\/developers.facebook.com\/docs\/meta-pixel\/implementation\/gdpr\n\t\t\t\t*\/\n\t\t\t\tif ( onetrustStorageConsent.C0002 !== true ) {\n\t\t\t\t\tconsent=\"revoke\";\n\t\t\t\t}\n\t\t\t}\n\t\t\t\t!function(f,b,e,v,n,t,s)\n\t\t{if(f.fbq)return;n=f.fbq=function(){n.callMethod?\n\t\tn.callMethod.apply(n,arguments):n.queue.push(arguments)};\n\t\tif(!f._fbq)f._fbq=n;n.push=n;n.loaded=!0;n.version='2.0';\n\t\tn.queue=[];t=b.createElement(e);t.async=!0;\n\t\tt.src=v;s=b.getElementsByTagName(e)[0];\n\t\ts.parentNode.insertBefore(t,s)}(window, document,'script',\n\t\t'https:\/\/connect.facebook.net\/en_US\/fbevents.js');\n\t\tfbq('consent', consent);\n\t\tfbq('init', '989222871864976');\n\t\tfbq('track', 'PageView');\n\t<\/script><script type=\"module\">\n\t\tvar consent=\"grant\";\n\t\t\/* The above code is parsing the JSON data from the local storage and storing it in a variable. *\/\n\t\t\tconst onetrustStorageConsent = JSON.parse(localStorage.getItem( 'consent_one_trust_bdc' ) );\n\t\t\t\/* Checking to see if the user has consented to the use of cookies.\n\t\t\t* If they have not, it is deleting the cookie.\n\t\t\t* This will comment for now, until further notice.\n\t\t\t*\/\n\t\t\t\/\/if ( onetrustStorageConsent.C0002 === false ) {\n\t\t\t\/\/\tdocument.cookie=\"_fbp=;expires=Thu, 01 Jan 2010 00:00:00 UTC; path=\/; domain=.boston.com\";\n\t\t\t\/\/}\n\t\t\t\/* Checking if the user has given consent for the cookie C0002.\n\t\t\t* If the user has given consent, the variable consent will be set to 'grant'.\n\t\t\t* If the user has not given consent,the variable consent will be set to 'revoke'.\n\t\t\t* Documentation https:\/\/developers.facebook.com\/docs\/meta-pixel\/implementation\/gdpr\n\t\t\t*\/\n\t\t\tif ( ( onetrustStorageConsent !== null ) && (onetrustStorageConsent.C0002 !== true ) ) {\n\t\t\t\tconsent=\"revoke\";\n\t\t\t}\n\t\t\t\t!function(f,b,e,v,n,t,s){if(f.fbq)return;n=f.fbq=function()\n\t\t{n.callMethod? n.callMethod.apply(n,arguments):n.queue.push(arguments)}\n\t\t;if(!f._fbq)f._fbq=n;\n\t\tn.push=n;n.loaded=!0;n.version='2.0';n.queue=[];t=b.createElement(e);t.async=!0;\n\t\tt.src=v;s=b.getElementsByTagName(e)[0];s.parentNode.insertBefore(t,s)}(window,\n\t\tdocument,'script','https:\/\/connect.facebook.net\/en_US\/fbevents.js');\n\t\tfbq('consent', consent);\n\t\tfbq('init', '813236348753005');\n\t\tfbq('track', \"PageView\");\n\t<\/script><br \/>\n<br \/><br \/>\n<br \/><a href=\"https:\/\/www.boston.com\/news\/politics\/2025\/01\/04\/reminders-of-jan-6-attack-fade-in-the-capitol-as-trump-retakes-power\/\">Source link <\/a><\/p>","protected":false},"excerpt":{"rendered":"<p>Pol\u00edtica De certa forma, \u00e9 como se a insurrei\u00e7\u00e3o de 6 de janeiro de 2021, que abalou os alicerces da democracia americana, nunca tivesse acontecido. Manifestantes violentos, leais ao presidente&hellip;<\/p>","protected":false},"author":1,"featured_media":87607,"comment_status":"closed","ping_status":"open","sticky":false,"template":"","format":"standard","meta":{"content-type":"","footnotes":""},"categories":[1],"tags":[],"class_list":["post-87606","post","type-post","status-publish","format-standard","has-post-thumbnail","hentry","category-uncategorized"],"_links":{"self":[{"href":"https:\/\/tvbrazilusa.com\/pt\/wp-json\/wp\/v2\/posts\/87606","targetHints":{"allow":["GET"]}}],"collection":[{"href":"https:\/\/tvbrazilusa.com\/pt\/wp-json\/wp\/v2\/posts"}],"about":[{"href":"https:\/\/tvbrazilusa.com\/pt\/wp-json\/wp\/v2\/types\/post"}],"author":[{"embeddable":true,"href":"https:\/\/tvbrazilusa.com\/pt\/wp-json\/wp\/v2\/users\/1"}],"replies":[{"embeddable":true,"href":"https:\/\/tvbrazilusa.com\/pt\/wp-json\/wp\/v2\/comments?post=87606"}],"version-history":[{"count":1,"href":"https:\/\/tvbrazilusa.com\/pt\/wp-json\/wp\/v2\/posts\/87606\/revisions"}],"predecessor-version":[{"id":87608,"href":"https:\/\/tvbrazilusa.com\/pt\/wp-json\/wp\/v2\/posts\/87606\/revisions\/87608"}],"wp:featuredmedia":[{"embeddable":true,"href":"https:\/\/tvbrazilusa.com\/pt\/wp-json\/wp\/v2\/media\/87607"}],"wp:attachment":[{"href":"https:\/\/tvbrazilusa.com\/pt\/wp-json\/wp\/v2\/media?parent=87606"}],"wp:term":[{"taxonomy":"category","embeddable":true,"href":"https:\/\/tvbrazilusa.com\/pt\/wp-json\/wp\/v2\/categories?post=87606"},{"taxonomy":"post_tag","embeddable":true,"href":"https:\/\/tvbrazilusa.com\/pt\/wp-json\/wp\/v2\/tags?post=87606"}],"curies":[{"name":"wp","href":"https:\/\/api.w.org\/{rel}","templated":true}]}}