{"id":8783,"date":"2024-07-25T19:05:28","date_gmt":"2024-07-25T19:05:28","guid":{"rendered":"https:\/\/tvbrazilusa.com\/2024\/07\/25\/mohegan-sun-realizara-celebracao-em-homenagem-a-taylor-swift-em-setembro\/"},"modified":"2024-07-26T12:59:31","modified_gmt":"2024-07-26T12:59:31","slug":"mohegan-sun-realizara-celebracao-em-homenagem-a-taylor-swift-em-setembro","status":"publish","type":"post","link":"https:\/\/tvbrazilusa.com\/pt\/2024\/07\/25\/mohegan-sun-realizara-celebracao-em-homenagem-a-taylor-swift-em-setembro\/","title":{"rendered":"Mohegan Sun realizar\u00e1 celebra\u00e7\u00e3o em homenagem a Taylor Swift em setembro"},"content":{"rendered":"<script async src=\"https:\/\/pagead2.googlesyndication.com\/pagead\/js\/adsbygoogle.js?client=ca-pub-8864793242727901\"\r\n     crossorigin=\"anonymous\"><\/script>\n<p>UNCASVILLE, Conn. (WTNH) \u2014 Aten\u00e7\u00e3o, Swifties! O Mohegan Sun est\u00e1 planejando uma celebra\u00e7\u00e3o de Taylor Swift para 28 de setembro. <\/p>\n<p>O <a href=\"https:\/\/mohegansun.com\/events-and-promotions\/schedule-of-events\/_sun_patio\/are-you-ready-for-it-0928.html\" data-type=\"link\" data-id=\"https:\/\/mohegansun.com\/events-and-promotions\/schedule-of-events\/_sun_patio\/are-you-ready-for-it-0928.html\">&#8220;Voc\u00ea est\u00e1 pronto para isso? Um evento de tributo musical&#8221;<\/a> contar\u00e1 com uma banda tributo, food trucks, coquet\u00e9is tem\u00e1ticos, uma esta\u00e7\u00e3o de pulseiras da amizade e uma esta\u00e7\u00e3o de acess\u00f3rios para fotos tem\u00e1ticas.<\/p>\n<p>O Mohegan Sun disse que &#8220;o Sun Patio no Mohegan Sun se transformar\u00e1 em um para\u00edso encantado para uma celebra\u00e7\u00e3o especial de Taylor Swift como nenhuma outra!&#8221; <\/p>\n<div class=\"nlp-ignore-block article-content rich-text\">\n<aside class=\"promo-link\">\n\t<a href=\"https:\/\/www.wtnh.com\/entertainment-news\/ap-entertainment\/ap-taylor-swift-brings-out-travis-kelce-at-london-eras-tour-date\/?ipid=promo-link-block1\" class=\"promo-link__link\"><\/p>\n<p>\t\tTaylor Swift traz Travis Kelce na data da turn\u00ea Eras em Londres\t<\/a><br \/>\n<\/aside>\n<\/div>\n<p>O evento \u00e9 aberto a convidados de todas as idades. As portas abrem \u00e0s 17h, com o show come\u00e7ando \u00e0s 18h. <\/p>\n<p>Os ingressos j\u00e1 est\u00e3o \u00e0 venda atrav\u00e9s do <a href=\"https:\/\/www.ticketmaster.com\/event\/1D0060E6BC6D4ADD\" target=\"_blank\" rel=\"noreferrer noopener\">Ticketmaster.com<\/a>. <\/p>\n<p>Os assentos perto das fogueiras ser\u00e3o disponibilizados por ordem de chegada, e os participantes s\u00e3o incentivados a trazer suas pr\u00f3prias cadeiras.<\/p>\n<p><br \/>\n<br \/><a href=\"https:\/\/www.wtnh.com\/news\/connecticut\/mohegan-sun-to-hold-taylor-swift-tribute-celebration-in-september\/\">Source link <\/a><\/p>","protected":false},"excerpt":{"rendered":"<p>UNCASVILLE, Conn. (WTNH) \u2014 Aten\u00e7\u00e3o, Swifties! O Mohegan Sun est\u00e1 planejando uma celebra\u00e7\u00e3o de Taylor Swift para 28 de setembro. O &#8220;Voc\u00ea est\u00e1 pronto para isso? Um evento de tributo&hellip;<\/p>","protected":false},"author":1,"featured_media":8784,"comment_status":"closed","ping_status":"open","sticky":false,"template":"","format":"standard","meta":{"content-type":"","footnotes":""},"categories":[1],"tags":[],"class_list":["post-8783","post","type-post","status-publish","format-standard","has-post-thumbnail","hentry","category-uncategorized"],"_links":{"self":[{"href":"https:\/\/tvbrazilusa.com\/pt\/wp-json\/wp\/v2\/posts\/8783","targetHints":{"allow":["GET"]}}],"collection":[{"href":"https:\/\/tvbrazilusa.com\/pt\/wp-json\/wp\/v2\/posts"}],"about":[{"href":"https:\/\/tvbrazilusa.com\/pt\/wp-json\/wp\/v2\/types\/post"}],"author":[{"embeddable":true,"href":"https:\/\/tvbrazilusa.com\/pt\/wp-json\/wp\/v2\/users\/1"}],"replies":[{"embeddable":true,"href":"https:\/\/tvbrazilusa.com\/pt\/wp-json\/wp\/v2\/comments?post=8783"}],"version-history":[{"count":1,"href":"https:\/\/tvbrazilusa.com\/pt\/wp-json\/wp\/v2\/posts\/8783\/revisions"}],"predecessor-version":[{"id":8785,"href":"https:\/\/tvbrazilusa.com\/pt\/wp-json\/wp\/v2\/posts\/8783\/revisions\/8785"}],"wp:featuredmedia":[{"embeddable":true,"href":"https:\/\/tvbrazilusa.com\/pt\/wp-json\/wp\/v2\/media\/8784"}],"wp:attachment":[{"href":"https:\/\/tvbrazilusa.com\/pt\/wp-json\/wp\/v2\/media?parent=8783"}],"wp:term":[{"taxonomy":"category","embeddable":true,"href":"https:\/\/tvbrazilusa.com\/pt\/wp-json\/wp\/v2\/categories?post=8783"},{"taxonomy":"post_tag","embeddable":true,"href":"https:\/\/tvbrazilusa.com\/pt\/wp-json\/wp\/v2\/tags?post=8783"}],"curies":[{"name":"wp","href":"https:\/\/api.w.org\/{rel}","templated":true}]}}