{"id":87832,"date":"2025-01-05T18:36:00","date_gmt":"2025-01-05T18:36:00","guid":{"rendered":"https:\/\/tvbrazilusa.com\/2025\/01\/05\/shanya-mcwhinney-nativa-de-conyers-viaja-pelo-mundo-ajudando-e-servindo-aos-outros\/"},"modified":"2025-01-05T18:51:08","modified_gmt":"2025-01-05T18:51:08","slug":"shanya-mcwhinney-nativa-de-conyers-viaja-pelo-mundo-ajudando-e-servindo-aos-outros","status":"publish","type":"post","link":"https:\/\/tvbrazilusa.com\/pt\/2025\/01\/05\/shanya-mcwhinney-nativa-de-conyers-viaja-pelo-mundo-ajudando-e-servindo-aos-outros\/","title":{"rendered":"Shanya McWhinney, nativa de Conyers, viaja pelo mundo ajudando e servindo aos outros"},"content":{"rendered":"<script async src=\"https:\/\/pagead2.googlesyndication.com\/pagead\/js\/adsbygoogle.js?client=ca-pub-8864793242727901\"\r\n     crossorigin=\"anonymous\"><\/script>\n<p>Quando Shanya McWhinney completou recentemente 26 anos, ela comemorou sob o c\u00e9u estrelado da \u00c1frica do Sul. O simples fato de estar l\u00e1 j\u00e1 era um presente para o nativo de Conyers, cujas paix\u00f5es sempre inclu\u00edram viajar e servir ao pr\u00f3ximo.<br \/>\n<br \/><br \/>\n<br \/><a href=\"https:\/\/www.henryherald.com\/news\/conyers-native-shanya-mcwhinney-travels-the-world-helping-and-serving-others\/article_759f8f96-8bb6-5b5e-92ff-595ab1352557.html\">Source link <\/a><\/p>","protected":false},"excerpt":{"rendered":"<p>Quando Shanya McWhinney completou recentemente 26 anos, ela comemorou sob o c\u00e9u estrelado da \u00c1frica do Sul. O simples fato de estar l\u00e1 j\u00e1 era um presente para o nativo&hellip;<\/p>","protected":false},"author":1,"featured_media":87833,"comment_status":"closed","ping_status":"open","sticky":false,"template":"","format":"standard","meta":{"content-type":"","footnotes":""},"categories":[1],"tags":[5093,32208,31201,24076,32206,6279,106,32207,32209],"class_list":["post-87832","post","type-post","status-publish","format-standard","has-post-thumbnail","hentry","category-uncategorized","tag-assistencia-medica","tag-botsuana","tag-condado-de-rockdale","tag-conyers","tag-corpo-de-paz","tag-georgia","tag-saude","tag-universidade-mercer","tag-voluntariado"],"_links":{"self":[{"href":"https:\/\/tvbrazilusa.com\/pt\/wp-json\/wp\/v2\/posts\/87832","targetHints":{"allow":["GET"]}}],"collection":[{"href":"https:\/\/tvbrazilusa.com\/pt\/wp-json\/wp\/v2\/posts"}],"about":[{"href":"https:\/\/tvbrazilusa.com\/pt\/wp-json\/wp\/v2\/types\/post"}],"author":[{"embeddable":true,"href":"https:\/\/tvbrazilusa.com\/pt\/wp-json\/wp\/v2\/users\/1"}],"replies":[{"embeddable":true,"href":"https:\/\/tvbrazilusa.com\/pt\/wp-json\/wp\/v2\/comments?post=87832"}],"version-history":[{"count":1,"href":"https:\/\/tvbrazilusa.com\/pt\/wp-json\/wp\/v2\/posts\/87832\/revisions"}],"predecessor-version":[{"id":87834,"href":"https:\/\/tvbrazilusa.com\/pt\/wp-json\/wp\/v2\/posts\/87832\/revisions\/87834"}],"wp:featuredmedia":[{"embeddable":true,"href":"https:\/\/tvbrazilusa.com\/pt\/wp-json\/wp\/v2\/media\/87833"}],"wp:attachment":[{"href":"https:\/\/tvbrazilusa.com\/pt\/wp-json\/wp\/v2\/media?parent=87832"}],"wp:term":[{"taxonomy":"category","embeddable":true,"href":"https:\/\/tvbrazilusa.com\/pt\/wp-json\/wp\/v2\/categories?post=87832"},{"taxonomy":"post_tag","embeddable":true,"href":"https:\/\/tvbrazilusa.com\/pt\/wp-json\/wp\/v2\/tags?post=87832"}],"curies":[{"name":"wp","href":"https:\/\/api.w.org\/{rel}","templated":true}]}}