{"id":87850,"date":"2025-01-05T19:31:16","date_gmt":"2025-01-05T19:31:16","guid":{"rendered":"https:\/\/tvbrazilusa.com\/2025\/01\/05\/quem-e-o-empresario-que-desapareceu-apos-suposta-confusao-durante-compra-de-drogas\/"},"modified":"2025-01-05T19:31:17","modified_gmt":"2025-01-05T19:31:17","slug":"quem-e-o-empresario-que-desapareceu-apos-suposta-confusao-durante-compra-de-drogas","status":"publish","type":"post","link":"https:\/\/tvbrazilusa.com\/pt\/2025\/01\/05\/quem-e-o-empresario-que-desapareceu-apos-suposta-confusao-durante-compra-de-drogas\/","title":{"rendered":"Quem \u00e9 o empres\u00e1rio que desapareceu ap\u00f3s suposta confus\u00e3o durante compra de drogas"},"content":{"rendered":"<p> <script async src=\"https:\/\/pagead2.googlesyndication.com\/pagead\/js\/adsbygoogle.js?client=ca-pub-8864793242727901\"\r\n     crossorigin=\"anonymous\"><\/script><br \/>\n<\/p>\n<div id=\"taboola-read-more\" style=\"display:block; width:100%\">\n<p>Dono de uma temakeria na cidade de S\u00e3o Vicente, no litoral paulista, o empres\u00e1rio Bruno Lorenzo Moreira, 27 anos,\u00a0<a href=\"https:\/\/www.cnnbrasil.com.br\/nacional\/sudeste\/sp\/empresario-de-27-anos-desaparece-na-praia-grande-sp-em-suposta-confusao-apos-compra-de-drogas\/\" target=\"_blank\" rel=\"noopener noreferrer\">est\u00e1 desaparecido desde o dia 29 de dezembro<\/a>. Segundo a fam\u00edlia, ele foi visto pela \u00faltima vez por volta das 3h na Praia Grande \u2013munic\u00edpio tamb\u00e9m localizado na Baixada Santista\n<\/p>\n<p>Segundo a pol\u00edcia, antes do desaparecimento, Bruno e um amigo teriam sa\u00eddo para comprar drogas. Eles teriam se envolvido em uma confus\u00e3o no bairro Vila Cai\u00e7ara, na Praia Grande.<\/p>\n<figure id=\"attachment_12050536\" class=\"wp-caption alignnone fullscreen-wrapper\"><figcaption id=\"caption-attachment-12050536\" class=\"wp-caption-text\">O empres\u00e1rio Bruno Lorenzo Moreira, 27 anos, foi visto pela \u00faltima vez no dia 29 de dezembro em Praia Grande (SP) \u2022 Reprodu\u00e7\u00e3o\/redes sociais<\/figcaption><\/figure>\n<p>De acordo com o boletim de ocorr\u00eancia, o amigo dele \u2013cujo nome n\u00e3o foi divulgado\u2013 conseguiu fugir e desde ent\u00e3o n\u00e3o sabe o que ocorreu com Bruno. O celular do empres\u00e1rio foi achado no dia 1\u00ba de Janeiro na cidade vizinha de Mongagu\u00e1. A Pol\u00edcia Civil est\u00e1 investigando o caso.\n<\/p>\n<h2>Quem \u00e9 o empres\u00e1rio<\/h2>\n<p>Bruno Lorenzo Moreira \u00e9 dono de uma temakeria no Parque S\u00e3o Vicente. O estabelecimento, apesar de ser focado na iguaria de origem oriental, tamb\u00e9m vende produtos como hamb\u00fargueres, pizza e batata frita.\n<\/p>\n<p>Nas redes sociais, a temakeria informa que, temporariamente, est\u00e1 atendendo somente pelo delivery, j\u00e1 que est\u00e1 executando obras no sal\u00e3o de clientes.\n<\/p>\n<p>O empres\u00e1rio desapareceu quando a mulher dele estava na fase final de uma gravidez. O filho deles nasceu neste fim de semana.\n<\/p>\n<p>Ap\u00f3s o parto, a mulher do empres\u00e1rio postou uma carta aberta a ele. No texto, ela diz que a data \u201cseria um dos dias mais importantes em todos as nossas vidas\u201d.\n<\/p>\n<p>\u201cEu estava ali trazendo ao mundo o nosso mundo, nosso maior sonho, mas me sentia totalmente incompleta. Me falta alguma coisa\u201d, escreveu. \u201cA cada segundo me pego pensando e me pergunto: \u2018por que voc\u00ea simplesmente n\u00e3o segurou ele em casa aquele dia?\u2019 Tudo teria sido diferente e eu teria voc\u00ea comigo\u201d, acrescentou.\n<\/p>\n<p>\u201cEstou ansiosa para o momento em que voc\u00ea vai entrar pela porta do nosso apartamento, que demoramos muito tempo pra deixar aconchegante do jeitinho que quer\u00edamos\u201d, continua o texto.\n<\/p>\n<p>No dia 15 de outubro do ano passado, cerca de dois meses antes de desaparecer, Bruno postou uma foto do ch\u00e1 revela\u00e7\u00e3o, em que descobriu que seria pai de um menino. Na legenda, escreveu: \u201cFaltam dois meses. O pai \u2018t\u00e1\u2019 ansioso demais pela sua chegada, filho.\u201d\n<\/p>\n<p>Com informa\u00e7\u00f5es CNN Brasil.\n              <\/p>\n<\/div>\n<p><br \/>\n<br \/><a href=\"https:\/\/diariodobrasilnoticias.com.br\/noticia\/quem-e-o-empresario-que-desapareceu-apos-suposta-confusao-durante-compra-de-drogas-677aba00c2656\">Source link <\/a><\/p>","protected":false},"excerpt":{"rendered":"<p>Dono de uma temakeria na cidade de S\u00e3o Vicente, no litoral paulista, o empres\u00e1rio Bruno Lorenzo Moreira, 27 anos,\u00a0est\u00e1 desaparecido desde o dia 29 de dezembro. Segundo a fam\u00edlia, ele&hellip;<\/p>","protected":false},"author":1,"featured_media":87851,"comment_status":"closed","ping_status":"open","sticky":false,"template":"","format":"standard","meta":{"content-type":"","footnotes":""},"categories":[16],"tags":[123,2448,5313,1267],"class_list":["post-87850","post","type-post","status-publish","format-standard","has-post-thumbnail","hentry","category-noticias","tag-brasil","tag-diario","tag-noticia","tag-noticias"],"_links":{"self":[{"href":"https:\/\/tvbrazilusa.com\/pt\/wp-json\/wp\/v2\/posts\/87850","targetHints":{"allow":["GET"]}}],"collection":[{"href":"https:\/\/tvbrazilusa.com\/pt\/wp-json\/wp\/v2\/posts"}],"about":[{"href":"https:\/\/tvbrazilusa.com\/pt\/wp-json\/wp\/v2\/types\/post"}],"author":[{"embeddable":true,"href":"https:\/\/tvbrazilusa.com\/pt\/wp-json\/wp\/v2\/users\/1"}],"replies":[{"embeddable":true,"href":"https:\/\/tvbrazilusa.com\/pt\/wp-json\/wp\/v2\/comments?post=87850"}],"version-history":[{"count":1,"href":"https:\/\/tvbrazilusa.com\/pt\/wp-json\/wp\/v2\/posts\/87850\/revisions"}],"predecessor-version":[{"id":87852,"href":"https:\/\/tvbrazilusa.com\/pt\/wp-json\/wp\/v2\/posts\/87850\/revisions\/87852"}],"wp:featuredmedia":[{"embeddable":true,"href":"https:\/\/tvbrazilusa.com\/pt\/wp-json\/wp\/v2\/media\/87851"}],"wp:attachment":[{"href":"https:\/\/tvbrazilusa.com\/pt\/wp-json\/wp\/v2\/media?parent=87850"}],"wp:term":[{"taxonomy":"category","embeddable":true,"href":"https:\/\/tvbrazilusa.com\/pt\/wp-json\/wp\/v2\/categories?post=87850"},{"taxonomy":"post_tag","embeddable":true,"href":"https:\/\/tvbrazilusa.com\/pt\/wp-json\/wp\/v2\/tags?post=87850"}],"curies":[{"name":"wp","href":"https:\/\/api.w.org\/{rel}","templated":true}]}}