{"id":87873,"date":"2025-01-05T20:42:26","date_gmt":"2025-01-05T20:42:26","guid":{"rendered":"https:\/\/tvbrazilusa.com\/2025\/01\/05\/lider-do-governo-lula-na-camara-surge-em-audios-sobre-compra-de-votos\/"},"modified":"2025-01-05T20:42:27","modified_gmt":"2025-01-05T20:42:27","slug":"lider-do-governo-lula-na-camara-surge-em-audios-sobre-compra-de-votos","status":"publish","type":"post","link":"https:\/\/tvbrazilusa.com\/pt\/2025\/01\/05\/lider-do-governo-lula-na-camara-surge-em-audios-sobre-compra-de-votos\/","title":{"rendered":"L\u00edder do governo Lula na C\u00e2mara surge em \u00e1udios sobre compra de votos"},"content":{"rendered":"<p> <script async src=\"https:\/\/pagead2.googlesyndication.com\/pagead\/js\/adsbygoogle.js?client=ca-pub-8864793242727901\"\r\n     crossorigin=\"anonymous\"><\/script><br \/>\n<\/p>\n<div id=\"taboola-read-more\" style=\"display:block; width:100%\">\n<p>l\u00edder do governo Lula (PT) na C\u00e2mara dos Deputados, o deputado federal Jos\u00e9 Guimar\u00e3es (PT-CE) apareceu em \u00e1udios encontrados pela Pol\u00edcia Federal (PF) em uma investiga\u00e7\u00e3o que apura compra de votos e supostos desvios de recursos em emendas parlamentares no Cear\u00e1. O inqu\u00e9rito \u00e9 anterior \u00e0s decis\u00f5es d<a href=\"https:\/\/12ft.io\/proxy?q=https%3A%2F%2Fwww.gazetadopovo.com.br%2Frepublica%2Fpf-abre-inquerito-e-investiga-repasse-de-r-4-bilhoes-em-emendas%2F\" target=\"_parent\">o ministro do Supremo Tribunal Federal (STF) Fl\u00e1vio Dino<\/a>\u00a0de barrar emendas parlamentares ao or\u00e7amento por alegada falta de transpar\u00eancia. Embora seu nome tenha surgido no levantamento de provas Guimar\u00e3es n\u00e3o \u00e9 tratado como investigado. Ele nega ter liga\u00e7\u00e3o com os fatos.\n<\/p>\n<div>\n<p class=\"postParagraph_post-paragraph__juWZN\">O suposto esquema, revelado pela revista Piau\u00ed nesta semana e confirmado pela Gazeta do Povo com fontes ligadas \u00e0 investiga\u00e7\u00e3o, indicam o que seria uma negocia\u00e7\u00e3o em um pequeno munic\u00edpio no interior do Cear\u00e1, Chor\u00f3. A suspeita \u00e9 de que seriam desviados 12% de uma emenda parlamentar \u00e0 sa\u00fade no valor de R$ 1,5 milh\u00e3o, totalizando cerca de R$ 180 mil para poss\u00edveis a\u00e7\u00f5es il\u00edcitas.<\/p>\n<\/div>\n<div>\n<p class=\"postParagraph_post-paragraph__juWZN\">As conversas foram extra\u00eddas de um aplicativo de troca de mensagens envolvendo um empres\u00e1rio local identificado como Carlos Douglas Almeida Leandro e o ent\u00e3o candidato a prefeito em Chor\u00f3, Carlos Alberto Queiroz Pereira, popularmente conhecido como Bebeto (PSB). A reportagem tentou contato com as defesas do empres\u00e1rio e do pol\u00edtico, mas n\u00e3o obteve resposta.\n<\/p>\n<\/div>\n<div>\n<p class=\"postParagraph_post-paragraph__juWZN\">Bebeto se elegeu em 6 de outubro do ano passado, mas foi preso em novembro acusado pelo Minist\u00e9rio P\u00fablico por suspeita de desvio de recursos p\u00fablicos em obras p\u00fablicas e em cestas b\u00e1sicas. Este ato teria ocorrido, segundo o Minist\u00e9rio P\u00fablico, em parceria com o ent\u00e3o prefeito de Chor\u00f3, que \u00e9 do PT.\n<\/p>\n<\/div>\n<p>\u00a0<\/p>\n<div>\n<p class=\"postParagraph_post-paragraph__juWZN\">Bebeto foi colocado em liberdade alguns dias depois da pris\u00e3o. Mas a PF pediu nova pris\u00e3o sob outra suspeita: a de compra de votos. Mas ele j\u00e1 havia fugido e continua foragido at\u00e9 o momento da publica\u00e7\u00e3o da reportagem. Ele n\u00e3o tomou posse dia 1\u00ba de janeiro e quem assumiu o comando do munic\u00edpio de forma interina foi o presidente da C\u00e2mara de Vereadores. A chapa de Bebeto \u00e9 alvo de um pedido de cassa\u00e7\u00e3o diante das suspeitas de fraudes eleitorais.\n<\/p>\n<\/div>\n<div>\n<p class=\"postParagraph_post-paragraph__juWZN\">O nome do l\u00edder do governo na C\u00e2mara dos Deputados, Jos\u00e9 Guimar\u00e3es, apareceu em intercepta\u00e7\u00f5es de conversas no celular de Bebeto, que foi apreendido durante opera\u00e7\u00e3o da PF no ano passado. Na ocasi\u00e3o, o pol\u00edtico agora foragido foi alvo de busca e apreens\u00e3o. As conversas \u00e0s quais Guimar\u00e3es \u00e9 citado foram interceptadas em diferentes datas e n\u00e3o h\u00e1 conversas diretas entre o pol\u00edtico local e o deputado federal identificadas at\u00e9 o momento.\n<\/p>\n<\/div>\n<div>\n<p class=\"postParagraph_post-paragraph__juWZN\">A trama, no entanto, se desenha da seguinte forma: em 13 de setembro, menos de um m\u00eas antes das elei\u00e7\u00f5es, o empres\u00e1rio de Chor\u00f3, Almeida Leandro, possivelmente ligado \u00e0 campanha de Bebeto, enviou um \u00e1udio ao ent\u00e3o candidato Bebeto. O empres\u00e1rio indicava, na leitura da PF, a sugest\u00e3o de desvio de recursos a partir de uma emenda de comiss\u00e3o destinada pelo deputado federal Jos\u00e9 Guimar\u00e3es, do PT.\n<\/p>\n<p class=\"postParagraph_post-paragraph__juWZN\">Com informa\u00e7\u00f5es gazeta do povo\n<\/p>\n<\/div><\/div>\n<p><br \/>\n<br \/><a href=\"https:\/\/diariodobrasilnoticias.com.br\/noticia\/lider-do-governo-lula-na-camara-surge-em-audios-sobre-compra-de-votos-677acf80ea0a9\">Source link <\/a><\/p>","protected":false},"excerpt":{"rendered":"<p>l\u00edder do governo Lula (PT) na C\u00e2mara dos Deputados, o deputado federal Jos\u00e9 Guimar\u00e3es (PT-CE) apareceu em \u00e1udios encontrados pela Pol\u00edcia Federal (PF) em uma investiga\u00e7\u00e3o que apura compra de&hellip;<\/p>","protected":false},"author":1,"featured_media":87874,"comment_status":"closed","ping_status":"open","sticky":false,"template":"","format":"standard","meta":{"content-type":"","footnotes":""},"categories":[16],"tags":[123,2448,5313,1267],"class_list":["post-87873","post","type-post","status-publish","format-standard","has-post-thumbnail","hentry","category-noticias","tag-brasil","tag-diario","tag-noticia","tag-noticias"],"_links":{"self":[{"href":"https:\/\/tvbrazilusa.com\/pt\/wp-json\/wp\/v2\/posts\/87873","targetHints":{"allow":["GET"]}}],"collection":[{"href":"https:\/\/tvbrazilusa.com\/pt\/wp-json\/wp\/v2\/posts"}],"about":[{"href":"https:\/\/tvbrazilusa.com\/pt\/wp-json\/wp\/v2\/types\/post"}],"author":[{"embeddable":true,"href":"https:\/\/tvbrazilusa.com\/pt\/wp-json\/wp\/v2\/users\/1"}],"replies":[{"embeddable":true,"href":"https:\/\/tvbrazilusa.com\/pt\/wp-json\/wp\/v2\/comments?post=87873"}],"version-history":[{"count":1,"href":"https:\/\/tvbrazilusa.com\/pt\/wp-json\/wp\/v2\/posts\/87873\/revisions"}],"predecessor-version":[{"id":87875,"href":"https:\/\/tvbrazilusa.com\/pt\/wp-json\/wp\/v2\/posts\/87873\/revisions\/87875"}],"wp:featuredmedia":[{"embeddable":true,"href":"https:\/\/tvbrazilusa.com\/pt\/wp-json\/wp\/v2\/media\/87874"}],"wp:attachment":[{"href":"https:\/\/tvbrazilusa.com\/pt\/wp-json\/wp\/v2\/media?parent=87873"}],"wp:term":[{"taxonomy":"category","embeddable":true,"href":"https:\/\/tvbrazilusa.com\/pt\/wp-json\/wp\/v2\/categories?post=87873"},{"taxonomy":"post_tag","embeddable":true,"href":"https:\/\/tvbrazilusa.com\/pt\/wp-json\/wp\/v2\/tags?post=87873"}],"curies":[{"name":"wp","href":"https:\/\/api.w.org\/{rel}","templated":true}]}}