{"id":87888,"date":"2025-01-04T23:42:52","date_gmt":"2025-01-04T23:42:52","guid":{"rendered":"https:\/\/tvbrazilusa.com\/2025\/01\/04\/video-os-eventos-funerarios-de-jimmy-carter-comecam-na-georgia\/"},"modified":"2025-01-05T21:23:34","modified_gmt":"2025-01-05T21:23:34","slug":"video-os-eventos-funerarios-de-jimmy-carter-comecam-na-georgia","status":"publish","type":"post","link":"https:\/\/tvbrazilusa.com\/pt\/2025\/01\/04\/video-os-eventos-funerarios-de-jimmy-carter-comecam-na-georgia\/","title":{"rendered":"V\u00eddeo: Os eventos funer\u00e1rios de Jimmy Carter come\u00e7am na Ge\u00f3rgia"},"content":{"rendered":"<p> <script async src=\"https:\/\/pagead2.googlesyndication.com\/pagead\/js\/adsbygoogle.js?client=ca-pub-8864793242727901\"\r\n     crossorigin=\"anonymous\"><\/script><br \/>\n<br \/>Uma carreata transportando os restos mortais de Jimmy Carter passou pela cidade natal do ex-presidente e pelo Capit\u00f3lio do Estado da Ge\u00f3rgia antes de terminar no Carter Center para um servi\u00e7o memorial.<br \/>\n<br \/><br \/>\n<br \/><a href=\"https:\/\/www.nytimes.com\/video\/us\/100000009908238\/jimmy-carter-funeral-procession.html\">Source link <\/a><\/p>","protected":false},"excerpt":{"rendered":"<p>Uma carreata transportando os restos mortais de Jimmy Carter passou pela cidade natal do ex-presidente e pelo Capit\u00f3lio do Estado da Ge\u00f3rgia antes de terminar no Carter Center para um&hellip;<\/p>","protected":false},"author":1,"featured_media":87889,"comment_status":"closed","ping_status":"open","sticky":false,"template":"","format":"standard","meta":{"content-type":"","footnotes":""},"categories":[1],"tags":[4853,32225,6279,32081],"class_list":["post-87888","post","type-post","status-publish","format-standard","has-post-thumbnail","hentry","category-uncategorized","tag-centro-carter","tag-funerais","tag-georgia","tag-jimmy-carter"],"_links":{"self":[{"href":"https:\/\/tvbrazilusa.com\/pt\/wp-json\/wp\/v2\/posts\/87888","targetHints":{"allow":["GET"]}}],"collection":[{"href":"https:\/\/tvbrazilusa.com\/pt\/wp-json\/wp\/v2\/posts"}],"about":[{"href":"https:\/\/tvbrazilusa.com\/pt\/wp-json\/wp\/v2\/types\/post"}],"author":[{"embeddable":true,"href":"https:\/\/tvbrazilusa.com\/pt\/wp-json\/wp\/v2\/users\/1"}],"replies":[{"embeddable":true,"href":"https:\/\/tvbrazilusa.com\/pt\/wp-json\/wp\/v2\/comments?post=87888"}],"version-history":[{"count":1,"href":"https:\/\/tvbrazilusa.com\/pt\/wp-json\/wp\/v2\/posts\/87888\/revisions"}],"predecessor-version":[{"id":87890,"href":"https:\/\/tvbrazilusa.com\/pt\/wp-json\/wp\/v2\/posts\/87888\/revisions\/87890"}],"wp:featuredmedia":[{"embeddable":true,"href":"https:\/\/tvbrazilusa.com\/pt\/wp-json\/wp\/v2\/media\/87889"}],"wp:attachment":[{"href":"https:\/\/tvbrazilusa.com\/pt\/wp-json\/wp\/v2\/media?parent=87888"}],"wp:term":[{"taxonomy":"category","embeddable":true,"href":"https:\/\/tvbrazilusa.com\/pt\/wp-json\/wp\/v2\/categories?post=87888"},{"taxonomy":"post_tag","embeddable":true,"href":"https:\/\/tvbrazilusa.com\/pt\/wp-json\/wp\/v2\/tags?post=87888"}],"curies":[{"name":"wp","href":"https:\/\/api.w.org\/{rel}","templated":true}]}}