{"id":87894,"date":"2025-01-05T21:38:14","date_gmt":"2025-01-05T21:38:14","guid":{"rendered":"https:\/\/tvbrazilusa.com\/2025\/01\/05\/vice-do-equador-desafia-noboa-e-anuncia-que-assumira-presidencia\/"},"modified":"2025-01-05T21:38:15","modified_gmt":"2025-01-05T21:38:15","slug":"vice-do-equador-desafia-noboa-e-anuncia-que-assumira-presidencia","status":"publish","type":"post","link":"https:\/\/tvbrazilusa.com\/pt\/2025\/01\/05\/vice-do-equador-desafia-noboa-e-anuncia-que-assumira-presidencia\/","title":{"rendered":"Vice do Equador desafia Noboa e anuncia que assumir\u00e1 presid\u00eancia"},"content":{"rendered":"<p> <script async src=\"https:\/\/pagead2.googlesyndication.com\/pagead\/js\/adsbygoogle.js?client=ca-pub-8864793242727901\"\r\n     crossorigin=\"anonymous\"><\/script><br \/>\n<\/p>\n<div id=\"content_post\">\n<p>A vice-presidente do Equador,\u00a0<strong>Ver\u00f3nica Abad<\/strong>\u00a0, anunciou que\u00a0<strong>assumir\u00e1 temporariamente a presid\u00eancia do pa\u00eds\u00a0<\/strong>a partir deste domingo, 5, data marcada pelo in\u00edcio da campanha eleitoral para as elei\u00e7\u00f5es de fevereiro.\u00a0\n<\/p>\n<p>O an\u00fancio, feito sem o aval do presidente Daniel Noboa, intensifica a crise pol\u00edtica entre os dois l\u00edderes, cuja rela\u00e7\u00e3o est\u00e1 deteriorada desde o in\u00edcio do mandato.<\/p>\n<p>AR<br \/>A vice-presidente do Equador, Ver\u00f3nica Abad (foto), anunciou que assumir\u00e1 temporariamente a presid\u00eancia do pa\u00eds a partir deste domingo, 5, data marcada pelo in\u00edcio da campanha eleitoral para as elei\u00e7\u00f5es de fevereiro.\n<\/p>\n<p>O an\u00fancio, feito sem o aval do presidente Daniel Noboa, intensifica a crise pol\u00edtica entre os dois l\u00edderes, cuja rela\u00e7\u00e3o est\u00e1 deteriorada desde o in\u00edcio do mandato.\n<\/p>\n<p>\u201cEm 5 de janeiro de 2025, assumirei a presid\u00eancia constitucional da Rep\u00fablica do Equador por mandato expresso da lei\u201d, afirmou Abad em v\u00eddeo publicado no X.\n<\/p>\n<p>Segundo ela, a transi\u00e7\u00e3o seria necess\u00e1ria devido \u00e0 candidatura de Noboa \u00e0 reelei\u00e7\u00e3o, que, em sua vis\u00e3o, exige que ele se licencie do cargo durante a campanha.\n<\/p>\n<h2 id=\"h-rompimento-politico\" class=\"wp-block-heading\"><strong>Rompimento pol\u00edtico<\/strong><\/h2>\n<p>Abad e Noboa, eleitos em outubro de 2023 para concluir o mandato do ex-presidente Guillermo Lasso,\u00a0<strong>romperam politicamente logo ap\u00f3s a posse.<\/strong>\u00a0\n<\/p>\n<p>Noboa j\u00e1 havia designado Abad para atuar como\u00a0<strong>conselheira tempor\u00e1ria na embaixada equatoriana na Turquia<\/strong>, medida que a vice considerou uma tentativa de afast\u00e1-la do pa\u00eds.\u00a0\n<\/p>\n<p>Em resposta, Abad se recusou a cumprir a determina\u00e7\u00e3o, o que levou Noboa a nomear Sariha Moya, sua ministra do Planejamento, como vice-presidente interina at\u00e9 22 de janeiro ou at\u00e9 que Abad se apresente \u00e0 embaixada.\n<\/p>\n<p>A Constitui\u00e7\u00e3o equatoriana exige que presidentes que buscam reelei\u00e7\u00e3o\u00a0<strong>tirem licen\u00e7a para realizar campanha<\/strong>. No entanto, o governo de Noboa argumenta que essa regra n\u00e3o se aplica ao caso, pois ele est\u00e1 concluindo o mandato de outro presidente e sua candidatura n\u00e3o configura reelei\u00e7\u00e3o.\u00a0\n<\/p>\n<p>O ministro de Governo, Jos\u00e9 de la Gasca, refor\u00e7ou que \u201cn\u00e3o h\u00e1 norma expressa que obrigue Noboa a se licenciar\u201d.\n<\/p>\n<p>Especialistas em direito constitucional do Equador divergem. O constitucionalista Andr\u00e9 Benavides afirmou \u00e0 Associated Press que Noboa est\u00e1 legalmente obrigado a tirar licen\u00e7a, sob risco de cometer uma infra\u00e7\u00e3o que poderia levar \u00e0 perda de seus direitos pol\u00edticos ou at\u00e9 \u00e0 destitui\u00e7\u00e3o.\n<\/p>\n<p>Com informa\u00e7\u00f5es o antagonista\n<\/p>\n<\/div>\n<p><br \/>\n<br \/><a href=\"https:\/\/diariodobrasilnoticias.com.br\/noticia\/vice-do-equador-desafia-noboa-e-anuncia-que-assumira-presidencia-677ad99157c98\">Source link <\/a><\/p>","protected":false},"excerpt":{"rendered":"<p>A vice-presidente do Equador,\u00a0Ver\u00f3nica Abad\u00a0, anunciou que\u00a0assumir\u00e1 temporariamente a presid\u00eancia do pa\u00eds\u00a0a partir deste domingo, 5, data marcada pelo in\u00edcio da campanha eleitoral para as elei\u00e7\u00f5es de fevereiro.\u00a0 O an\u00fancio,&hellip;<\/p>","protected":false},"author":1,"featured_media":87895,"comment_status":"closed","ping_status":"open","sticky":false,"template":"","format":"standard","meta":{"content-type":"","footnotes":""},"categories":[16],"tags":[123,2448,5313,1267],"class_list":["post-87894","post","type-post","status-publish","format-standard","has-post-thumbnail","hentry","category-noticias","tag-brasil","tag-diario","tag-noticia","tag-noticias"],"_links":{"self":[{"href":"https:\/\/tvbrazilusa.com\/pt\/wp-json\/wp\/v2\/posts\/87894","targetHints":{"allow":["GET"]}}],"collection":[{"href":"https:\/\/tvbrazilusa.com\/pt\/wp-json\/wp\/v2\/posts"}],"about":[{"href":"https:\/\/tvbrazilusa.com\/pt\/wp-json\/wp\/v2\/types\/post"}],"author":[{"embeddable":true,"href":"https:\/\/tvbrazilusa.com\/pt\/wp-json\/wp\/v2\/users\/1"}],"replies":[{"embeddable":true,"href":"https:\/\/tvbrazilusa.com\/pt\/wp-json\/wp\/v2\/comments?post=87894"}],"version-history":[{"count":1,"href":"https:\/\/tvbrazilusa.com\/pt\/wp-json\/wp\/v2\/posts\/87894\/revisions"}],"predecessor-version":[{"id":87896,"href":"https:\/\/tvbrazilusa.com\/pt\/wp-json\/wp\/v2\/posts\/87894\/revisions\/87896"}],"wp:featuredmedia":[{"embeddable":true,"href":"https:\/\/tvbrazilusa.com\/pt\/wp-json\/wp\/v2\/media\/87895"}],"wp:attachment":[{"href":"https:\/\/tvbrazilusa.com\/pt\/wp-json\/wp\/v2\/media?parent=87894"}],"wp:term":[{"taxonomy":"category","embeddable":true,"href":"https:\/\/tvbrazilusa.com\/pt\/wp-json\/wp\/v2\/categories?post=87894"},{"taxonomy":"post_tag","embeddable":true,"href":"https:\/\/tvbrazilusa.com\/pt\/wp-json\/wp\/v2\/tags?post=87894"}],"curies":[{"name":"wp","href":"https:\/\/api.w.org\/{rel}","templated":true}]}}