{"id":87900,"date":"2025-01-05T21:50:05","date_gmt":"2025-01-05T21:50:05","guid":{"rendered":"https:\/\/tvbrazilusa.com\/2025\/01\/05\/as-policiais-de-elite-que-criam-lacos-de-vida-com-vitimas-de-trafico-sexual-que-salvaram\/"},"modified":"2025-01-05T21:50:06","modified_gmt":"2025-01-05T21:50:06","slug":"as-policiais-de-elite-que-criam-lacos-de-vida-com-vitimas-de-trafico-sexual-que-salvaram","status":"publish","type":"post","link":"https:\/\/tvbrazilusa.com\/pt\/2025\/01\/05\/as-policiais-de-elite-que-criam-lacos-de-vida-com-vitimas-de-trafico-sexual-que-salvaram\/","title":{"rendered":"As policiais de elite que criam la\u00e7os de vida com v\u00edtimas de tr\u00e1fico sexual que salvaram"},"content":{"rendered":"<p> <script async src=\"https:\/\/pagead2.googlesyndication.com\/pagead\/js\/adsbygoogle.js?client=ca-pub-8864793242727901\"\r\n     crossorigin=\"anonymous\"><\/script><br \/>\n<br \/>As policiais de elite que criam la\u00e7os de vida com v\u00edtimas de tr\u00e1fico sexual que salvaram<br \/>\n<br \/><br \/>\n<br \/><a href=\"https:\/\/diariodobrasilnoticias.com.br\/noticia\/as-policiais-de-elite-que-criam-lacos-de-vida-com-vitimas-de-trafico-sexual-que-salvaram-677adef1eb0b0\">Source link <\/a><\/p>","protected":false},"excerpt":{"rendered":"<p>As policiais de elite que criam la\u00e7os de vida com v\u00edtimas de tr\u00e1fico sexual que salvaram Source link<\/p>","protected":false},"author":1,"featured_media":87901,"comment_status":"closed","ping_status":"open","sticky":false,"template":"","format":"standard","meta":{"content-type":"","footnotes":""},"categories":[16],"tags":[123,2448,5313,1267],"class_list":["post-87900","post","type-post","status-publish","format-standard","has-post-thumbnail","hentry","category-noticias","tag-brasil","tag-diario","tag-noticia","tag-noticias"],"_links":{"self":[{"href":"https:\/\/tvbrazilusa.com\/pt\/wp-json\/wp\/v2\/posts\/87900","targetHints":{"allow":["GET"]}}],"collection":[{"href":"https:\/\/tvbrazilusa.com\/pt\/wp-json\/wp\/v2\/posts"}],"about":[{"href":"https:\/\/tvbrazilusa.com\/pt\/wp-json\/wp\/v2\/types\/post"}],"author":[{"embeddable":true,"href":"https:\/\/tvbrazilusa.com\/pt\/wp-json\/wp\/v2\/users\/1"}],"replies":[{"embeddable":true,"href":"https:\/\/tvbrazilusa.com\/pt\/wp-json\/wp\/v2\/comments?post=87900"}],"version-history":[{"count":1,"href":"https:\/\/tvbrazilusa.com\/pt\/wp-json\/wp\/v2\/posts\/87900\/revisions"}],"predecessor-version":[{"id":87902,"href":"https:\/\/tvbrazilusa.com\/pt\/wp-json\/wp\/v2\/posts\/87900\/revisions\/87902"}],"wp:featuredmedia":[{"embeddable":true,"href":"https:\/\/tvbrazilusa.com\/pt\/wp-json\/wp\/v2\/media\/87901"}],"wp:attachment":[{"href":"https:\/\/tvbrazilusa.com\/pt\/wp-json\/wp\/v2\/media?parent=87900"}],"wp:term":[{"taxonomy":"category","embeddable":true,"href":"https:\/\/tvbrazilusa.com\/pt\/wp-json\/wp\/v2\/categories?post=87900"},{"taxonomy":"post_tag","embeddable":true,"href":"https:\/\/tvbrazilusa.com\/pt\/wp-json\/wp\/v2\/tags?post=87900"}],"curies":[{"name":"wp","href":"https:\/\/api.w.org\/{rel}","templated":true}]}}