{"id":87906,"date":"2025-01-05T22:08:07","date_gmt":"2025-01-05T22:08:07","guid":{"rendered":"https:\/\/tvbrazilusa.com\/2025\/01\/05\/preco-da-gasolina-vai-subir-em-fevereiro-em-meio-a-alta-do-dolar\/"},"modified":"2025-01-05T22:08:08","modified_gmt":"2025-01-05T22:08:08","slug":"preco-da-gasolina-vai-subir-em-fevereiro-em-meio-a-alta-do-dolar","status":"publish","type":"post","link":"https:\/\/tvbrazilusa.com\/pt\/2025\/01\/05\/preco-da-gasolina-vai-subir-em-fevereiro-em-meio-a-alta-do-dolar\/","title":{"rendered":"Pre\u00e7o da gasolina vai subir em fevereiro, em meio \u00e0 alta do d\u00f3lar"},"content":{"rendered":"<p> <script async src=\"https:\/\/pagead2.googlesyndication.com\/pagead\/js\/adsbygoogle.js?client=ca-pub-8864793242727901\"\r\n     crossorigin=\"anonymous\"><\/script><br \/>\n<\/p>\n<div id=\"taboola-read-more\" style=\"display:block; width:100%\">\n<p>O Imposto sobre Circula\u00e7\u00e3o de Mercadorias e Servi\u00e7os (ICMS) sobre a gasolina e outros combust\u00edveis vai aumentar no in\u00edcio de fevereiro em meio a pre\u00e7os pressionados pela alta do d\u00f3lar e pela recupera\u00e7\u00e3o das cota\u00e7\u00f5es internacionais do petr\u00f3leo. Esses fatores podem dificultar ainda mais a redu\u00e7\u00e3o da taxa de juros no pa\u00eds.<\/p>\n<p>A gasolina e o diesel come\u00e7aram o ano com defasagens significativas. Embora a Petrobras tenha indicado que vai aguardar para decidir sobre reajustes, os pre\u00e7os nas bombas j\u00e1 refletem os custos crescentes das importa\u00e7\u00f5es e do valor de venda da maior refinaria privada do Brasil.\n<\/p>\n<p>Com informa\u00e7\u00f5es Revista Oeste\u00a0<\/p>\n<\/p><\/div>\n<p><br \/>\n<br \/><a href=\"https:\/\/diariodobrasilnoticias.com.br\/noticia\/preco-da-gasolina-vai-subir-em-fevereiro-em-meio-a-alta-do-dolar-677addee9fbfe\">Source link <\/a><\/p>","protected":false},"excerpt":{"rendered":"<p>O Imposto sobre Circula\u00e7\u00e3o de Mercadorias e Servi\u00e7os (ICMS) sobre a gasolina e outros combust\u00edveis vai aumentar no in\u00edcio de fevereiro em meio a pre\u00e7os pressionados pela alta do d\u00f3lar&hellip;<\/p>","protected":false},"author":1,"featured_media":87907,"comment_status":"closed","ping_status":"open","sticky":false,"template":"","format":"standard","meta":{"content-type":"","footnotes":""},"categories":[16],"tags":[123,2448,5313,1267],"class_list":["post-87906","post","type-post","status-publish","format-standard","has-post-thumbnail","hentry","category-noticias","tag-brasil","tag-diario","tag-noticia","tag-noticias"],"_links":{"self":[{"href":"https:\/\/tvbrazilusa.com\/pt\/wp-json\/wp\/v2\/posts\/87906","targetHints":{"allow":["GET"]}}],"collection":[{"href":"https:\/\/tvbrazilusa.com\/pt\/wp-json\/wp\/v2\/posts"}],"about":[{"href":"https:\/\/tvbrazilusa.com\/pt\/wp-json\/wp\/v2\/types\/post"}],"author":[{"embeddable":true,"href":"https:\/\/tvbrazilusa.com\/pt\/wp-json\/wp\/v2\/users\/1"}],"replies":[{"embeddable":true,"href":"https:\/\/tvbrazilusa.com\/pt\/wp-json\/wp\/v2\/comments?post=87906"}],"version-history":[{"count":1,"href":"https:\/\/tvbrazilusa.com\/pt\/wp-json\/wp\/v2\/posts\/87906\/revisions"}],"predecessor-version":[{"id":87908,"href":"https:\/\/tvbrazilusa.com\/pt\/wp-json\/wp\/v2\/posts\/87906\/revisions\/87908"}],"wp:featuredmedia":[{"embeddable":true,"href":"https:\/\/tvbrazilusa.com\/pt\/wp-json\/wp\/v2\/media\/87907"}],"wp:attachment":[{"href":"https:\/\/tvbrazilusa.com\/pt\/wp-json\/wp\/v2\/media?parent=87906"}],"wp:term":[{"taxonomy":"category","embeddable":true,"href":"https:\/\/tvbrazilusa.com\/pt\/wp-json\/wp\/v2\/categories?post=87906"},{"taxonomy":"post_tag","embeddable":true,"href":"https:\/\/tvbrazilusa.com\/pt\/wp-json\/wp\/v2\/tags?post=87906"}],"curies":[{"name":"wp","href":"https:\/\/api.w.org\/{rel}","templated":true}]}}