{"id":87939,"date":"2025-01-05T23:16:05","date_gmt":"2025-01-05T23:16:05","guid":{"rendered":"https:\/\/tvbrazilusa.com\/2025\/01\/05\/hamas-divulga-video-de-soldado-israelense-mantida-refem-ha-mais-de-450-dias\/"},"modified":"2025-01-05T23:16:07","modified_gmt":"2025-01-05T23:16:07","slug":"hamas-divulga-video-de-soldado-israelense-mantida-refem-ha-mais-de-450-dias","status":"publish","type":"post","link":"https:\/\/tvbrazilusa.com\/pt\/2025\/01\/05\/hamas-divulga-video-de-soldado-israelense-mantida-refem-ha-mais-de-450-dias\/","title":{"rendered":"Hamas divulga v\u00eddeo de soldado israelense mantida ref\u00e9m h\u00e1 mais de 450 dias"},"content":{"rendered":"<p> <script async src=\"https:\/\/pagead2.googlesyndication.com\/pagead\/js\/adsbygoogle.js?client=ca-pub-8864793242727901\"\r\n     crossorigin=\"anonymous\"><\/script><br \/>\n<\/p>\n<div data-block-type=\"unstyled\" data-block-weight=\"50\" data-block-id=\"4\">\n<p class=\"content-text__container\" data-track-category=\"Link no Texto\" data-track-links=\"\" data-mrf-recirculation=\"Mat\u00e9ria - Links no Texto\">Na grava\u00e7\u00e3o de tr\u00eas minutos, que n\u00e3o foi divulgada a pedido da fam\u00edlia, a jovem de 19 anos menciona que est\u00e1 detida h\u00e1 450 dias \u2013 embora n\u00e3o haja confirma\u00e7\u00e3o de quando o v\u00eddeo foi gravado \u2013 e\u00a0<span class=\"highlight highlighted\">pede uma a\u00e7\u00e3o do governo de Israel para libertar os ref\u00e9ns<\/span>.<\/p>\n<\/div>\n<p><br \/>\n<br \/><a href=\"https:\/\/diariodobrasilnoticias.com.br\/noticia\/hamas-divulga-video-de-soldado-israelense-mantida-refem-ha-mais-de-450-dias-677ae65033265\">Source link <\/a><\/p>","protected":false},"excerpt":{"rendered":"<p>Na grava\u00e7\u00e3o de tr\u00eas minutos, que n\u00e3o foi divulgada a pedido da fam\u00edlia, a jovem de 19 anos menciona que est\u00e1 detida h\u00e1 450 dias \u2013 embora n\u00e3o haja confirma\u00e7\u00e3o&hellip;<\/p>","protected":false},"author":1,"featured_media":87940,"comment_status":"closed","ping_status":"open","sticky":false,"template":"","format":"standard","meta":{"content-type":"","footnotes":""},"categories":[16],"tags":[123,2448,5313,1267],"class_list":["post-87939","post","type-post","status-publish","format-standard","has-post-thumbnail","hentry","category-noticias","tag-brasil","tag-diario","tag-noticia","tag-noticias"],"_links":{"self":[{"href":"https:\/\/tvbrazilusa.com\/pt\/wp-json\/wp\/v2\/posts\/87939","targetHints":{"allow":["GET"]}}],"collection":[{"href":"https:\/\/tvbrazilusa.com\/pt\/wp-json\/wp\/v2\/posts"}],"about":[{"href":"https:\/\/tvbrazilusa.com\/pt\/wp-json\/wp\/v2\/types\/post"}],"author":[{"embeddable":true,"href":"https:\/\/tvbrazilusa.com\/pt\/wp-json\/wp\/v2\/users\/1"}],"replies":[{"embeddable":true,"href":"https:\/\/tvbrazilusa.com\/pt\/wp-json\/wp\/v2\/comments?post=87939"}],"version-history":[{"count":1,"href":"https:\/\/tvbrazilusa.com\/pt\/wp-json\/wp\/v2\/posts\/87939\/revisions"}],"predecessor-version":[{"id":87941,"href":"https:\/\/tvbrazilusa.com\/pt\/wp-json\/wp\/v2\/posts\/87939\/revisions\/87941"}],"wp:featuredmedia":[{"embeddable":true,"href":"https:\/\/tvbrazilusa.com\/pt\/wp-json\/wp\/v2\/media\/87940"}],"wp:attachment":[{"href":"https:\/\/tvbrazilusa.com\/pt\/wp-json\/wp\/v2\/media?parent=87939"}],"wp:term":[{"taxonomy":"category","embeddable":true,"href":"https:\/\/tvbrazilusa.com\/pt\/wp-json\/wp\/v2\/categories?post=87939"},{"taxonomy":"post_tag","embeddable":true,"href":"https:\/\/tvbrazilusa.com\/pt\/wp-json\/wp\/v2\/tags?post=87939"}],"curies":[{"name":"wp","href":"https:\/\/api.w.org\/{rel}","templated":true}]}}