{"id":87945,"date":"2025-01-05T23:41:30","date_gmt":"2025-01-05T23:41:30","guid":{"rendered":"https:\/\/tvbrazilusa.com\/2025\/01\/05\/carlos-bolsonaro-diz-ter-contido-acao-de-menores-em-assalto-na-barra\/"},"modified":"2025-01-05T23:41:32","modified_gmt":"2025-01-05T23:41:32","slug":"carlos-bolsonaro-diz-ter-contido-acao-de-menores-em-assalto-na-barra","status":"publish","type":"post","link":"https:\/\/tvbrazilusa.com\/pt\/2025\/01\/05\/carlos-bolsonaro-diz-ter-contido-acao-de-menores-em-assalto-na-barra\/","title":{"rendered":"Carlos Bolsonaro diz ter contido a\u00e7\u00e3o de menores em assalto na Barra"},"content":{"rendered":"<p> <script async src=\"https:\/\/pagead2.googlesyndication.com\/pagead\/js\/adsbygoogle.js?client=ca-pub-8864793242727901\"\r\n     crossorigin=\"anonymous\"><\/script><br \/>\n<\/p>\n<div>\n<figure class=\"post-image\">\n<\/figure>\n<p>            <span style=\"font-size: 12px\">Foto: REPRODU\u00c7\u00c3O &#8220;Metr\u00f3poles&#8221;<\/span><\/p>\n<p>            <!-- end metas --><br \/>\n            <!-- ADS --><\/p>\n<div id=\"taboola-read-more\" style=\"display:block; width:100%\">\n<p>Filho 02 do ex-presidente Jair Bolsonaro e vereador do Rio de Janeiro pelo 7\u00ba mandato seguido,\u00a0<a href=\"https:\/\/www.metropoles.com\/tag\/carlos-bolsonaro\" target=\"_blank\" rel=\"noopener noreferrer\">Carlos Bolsonaro (PL-RJ)<\/a>\u00a0afirmou ter impedido um assalto na orla da Barra da Tijuca. Em relato publicado nas redes sociais, Carlos diz que coibiu a a\u00e7\u00e3o de menores, com idade de 8 a 15 anos, entre os postos 4 e 5 da orla da Barra da Tijuca.\n<\/p>\n<p>\u201cJ\u00e1 bloqueei outras malfeitorias com outros e comigo mesmo. A pol\u00edcia sempre faz suas a\u00e7\u00f5es, entretanto os menores sabem que podem tudo e s\u00e3o liberados em velocidade cada vez maior\u201d, disse ao reclamar da previs\u00e3o na Constitui\u00e7\u00e3o Federal de 1988, no Artigo 228, que estabelece a inimputabilidade penal para menores de 18 anos.<\/p>\n<p>Carlos ainda reclamou que seu porte de arma foi retirado pela Pol\u00edcia Federal no governo de Luiz In\u00e1cio Lula da Silva (PT). \u201cMe foi\u00a0<a href=\"https:\/\/www.metropoles.com\/brasil\/pf-nega-renovacao-e-carlos-bolsonaro-perde-o-porte-de-arma\" target=\"_blank\" rel=\"noopener noreferrer\">tirado o porte pela Pol\u00edcia Federal do Lula<\/a>, mas \u00e9 imposs\u00edvel n\u00e3o se indignar com o crescente, escandaloso e proposital enredo. Desta vez foi na sugest\u00e3o, mas o modus operandi \u00e9 sempre o mesmo: um bando em fila indiana espa\u00e7ada, um dando cobertura para o outro. T\u00eam de 15 a 8 anos de idade e sabem que absolutamente nada vai acontecer\u201d, disse.\n<\/p>\n<div id=\"__next\">\n<div class=\"Box-sc-68smk-0 cxWoMA\" data-agent=\"Mozilla\/5.0 (Windows NT 10.0; Win64; x64) AppleWebKit\/537.36 (KHTML, like Gecko) Chrome\/124.0.0.0 Safari\/537.36\" data-regiao=\"\">\n<div class=\"NoticiaInternaWrapper-sc-481g5p-0 cZkWqa categoria__brasil\">\n<div class=\"Grid__Container-sc-owmjhw-0 dqQxhb\">\n<div class=\"Grid__Row-sc-owmjhw-1 cqmWHV\">\n<div class=\"Grid__Col-sc-owmjhw-2 BGIlG\">\n<article class=\"Grid__Row-sc-owmjhw-1 hXiIKi\">\n<div class=\"Grid__Col-sc-owmjhw-2 jxWCJw\">\n<div class=\"Grid__Col-sc-owmjhw-2 cgtvGh\">\n<div class=\"ConteudoNoticiaWrapper-sc-19fsm27-0 hIDPRr m-content\">\n<div class=\"ConteudoNoticiaWrapper__Artigo-sc-19fsm27-1 iZYHrO\">\n<p>Por fim, Carlos Bolsonaro falou da sensa\u00e7\u00e3o de impunidade devido \u00e0 preserva\u00e7\u00e3o de menores de 18 anos. \u201cAtualmente, o conforto desses em realizar suas a\u00e7\u00f5es em qualquer lugar \u00e9 t\u00e3o grande que, \u00e0s vezes, simplesmente riem da sua cara e continuam com a pr\u00f3xima covardia. As sementinhas do mal est\u00e3o rindo \u00e0 toa, como jamais pensei que fosse ver em minha vida.\u201d\n<\/p>\n<div class=\"m-wrapper-banner-video\">\n<div class=\"m-banner-video m-banner-wrap m-banner-rectangle m-publicity-content-middle\">\n<div id=\"notsy_container_874190233\" class=\"MTP_VIDEO set-pseudo-element-title-from-parent\" data-notsy-container-index=\"1\" data-notsy-mapped-container=\"1\" data-before-pseudo-element-title=\"V\u00cdDEO RELACIONADO\">\n<div id=\"video_87465-container\" class=\"nts-container\" data-mobile=\"0\">\n<div id=\"video_87465-sub-container\" class=\"ym-video--sub-container\">\n<div id=\"video_87465-placeholder\">\n<p><strong>Veja post na \u00edntegra:<\/strong>\n<\/p>\n<p><iframe id=\"twitter-widget-0\" class=\"\" title=\"X Post\" src=\"https:\/\/platform.twitter.com\/embed\/Tweet.html?creatorScreenName=manualcantaraa&#038;dnt=false&#038;embedId=twitter-widget-0&#038;features=eyJ0ZndfdGltZWxpbmVfbGlzdCI6eyJidWNrZXQiOltdLCJ2ZXJzaW9uIjpudWxsfSwidGZ3X2ZvbGxvd2VyX2NvdW50X3N1bnNldCI6eyJidWNrZXQiOnRydWUsInZlcnNpb24iOm51bGx9LCJ0ZndfdHdlZXRfZWRpdF9iYWNrZW5kIjp7ImJ1Y2tldCI6Im9uIiwidmVyc2lvbiI6bnVsbH0sInRmd19yZWZzcmNfc2Vzc2lvbiI6eyJidWNrZXQiOiJvbiIsInZlcnNpb24iOm51bGx9LCJ0ZndfZm9zbnJfc29mdF9pbnRlcnZlbnRpb25zX2VuYWJsZWQiOnsiYnVja2V0Ijoib24iLCJ2ZXJzaW9uIjpudWxsfSwidGZ3X21peGVkX21lZGlhXzE1ODk3Ijp7ImJ1Y2tldCI6InRyZWF0bWVudCIsInZlcnNpb24iOm51bGx9LCJ0ZndfZXhwZXJpbWVudHNfY29va2llX2V4cGlyYXRpb24iOnsiYnVja2V0IjoxMjA5NjAwLCJ2ZXJzaW9uIjpudWxsfSwidGZ3X3Nob3dfYmlyZHdhdGNoX3Bpdm90c19lbmFibGVkIjp7ImJ1Y2tldCI6Im9uIiwidmVyc2lvbiI6bnVsbH0sInRmd19kdXBsaWNhdGVfc2NyaWJlc190b19zZXR0aW5ncyI6eyJidWNrZXQiOiJvbiIsInZlcnNpb24iOm51bGx9LCJ0ZndfdXNlX3Byb2ZpbGVfaW1hZ2Vfc2hhcGVfZW5hYmxlZCI6eyJidWNrZXQiOiJvbiIsInZlcnNpb24iOm51bGx9LCJ0ZndfdmlkZW9faGxzX2R5bmFtaWNfbWFuaWZlc3RzXzE1MDgyIjp7ImJ1Y2tldCI6InRydWVfYml0cmF0ZSIsInZlcnNpb24iOm51bGx9LCJ0ZndfbGVnYWN5X3RpbWVsaW5lX3N1bnNldCI6eyJidWNrZXQiOnRydWUsInZlcnNpb24iOm51bGx9LCJ0ZndfdHdlZXRfZWRpdF9mcm9udGVuZCI6eyJidWNrZXQiOiJvbiIsInZlcnNpb24iOm51bGx9fQ%3D%3D&#038;frame=false&#038;hideCard=false&#038;hideThread=false&#038;id=1875976686610546837&#038;lang=pt&#038;origin=https%3A%2F%2Fwww.metropoles.com%2Fbrasil%2Fcarlos-bolsonaro-diz-ter-contido-acao-de-menores-em-assalto-na-barra&#038;sessionId=f8c27ce22619ebd7d280ec1b669c1efc0aa14ebf&#038;siteScreenName=Metropoles&#038;theme=light&#038;widgetsVersion=2615f7e52b7e0%3A1702314776716&#038;width=550px\" width=\"300\" height=\"150\" frameborder=\"0\" scrolling=\"no\" allowfullscreen=\"allowfullscreen\" data-tweet-id=\"1875976686610546837\"><\/iframe><\/p>\n<p>Com informa\u00e7\u00f5es metr\u00f3poles<\/p>\n<\/div>\n<\/div>\n<\/div>\n<\/div>\n<\/div>\n<\/div>\n<\/div>\n<\/div>\n<\/div>\n<\/div>\n<\/article>\n<\/div>\n<\/div>\n<\/div>\n<\/div>\n<\/div>\n<\/div><\/div>\n<p>                        <!-- Scripts para conteudo --><\/p>\n<p>            <!-- .\/Scripts para conteudo --><br \/>\n            <!-- .\/Mat\u00e9ria --><\/p>\n<div class=\"row mt-3\">\n<div class=\"col-sm-6\">\n                <!-- Whatsapp channel 3--><br \/>\n                <a href=\"https:\/\/chat.whatsapp.com\/B8Qy6Erx4kb6yTzj3kaDco\" target=\"_blank\"><br \/>\n                  <img decoding=\"async\" src=\"https:\/\/diariodobrasilnoticias.com.br\/assets-site\/images\/bot_whatsapp.png\"\/><\/a>\n              <\/div>\n<div class=\"col-sm-6\">\n                <a href=\"https:\/\/t.me\/+_4gTmi5LKo03OTM5\" target=\"_blank\"><br \/>\n                  <img decoding=\"async\" src=\"https:\/\/diariodobrasilnoticias.com.br\/assets-site\/images\/bot_telegram.png\"\/><\/a>\n              <\/div>\n<\/p><\/div>\n<p>            <!-- end post-navigation --><\/p>\n<p>              <!-- end row --><\/p>\n<p>              <!-- end col-12-->\n                      <\/div>\n<p><br \/>\n<br \/><a href=\"https:\/\/diariodobrasilnoticias.com.br\/noticia\/carlos-bolsonaro-diz-ter-contido-acao-de-menores-em-assalto-na-barra-677aeb53951f5\">Source link <\/a><\/p>","protected":false},"excerpt":{"rendered":"<p>Foto: REPRODU\u00c7\u00c3O &#8220;Metr\u00f3poles&#8221; Filho 02 do ex-presidente Jair Bolsonaro e vereador do Rio de Janeiro pelo 7\u00ba mandato seguido,\u00a0Carlos Bolsonaro (PL-RJ)\u00a0afirmou ter impedido um assalto na orla da Barra da&hellip;<\/p>","protected":false},"author":1,"featured_media":87946,"comment_status":"closed","ping_status":"open","sticky":false,"template":"","format":"standard","meta":{"content-type":"","footnotes":""},"categories":[16],"tags":[123,2448,5313,1267],"class_list":["post-87945","post","type-post","status-publish","format-standard","has-post-thumbnail","hentry","category-noticias","tag-brasil","tag-diario","tag-noticia","tag-noticias"],"_links":{"self":[{"href":"https:\/\/tvbrazilusa.com\/pt\/wp-json\/wp\/v2\/posts\/87945","targetHints":{"allow":["GET"]}}],"collection":[{"href":"https:\/\/tvbrazilusa.com\/pt\/wp-json\/wp\/v2\/posts"}],"about":[{"href":"https:\/\/tvbrazilusa.com\/pt\/wp-json\/wp\/v2\/types\/post"}],"author":[{"embeddable":true,"href":"https:\/\/tvbrazilusa.com\/pt\/wp-json\/wp\/v2\/users\/1"}],"replies":[{"embeddable":true,"href":"https:\/\/tvbrazilusa.com\/pt\/wp-json\/wp\/v2\/comments?post=87945"}],"version-history":[{"count":1,"href":"https:\/\/tvbrazilusa.com\/pt\/wp-json\/wp\/v2\/posts\/87945\/revisions"}],"predecessor-version":[{"id":87947,"href":"https:\/\/tvbrazilusa.com\/pt\/wp-json\/wp\/v2\/posts\/87945\/revisions\/87947"}],"wp:featuredmedia":[{"embeddable":true,"href":"https:\/\/tvbrazilusa.com\/pt\/wp-json\/wp\/v2\/media\/87946"}],"wp:attachment":[{"href":"https:\/\/tvbrazilusa.com\/pt\/wp-json\/wp\/v2\/media?parent=87945"}],"wp:term":[{"taxonomy":"category","embeddable":true,"href":"https:\/\/tvbrazilusa.com\/pt\/wp-json\/wp\/v2\/categories?post=87945"},{"taxonomy":"post_tag","embeddable":true,"href":"https:\/\/tvbrazilusa.com\/pt\/wp-json\/wp\/v2\/tags?post=87945"}],"curies":[{"name":"wp","href":"https:\/\/api.w.org\/{rel}","templated":true}]}}