{"id":87950,"date":"2025-01-05T23:53:34","date_gmt":"2025-01-05T23:53:34","guid":{"rendered":"https:\/\/tvbrazilusa.com\/2025\/01\/05\/jose-de-abreu-anuncia-apartamento-em-paris-por-r-57-mi\/"},"modified":"2025-01-05T23:53:35","modified_gmt":"2025-01-05T23:53:35","slug":"jose-de-abreu-anuncia-apartamento-em-paris-por-r-57-mi","status":"publish","type":"post","link":"https:\/\/tvbrazilusa.com\/pt\/2025\/01\/05\/jose-de-abreu-anuncia-apartamento-em-paris-por-r-57-mi\/","title":{"rendered":"Jos\u00e9 de Abreu anuncia apartamento em Paris por R$ 5,7 mi"},"content":{"rendered":"<p> <script async src=\"https:\/\/pagead2.googlesyndication.com\/pagead\/js\/adsbygoogle.js?client=ca-pub-8864793242727901\"\r\n     crossorigin=\"anonymous\"><\/script><br \/>\n<\/p>\n<div id=\"bodyArticle\">\n<p>O ator Jos\u00e9 de Abreu decidiu vender seu apartamento em Paris, capital na Fran\u00e7a, que foi quitado recentemente, no final de 2024. A decis\u00e3o foi por falta de tempo para ir ao pa\u00eds.\n<\/p>\n<p>O an\u00fancio foi feito por ele mesmo em suas redes sociais. Segundo an\u00fancio feito por Jos\u00e9 de Abreu, o apartamento est\u00e1 dispon\u00edvel para interessados por 900 mil euros.<\/p>\n<p>Na atual cota\u00e7\u00e3o, s\u00e3o R$ 5,7 milh\u00f5es. O im\u00f3vel fica no bairro de Marais, uma regi\u00e3o nobre e perto de lugares ic\u00f4nicos da cidade-luz, como a Torre Eiffel.\n<\/p>\n<p>&#8220;H\u00e1 dez anos fiz um financiamento imobili\u00e1rio num banco estatal franc\u00eas e comprei um &#8216;pied-\u00e0-terre&#8217;, um quarto\/sala no Marais. Recentemente, paguei a presta\u00e7\u00e3o n\u00famero 121, a \u00faltima&#8221;, afirmou ele no Instagram.\n<\/p>\n<p>&#8220;Foi dif\u00edcil, h\u00e1 dez anos o euro custava R$ 3,13; cheguei a pagar R$ 6,54. Pago a \u00faltima a R$ 6,06. J\u00e1 tem dois anos que n\u00e3o vou por excesso de trabalho&#8221;, concluiu o ator.\n<\/p>\n<p>Recentemente, Jos\u00e9 de Abreu entrou na novela &#8220;Volta por Cima&#8221;, no ar no hor\u00e1rio das sete da Globo. Com isso, passar\u00e1 mais um tempo sem conseguir ir ao im\u00f3vel, o que foi determinante para a venda.\u00a0\n<\/p>\n<p>Com informa\u00e7\u00f5es o tempo entretenimento\n<\/p>\n<\/div>\n<p><br \/>\n<br \/><a href=\"https:\/\/diariodobrasilnoticias.com.br\/noticia\/-jose-de-abreu-anuncia-apartamento-em-paris-por-r-5-7-mi-677af0b20f27e\">Source link <\/a><\/p>","protected":false},"excerpt":{"rendered":"<p>O ator Jos\u00e9 de Abreu decidiu vender seu apartamento em Paris, capital na Fran\u00e7a, que foi quitado recentemente, no final de 2024. A decis\u00e3o foi por falta de tempo para&hellip;<\/p>","protected":false},"author":1,"featured_media":87951,"comment_status":"closed","ping_status":"open","sticky":false,"template":"","format":"standard","meta":{"content-type":"","footnotes":""},"categories":[16],"tags":[123,2448,5313,1267],"class_list":["post-87950","post","type-post","status-publish","format-standard","has-post-thumbnail","hentry","category-noticias","tag-brasil","tag-diario","tag-noticia","tag-noticias"],"_links":{"self":[{"href":"https:\/\/tvbrazilusa.com\/pt\/wp-json\/wp\/v2\/posts\/87950","targetHints":{"allow":["GET"]}}],"collection":[{"href":"https:\/\/tvbrazilusa.com\/pt\/wp-json\/wp\/v2\/posts"}],"about":[{"href":"https:\/\/tvbrazilusa.com\/pt\/wp-json\/wp\/v2\/types\/post"}],"author":[{"embeddable":true,"href":"https:\/\/tvbrazilusa.com\/pt\/wp-json\/wp\/v2\/users\/1"}],"replies":[{"embeddable":true,"href":"https:\/\/tvbrazilusa.com\/pt\/wp-json\/wp\/v2\/comments?post=87950"}],"version-history":[{"count":1,"href":"https:\/\/tvbrazilusa.com\/pt\/wp-json\/wp\/v2\/posts\/87950\/revisions"}],"predecessor-version":[{"id":87952,"href":"https:\/\/tvbrazilusa.com\/pt\/wp-json\/wp\/v2\/posts\/87950\/revisions\/87952"}],"wp:featuredmedia":[{"embeddable":true,"href":"https:\/\/tvbrazilusa.com\/pt\/wp-json\/wp\/v2\/media\/87951"}],"wp:attachment":[{"href":"https:\/\/tvbrazilusa.com\/pt\/wp-json\/wp\/v2\/media?parent=87950"}],"wp:term":[{"taxonomy":"category","embeddable":true,"href":"https:\/\/tvbrazilusa.com\/pt\/wp-json\/wp\/v2\/categories?post=87950"},{"taxonomy":"post_tag","embeddable":true,"href":"https:\/\/tvbrazilusa.com\/pt\/wp-json\/wp\/v2\/tags?post=87950"}],"curies":[{"name":"wp","href":"https:\/\/api.w.org\/{rel}","templated":true}]}}