{"id":87953,"date":"2025-01-06T00:06:13","date_gmt":"2025-01-06T00:06:13","guid":{"rendered":"https:\/\/tvbrazilusa.com\/2025\/01\/06\/o-encontro-entre-giorgia-meloni-e-donald-trump\/"},"modified":"2025-01-06T00:06:15","modified_gmt":"2025-01-06T00:06:15","slug":"o-encontro-entre-giorgia-meloni-e-donald-trump","status":"publish","type":"post","link":"https:\/\/tvbrazilusa.com\/pt\/2025\/01\/06\/o-encontro-entre-giorgia-meloni-e-donald-trump\/","title":{"rendered":"O encontro entre Giorgia Meloni e Donald Trump"},"content":{"rendered":"<p> <script async src=\"https:\/\/pagead2.googlesyndication.com\/pagead\/js\/adsbygoogle.js?client=ca-pub-8864793242727901\"\r\n     crossorigin=\"anonymous\"><\/script><br \/>\n<\/p>\n<div id=\"content_post\">\n<p>A primeira-ministra da It\u00e1lia,\u00a0<strong><a href=\"https:\/\/x.com\/GiorgiaMeloni\/status\/1875946974014578901\">Giorgia Meloni<\/a><\/strong>, afirmou neste domingo, 5, estar disposta a colaborar com o presidente eleito dos Estados Unidos,\u00a0<strong>Donald Trump<\/strong>, ap\u00f3s encontro entre ambos no dia anterior, em Mar-a-Lago, na Fl\u00f3rida.\n<\/p>\n<p><em>\u201cFoi uma noite agrad\u00e1vel com Donald Trump, a quem agrade\u00e7o as boas-vindas. Estou pronta para trabalharmos juntos\u201d<\/em>, escreveu Meloni em suas redes sociais, na primeira declara\u00e7\u00e3o sobre o encontro.&#8221;\n<\/p>\n<p>Trump, por sua vez, elogiou Meloni, dizendo que ela ser\u00e1\u00a0<em>\u201cuma excelente aliada\u201d<\/em>\u00a0e elogiou sua capacidade de conquistar a Europa e o mundo.\n<\/p>\n<div id=\"content_post\" class=\"post-interna__content__corpo\">\n<p>A primeira-ministra da It\u00e1lia,\u00a0<strong><a href=\"https:\/\/x.com\/GiorgiaMeloni\/status\/1875946974014578901\">Giorgia Meloni<\/a><\/strong>, afirmou neste domingo, 5, estar disposta a colaborar com o presidente eleito dos Estados Unidos,\u00a0<strong>Donald Trump<\/strong>, ap\u00f3s encontro entre ambos no dia anterior, em Mar-a-Lago, na Fl\u00f3rida.\n<\/p>\n<p><em>\u201cFoi uma noite agrad\u00e1vel com Donald Trump, a quem agrade\u00e7o as boas-vindas. Estou pronta para trabalharmos juntos\u201d<\/em>, escreveu Meloni em suas redes sociais, na primeira declara\u00e7\u00e3o sobre o encontro.\u00a0\n<\/p>\n<p>Trump, por sua vez, elogiou Meloni, dizendo que ela ser\u00e1\u00a0<em>\u201cuma excelente aliada\u201d<\/em>\u00a0e elogiou sua capacidade de conquistar a Europa e o mundo.\n<\/p>\n<p>\u00a0<\/p>\n<p>O encontro, segundo a imprensa italiana, durou cinco horas e\u00a0<strong>incluiu um jantar e a exibi\u00e7\u00e3o de um document\u00e1rio sobre o sistema judicial americano<\/strong>.\u00a0\n<\/p>\n<p>O document\u00e1rio defende a tese de que os Estados Unidos est\u00e3o testemunhando o surgimento de um\u00a0<em>\u201csistema judicial com dois pesos e duas medidas\u201d<\/em>, com um foco nos advogados que representam clientes conservadores.<\/p>\n<\/div>\n<\/div>\n<p><br \/>\n<br \/><a href=\"https:\/\/diariodobrasilnoticias.com.br\/noticia\/o-encontro-entre-giorgia-meloni-e-donald-trump-677aeddb3fcf0\">Source link <\/a><\/p>","protected":false},"excerpt":{"rendered":"<p>A primeira-ministra da It\u00e1lia,\u00a0Giorgia Meloni, afirmou neste domingo, 5, estar disposta a colaborar com o presidente eleito dos Estados Unidos,\u00a0Donald Trump, ap\u00f3s encontro entre ambos no dia anterior, em Mar-a-Lago,&hellip;<\/p>","protected":false},"author":1,"featured_media":87954,"comment_status":"closed","ping_status":"open","sticky":false,"template":"","format":"standard","meta":{"content-type":"","footnotes":""},"categories":[16],"tags":[123,2448,5313,1267],"class_list":["post-87953","post","type-post","status-publish","format-standard","has-post-thumbnail","hentry","category-noticias","tag-brasil","tag-diario","tag-noticia","tag-noticias"],"_links":{"self":[{"href":"https:\/\/tvbrazilusa.com\/pt\/wp-json\/wp\/v2\/posts\/87953","targetHints":{"allow":["GET"]}}],"collection":[{"href":"https:\/\/tvbrazilusa.com\/pt\/wp-json\/wp\/v2\/posts"}],"about":[{"href":"https:\/\/tvbrazilusa.com\/pt\/wp-json\/wp\/v2\/types\/post"}],"author":[{"embeddable":true,"href":"https:\/\/tvbrazilusa.com\/pt\/wp-json\/wp\/v2\/users\/1"}],"replies":[{"embeddable":true,"href":"https:\/\/tvbrazilusa.com\/pt\/wp-json\/wp\/v2\/comments?post=87953"}],"version-history":[{"count":1,"href":"https:\/\/tvbrazilusa.com\/pt\/wp-json\/wp\/v2\/posts\/87953\/revisions"}],"predecessor-version":[{"id":87955,"href":"https:\/\/tvbrazilusa.com\/pt\/wp-json\/wp\/v2\/posts\/87953\/revisions\/87955"}],"wp:featuredmedia":[{"embeddable":true,"href":"https:\/\/tvbrazilusa.com\/pt\/wp-json\/wp\/v2\/media\/87954"}],"wp:attachment":[{"href":"https:\/\/tvbrazilusa.com\/pt\/wp-json\/wp\/v2\/media?parent=87953"}],"wp:term":[{"taxonomy":"category","embeddable":true,"href":"https:\/\/tvbrazilusa.com\/pt\/wp-json\/wp\/v2\/categories?post=87953"},{"taxonomy":"post_tag","embeddable":true,"href":"https:\/\/tvbrazilusa.com\/pt\/wp-json\/wp\/v2\/tags?post=87953"}],"curies":[{"name":"wp","href":"https:\/\/api.w.org\/{rel}","templated":true}]}}