{"id":87993,"date":"2025-01-06T01:33:03","date_gmt":"2025-01-06T01:33:03","guid":{"rendered":"https:\/\/tvbrazilusa.com\/2025\/01\/06\/cantor-e-agredido-com-garrafa-e-fica-com-rosto-desfigurado\/"},"modified":"2025-01-06T01:33:04","modified_gmt":"2025-01-06T01:33:04","slug":"cantor-e-agredido-com-garrafa-e-fica-com-rosto-desfigurado","status":"publish","type":"post","link":"https:\/\/tvbrazilusa.com\/pt\/2025\/01\/06\/cantor-e-agredido-com-garrafa-e-fica-com-rosto-desfigurado\/","title":{"rendered":"Cantor \u00e9 agredido com garrafa e fica com rosto desfigurado"},"content":{"rendered":"<p> <script async src=\"https:\/\/pagead2.googlesyndication.com\/pagead\/js\/adsbygoogle.js?client=ca-pub-8864793242727901\"\r\n     crossorigin=\"anonymous\"><\/script><br \/>\n<\/p>\n<div id=\"taboola-read-more\" style=\"display:block; width:100%\">\n<p>O cantor\u00a0<a href=\"https:\/\/www.instagram.com\/benicioheb\/?hl=pt-br\" target=\"_blank\" rel=\"noopener noreferrer\">Ben\u00edcio<\/a>, que faz dupla com Hermes, est\u00e1 com o rosto desfigurado ap\u00f3s ser agredido com uma garrafa de vidro. A agress\u00e3o ocorreu enquanto o artista ajudava a equipe a guardar equipamentos ap\u00f3s o fim de um show na virada de ano, no interior de Minas Gerais.\n<\/p>\n<p data-gtm-vis-recent-on-screen104869357_94=\"102407\" data-gtm-vis-first-on-screen104869357_94=\"102408\" data-gtm-vis-total-visible-time104869357_94=\"100\" data-gtm-vis-has-fired104869357_94=\"1\">Segundo o artista, ele estava enrolando alguns cabos no palco quando percebeu que duas mulheres subiram e pegaram o viol\u00e3o do colega de dupla. Nesse momento, ele avisou Hermes, que pegou de volta o pertence e entregou para uma pessoa da produ\u00e7\u00e3o guardar.<\/p>\n<p data-gtm-vis-recent-on-screen104869357_94=\"102407\" data-gtm-vis-first-on-screen104869357_94=\"102408\" data-gtm-vis-total-visible-time104869357_94=\"100\" data-gtm-vis-has-fired104869357_94=\"1\">Na sequ\u00eancia, Ben\u00edcio seguiu enrolando cabos, um pouco abaixado. \u201cNesse prazo, o marido da mulher subiu no palco pela escada lateral e eu n\u00e3o vi. Ele cutucou o meu ombro, eu virei, achando que era algu\u00e9m me chamando, e quando eu virei, recebi a garrafada no rosto\u201d, detalhou ao portal Leo Dias.\n<\/p>\n<p data-gtm-vis-recent-on-screen104869357_94=\"102407\" data-gtm-vis-first-on-screen104869357_94=\"102408\" data-gtm-vis-total-visible-time104869357_94=\"100\" data-gtm-vis-has-fired104869357_94=\"1\">Ap\u00f3s a agress\u00e3o, ele precisou levar 30 pontos no rosto e suspender a agenda de shows. \u201cIsso afetou muito [minha vida]. A gente tinha compromissos, teve cancelamento de show. Estou com a minha esposa gr\u00e1vida, ela ganha [o beb\u00ea] esse m\u00eas e afetou demais. Al\u00e9m de afetar o f\u00edsico, tem o moral, o psicol\u00f3gico da gente n\u00e3o fica bem\u201d, avaliou.\n<\/p>\n<p data-gtm-vis-recent-on-screen104869357_94=\"102407\" data-gtm-vis-first-on-screen104869357_94=\"102408\" data-gtm-vis-total-visible-time104869357_94=\"100\" data-gtm-vis-has-fired104869357_94=\"1\">De acordo com o cantor, o agressor, identificado como Edmarcos Silva, foi preso e liberado cerca de uma hora depois ap\u00f3s assinar um Termo Circunstanciado de Ocorr\u00eancia.\n<\/p>\n<p data-gtm-vis-recent-on-screen104869357_94=\"102407\" data-gtm-vis-first-on-screen104869357_94=\"102408\" data-gtm-vis-total-visible-time104869357_94=\"100\" data-gtm-vis-has-fired104869357_94=\"1\">Com informa\u00e7\u00f5es metr\u00f3poles              <\/p>\n<\/div>\n<p><script async src=\"\/\/www.instagram.com\/embed.js\"><\/script><br \/>\n<br \/><br \/>\n<br \/><a href=\"https:\/\/diariodobrasilnoticias.com.br\/noticia\/cantor-e-agredido-com-garrafa-e-fica-com-rosto-desfigurado-677b046dba7d6\">Source link <\/a><\/p>","protected":false},"excerpt":{"rendered":"<p>O cantor\u00a0Ben\u00edcio, que faz dupla com Hermes, est\u00e1 com o rosto desfigurado ap\u00f3s ser agredido com uma garrafa de vidro. A agress\u00e3o ocorreu enquanto o artista ajudava a equipe a&hellip;<\/p>","protected":false},"author":1,"featured_media":87994,"comment_status":"closed","ping_status":"open","sticky":false,"template":"","format":"standard","meta":{"content-type":"","footnotes":""},"categories":[16],"tags":[123,2448,5313,1267],"class_list":["post-87993","post","type-post","status-publish","format-standard","has-post-thumbnail","hentry","category-noticias","tag-brasil","tag-diario","tag-noticia","tag-noticias"],"_links":{"self":[{"href":"https:\/\/tvbrazilusa.com\/pt\/wp-json\/wp\/v2\/posts\/87993","targetHints":{"allow":["GET"]}}],"collection":[{"href":"https:\/\/tvbrazilusa.com\/pt\/wp-json\/wp\/v2\/posts"}],"about":[{"href":"https:\/\/tvbrazilusa.com\/pt\/wp-json\/wp\/v2\/types\/post"}],"author":[{"embeddable":true,"href":"https:\/\/tvbrazilusa.com\/pt\/wp-json\/wp\/v2\/users\/1"}],"replies":[{"embeddable":true,"href":"https:\/\/tvbrazilusa.com\/pt\/wp-json\/wp\/v2\/comments?post=87993"}],"version-history":[{"count":1,"href":"https:\/\/tvbrazilusa.com\/pt\/wp-json\/wp\/v2\/posts\/87993\/revisions"}],"predecessor-version":[{"id":87995,"href":"https:\/\/tvbrazilusa.com\/pt\/wp-json\/wp\/v2\/posts\/87993\/revisions\/87995"}],"wp:featuredmedia":[{"embeddable":true,"href":"https:\/\/tvbrazilusa.com\/pt\/wp-json\/wp\/v2\/media\/87994"}],"wp:attachment":[{"href":"https:\/\/tvbrazilusa.com\/pt\/wp-json\/wp\/v2\/media?parent=87993"}],"wp:term":[{"taxonomy":"category","embeddable":true,"href":"https:\/\/tvbrazilusa.com\/pt\/wp-json\/wp\/v2\/categories?post=87993"},{"taxonomy":"post_tag","embeddable":true,"href":"https:\/\/tvbrazilusa.com\/pt\/wp-json\/wp\/v2\/tags?post=87993"}],"curies":[{"name":"wp","href":"https:\/\/api.w.org\/{rel}","templated":true}]}}