{"id":88040,"date":"2025-01-06T04:45:51","date_gmt":"2025-01-06T04:45:51","guid":{"rendered":"https:\/\/tvbrazilusa.com\/2025\/01\/06\/rob-gronkowski-critica-patriots-pela-demissao-injusta-de-jerod-mayo\/"},"modified":"2025-01-06T04:58:25","modified_gmt":"2025-01-06T04:58:25","slug":"rob-gronkowski-critica-patriots-pela-demissao-injusta-de-jerod-mayo","status":"publish","type":"post","link":"https:\/\/tvbrazilusa.com\/pt\/2025\/01\/06\/rob-gronkowski-critica-patriots-pela-demissao-injusta-de-jerod-mayo\/","title":{"rendered":"Rob Gronkowski critica Patriots pela demiss\u00e3o &#8216;injusta&#8217; de Jerod Mayo"},"content":{"rendered":"<p> <script async src=\"https:\/\/pagead2.googlesyndication.com\/pagead\/js\/adsbygoogle.js?client=ca-pub-8864793242727901\"\r\n     crossorigin=\"anonymous\"><\/script><br \/>\n<\/p>\n<div id=\"\">\n<header class=\"m-article-header m-article-header--standard\">\n\t\t\t\t\t\t\t\t\t\t\t\t<span id=\"article-header-primary-term\"><br \/>\n\t\t\t\t\t\t\t\t<a class=\"a-term a-term--primary\" href=\"https:\/\/www.boston.com\/tag\/new-england-patriots\/\"><\/p>\n<p>\t\t\t\t\t\t\t\tPatriotas\t\t\t\t\t\t\t\t<\/a><br \/>\n\t\t\t\t\t\t\t<\/span><\/p>\n<h2 class=\"m-article-header__sub-headline\">&#8220;Acho que foi injusto treinar Jerod Mayo. Ele nunca teve a chance de se desenvolver como treinador principal.&#8221;<\/h2>\n<figure class=\"a-photo m-article-header__photo\"><figcaption class=\"a-photo__caption\">\n<p>\tRob Gronkowski.<em> Foto AP\/Ryan Sun<\/em>\t<\/figcaption><\/figure>\n<\/header>\n<div class=\"m-block t-amp__list-container m-article-list-container m-article-list-container--frame-border a-border-frame  a-list-header__headline--red m-article-list--alternative--default  m-article-list--floated\">\n<ul class=\"t-amp__list a-list--no-style m-article-list m-article-list--recirculation m-article-list--has-images\">\n<li class=\"m-article-list__item m-article-list__item--featured\">\n\t\t\t<a class=\"m-article-list__link-wrapper\" href=\"https:\/\/www.boston.com\/sports\/new-england-patriots\/2025\/01\/05\/jerod-mayo-new-england-patriots-fired-nfl-robert-kraft-nfl\/?p1=article_recirc_inline_feature\" data-p1=\"article_recirc_inline_feature\"><br \/>\n\t\t\t\t<img fetchpriority=\"high\" decoding=\"async\" width=\"768\" height=\"432\" src=\"https:\/\/bdc2020.o0bc.com\/wp-content\/uploads\/2025\/01\/IK6MQBZ74TQKOV6562AKDMKLHU-677b04b52d1ba-768x432.jpg\" class=\"t-amp__list-image m-article-list__image m-article-list__image--full wp-post-image\" alt=\"FOXBOROUGH, MASSACHUSETTS - 05 DE JANEIRO: O t\u00e9cnico Jerod Mayo do New England Patriots observa depois de derrotar o Buffalo Bills por 23 a 16 no Gillette Stadium em 05 de janeiro de 2025 em Foxborough, Massachusetts.\" aria-hidden=\"true\" srcset=\"https:\/\/bdc2020.o0bc.com\/wp-content\/uploads\/2025\/01\/IK6MQBZ74TQKOV6562AKDMKLHU-677b04b52d1ba-768x432.jpg?width=200 200w, https:\/\/bdc2020.o0bc.com\/wp-content\/uploads\/2025\/01\/IK6MQBZ74TQKOV6562AKDMKLHU-677b04b52d1ba-768x432.jpg?width=300 300w, https:\/\/bdc2020.o0bc.com\/wp-content\/uploads\/2025\/01\/IK6MQBZ74TQKOV6562AKDMKLHU-677b04b52d1ba-768x432.jpg?width=400 400w, https:\/\/bdc2020.o0bc.com\/wp-content\/uploads\/2025\/01\/IK6MQBZ74TQKOV6562AKDMKLHU-677b04b52d1ba-768x432.jpg?width=500 500w, https:\/\/bdc2020.o0bc.com\/wp-content\/uploads\/2025\/01\/IK6MQBZ74TQKOV6562AKDMKLHU-677b04b52d1ba-768x432.jpg?width=600 600w, https:\/\/bdc2020.o0bc.com\/wp-content\/uploads\/2025\/01\/IK6MQBZ74TQKOV6562AKDMKLHU-677b04b52d1ba-768x432.jpg?width=700 700w, https:\/\/bdc2020.o0bc.com\/wp-content\/uploads\/2025\/01\/IK6MQBZ74TQKOV6562AKDMKLHU-677b04b52d1ba-768x432.jpg?width=800 800w, https:\/\/bdc2020.o0bc.com\/wp-content\/uploads\/2025\/01\/IK6MQBZ74TQKOV6562AKDMKLHU-677b04b52d1ba-768x432.jpg?width=900 900w\" sizes=\"(max-width: 768px) 100vw, 768px\"\/>\t\t\t\t\t<\/p>\n<p><h4 class=\"m-article-list__headline t-amp__list-headline\">\n\t\t\t\t\t\t\t<span class=\"m-article-list__link a-link a-link--inline a-link--text-link a-link--text-link-dark\"><\/p>\n<p>\t\t\t\t\t\t\tPatriots demitem o t\u00e9cnico Jerod Mayo ap\u00f3s 1 temporada\t\t\t\t\t\t\t<\/span><br \/>\n\t\t\t\t\t\t<\/h4>\n<\/p>\n<p>\t\t\t\t<\/a>\n\t\t\t<\/li>\n<li class=\"m-article-list__item\">\n\t\t\t\t\t<a class=\"m-article-list__link-wrapper\" href=\"https:\/\/www.boston.com\/sports\/new-england-patriots\/2025\/01\/04\/patriots-eliot-wolf-internal-development-quotes\/?p1=article_recirc_inline_feed\" data-p1=\"article_recirc_inline_feed\"><\/p>\n<p><h4 class=\"m-article-list__headline\">\n\t\t\t\t\t\t\t\t\t<span class=\"m-article-list__link a-link a-link--inline a-link--text-link a-link--text-link-dark\"><\/p>\n<p>\t\t\t\t\t\t\t\t\tEliot Wolf admite que esperava \u2018mais desenvolvimento interno\u2019 dos jogadores em 2024\t\t\t\t\t\t\t\t\t<\/span><br \/>\n\t\t\t\t\t\t\t\t<\/h4>\n<\/p>\n<p>\t\t\t\t\t\t<\/a>\n\t\t\t\t\t<\/li>\n<\/ul>\n<\/div>\n<p>Antigo <a href=\"https:\/\/www.patriots.com\/\">Patriotas<\/a> o tight end Rob Gronkowski criticou duramente seu ex-time por <a href=\"https:\/\/www.boston.com\/sports\/new-england-patriots\/2025\/01\/05\/jerod-mayo-new-england-patriots-fired-nfl-robert-kraft-nfl\/\">demitindo o t\u00e9cnico Jerod Mayo<\/a>. <\/p>\n<p>Mayo durou apenas uma temporada como t\u00e9cnico principal na Nova Inglaterra. Ele foi demitido quase imediatamente ap\u00f3s a vit\u00f3ria dos Patriots sobre o Buffalo Bills no final da temporada de domingo.<\/p>\n<p>Os Patriots foram 4-13 sob o comando de Mayo nesta temporada, que foi o mesmo recorde que tiveram no ano passado sob o comando de Mayo. <a href=\"http:\/\/boston.com\/tag\/bill-belichick\">Bill Belichick<\/a>que tamb\u00e9m foi demitido.<\/p>\n<p>A decis\u00e3o de Robert Kraft de demitir Mayo t\u00e3o rapidamente depois de escolh\u00ea-lo para ser o sucessor de Belichick pegou alguns, incluindo Gronkowski, desprevenidos. <\/p>\n<p>\u201cFiquei chocado com isso, e acontecer isso logo foi um choque para muitas pessoas, especialmente aqui na recep\u00e7\u00e3o\u201d, <a href=\"https:\/\/x.com\/Deadspin\/status\/1876059827279167915\">Gronkowski disse durante a NFL na FOX.<\/a> \u201cFicamos todos surpresos com isso. Acho que foi injusto treinar Jerod Mayo. Ele nunca teve a chance de se desenvolver como treinador principal. Ele era apenas um novato nesse departamento, e se voc\u00ea julgar um treinador pelo primeiro ano, isso n\u00e3o \u00e9 apropriado.\u201d<\/p>\n<p>A FOX cortou para um comercial antes que Gronkowski pudesse terminar seus coment\u00e1rios. Ele estava trazendo \u00e0 tona um ponto sobre o colega palestrante Jimmy Johnson, que ganhou dois Super Bowls com o Dallas Cowboys depois de ir de 1 a 15 durante sua primeira temporada, quando Michael Strahan lhe disse que a rede precisava quebrar.<\/p>\n<figure class=\"wp-block-embed is-type-rich is-provider-twitter wp-block-embed-twitter\"\/>\n<p>Belichick, que ganhou seis Super Bowls como treinador principal, terminou 6-10 em sua primeira temporada com o Cleveland Browns. Quatro de suas cinco temporadas em Cleveland foram temporadas perdidas. Ele tamb\u00e9m teve um recorde de 5-11 em sua primeira temporada com os Patriots em 2000, antes de treinar a franquia para seu primeiro t\u00edtulo do Super Bowl no ano seguinte.<\/p>\n<p>Mayo n\u00e3o teve uma segunda chance com a franquia na qual passou toda a sua carreira de jogador. Kraft divulgou uma carta aos f\u00e3s no mesmo dia do final da temporada explicando a demiss\u00e3o. A mudan\u00e7a, disse Kraft, foi a melhor op\u00e7\u00e3o para devolver os Patriots \u00e0 disputa dos playoffs. <\/p>\n<p>Embora seu recorde tenha sido o mesmo do ano passado, os Patriots mostraram alguns sinais de regress\u00e3o sob Mayo.<\/p>\n<p>Os Patriots tiveram a defesa de corrida n\u00famero 1, em termos de jardas por carregamento, na NFL no ano passado. Eles ca\u00edram para o meio do pelot\u00e3o nesta temporada. Eles pareciam desleixados e indisciplinados durante grande parte do ano, com muitas penalidades pr\u00e9-snap. Os jogadores tiveram v\u00e1rios desentendimentos fora do campo com as autoridades. Mayo teve v\u00e1rios momentos embara\u00e7osos durante coletivas de imprensa. <\/p>\n<p>Mas tamb\u00e9m houve sinais de melhoria. O ataque, que funcionava com uma linha ofensiva remendada composta principalmente por novatos e jornaleiros, melhorou ligeiramente. Quarterback <a href=\"http:\/\/boston.com\/tag\/drake-maye\">Drake Maye<\/a> parecia estar se desenvolvendo bem. Os Patriots venceram dois times que tinham muito mais talento (Cincinnati e Buffalo) quando n\u00e3o estavam no seu melhor.<\/p>\n<p>Mesmo assim, a organiza\u00e7\u00e3o decidiu reduzir as perdas e deixar Mayo sem se preocupar em ver se ele conseguiria melhorar com um segundo ano de carreira. <\/p>\n<p>Mayo \u00e9 o terceiro t\u00e9cnico dos Patriots a durar menos de uma temporada. <\/p>\n<p>Phil Bengtson foi 1-4 como treinador interino depois de substituir John Mazur em 1972, antes de se tornar o Diretor de Escotismo Profissional da equipe. Rod Rust foi demitido depois de fazer 1-15 em 1990. Mayo \u00e9 o \u00fanico dos tr\u00eas que ganhou v\u00e1rios jogos. <\/p>\n<p>A Nova Inglaterra provavelmente sentiu uma sensa\u00e7\u00e3o de urg\u00eancia para fazer uma grande jogada depois de suportar v\u00e1rias temporadas de derrotas no final da era Belichick e recrutar um potencial quarterback da franquia, Drake Maye.<\/p>\n<p>Eles agiram de acordo com esse sentimento e a mudan\u00e7a veio rapidamente. <\/p>\n<div class=\"o-author-single has-avatar\">\n<header class=\"m-author-card\">\n<div class=\"a-image a-image--square m-author-card__image\">\n\t\t<img decoding=\"async\" class=\"\" src=\"https:\/\/www.boston.com\/wp-content\/uploads\/2024\/10\/cropped-Screen-Shot-2024-01-26-at-4.59.30-PM-6706db53ae1d7-6706dcbabfba0-242x242.png\" alt=\"Imagem do perfil de Khari A. Thompson\"\/>\t<\/div>\n<div class=\"m-author-card__text\">\n<h3 class=\"m-author-card__title\"><a href=\"https:\/\/www.boston.com\/author\/kharia-thompson\">Khari A. Thompson<\/a><\/h3>\n<p><span class=\"m-author-card__subtitle\">Rep\u00f3rter Esportivo<\/span>\t<\/div>\n<\/header>\n<section class=\"author-info\">\n<div class=\"m-author__section\">\n<p>Khari Thompson cobre esportes profissionais para Boston.com. Antes de ingressar no time em 2022, Khari cobriu futebol universit\u00e1rio para o The Clarion Ledger em Jackson, Mississipi.<\/p>\n<\/div>\n<\/section>\n<\/div>\n<div class=\"m-block m-generic-cta\t m-generic-cta--post-content\t m-generic-cta--dark\t m-generic-cta--homepage\t m-generic-cta--email-signup\t\t m-generic-cta-block-style--default \tt-amp__generic-cta\"><\/p>\n<div class=\"m-generic-cta__wrap\">\n<div class=\"m-generic-cta__content\">\n<h3 class=\"m-generic-cta__title\">Inscreva-se para receber atualiza\u00e7\u00f5es do Patriots\ud83c\udfc8<\/h3>\n<p class=\"m-generic-cta__subtitle\">Receba as \u00faltimas not\u00edcias e an\u00e1lises em sua caixa de entrada durante a temporada de futebol.<\/p>\n<\/p><\/div>\n<\/p><\/div>\n<\/div><\/div>\n<p><script>\n\t\tvar consent=\"grant\";\n\t\t\/* The above code is parsing the JSON data from the local storage and storing it in a variable. *\/\n\t\t\t\t\tconst onetrustStorageConsent = JSON.parse(localStorage.getItem( 'consent_one_trust_bdc' ) );\n\t\t\tif ( ( onetrustStorageConsent !== null ) ) {\n\t\t\t\t\/* Checking to see if the user has consented to the use of cookies.\n\t\t\t\t* If they have not, it is deleting the cookie.\n\t\t\t\t* This will comment for now, until further notice.\n\t\t\t\t*\/\n\t\t\t\t\/\/if ( onetrustStorageConsent.C0002 === false ) {\n\t\t\t\t\/\/\tdocument.cookie=\"_fbp=;expires=Thu, 01 Jan 2010 00:00:00 UTC; path=\/; domain=.boston.com\";\n\t\t\t\t\/\/}\n\t\t\t\t\/* Checking if the user has given consent for the cookie C0002.\n\t\t\t\t* If the user has given consent, the variable consent will be set to 'grant'.\n\t\t\t\t* If the user has not given consent,the variable consent will be set to 'revoke'.\n\t\t\t\t* Documentation https:\/\/developers.facebook.com\/docs\/meta-pixel\/implementation\/gdpr\n\t\t\t\t*\/\n\t\t\t\tif ( onetrustStorageConsent.C0002 !== true ) {\n\t\t\t\t\tconsent=\"revoke\";\n\t\t\t\t}\n\t\t\t}\n\t\t\t\t!function(f,b,e,v,n,t,s)\n\t\t{if(f.fbq)return;n=f.fbq=function(){n.callMethod?\n\t\tn.callMethod.apply(n,arguments):n.queue.push(arguments)};\n\t\tif(!f._fbq)f._fbq=n;n.push=n;n.loaded=!0;n.version='2.0';\n\t\tn.queue=[];t=b.createElement(e);t.async=!0;\n\t\tt.src=v;s=b.getElementsByTagName(e)[0];\n\t\ts.parentNode.insertBefore(t,s)}(window, document,'script',\n\t\t'https:\/\/connect.facebook.net\/en_US\/fbevents.js');\n\t\tfbq('consent', consent);\n\t\tfbq('init', '989222871864976');\n\t\tfbq('track', 'PageView');\n\t<\/script><script type=\"module\">\n\t\tvar consent=\"grant\";\n\t\t\/* The above code is parsing the JSON data from the local storage and storing it in a variable. *\/\n\t\t\tconst onetrustStorageConsent = JSON.parse(localStorage.getItem( 'consent_one_trust_bdc' ) );\n\t\t\t\/* Checking to see if the user has consented to the use of cookies.\n\t\t\t* If they have not, it is deleting the cookie.\n\t\t\t* This will comment for now, until further notice.\n\t\t\t*\/\n\t\t\t\/\/if ( onetrustStorageConsent.C0002 === false ) {\n\t\t\t\/\/\tdocument.cookie=\"_fbp=;expires=Thu, 01 Jan 2010 00:00:00 UTC; path=\/; domain=.boston.com\";\n\t\t\t\/\/}\n\t\t\t\/* Checking if the user has given consent for the cookie C0002.\n\t\t\t* If the user has given consent, the variable consent will be set to 'grant'.\n\t\t\t* If the user has not given consent,the variable consent will be set to 'revoke'.\n\t\t\t* Documentation https:\/\/developers.facebook.com\/docs\/meta-pixel\/implementation\/gdpr\n\t\t\t*\/\n\t\t\tif ( ( onetrustStorageConsent !== null ) && (onetrustStorageConsent.C0002 !== true ) ) {\n\t\t\t\tconsent=\"revoke\";\n\t\t\t}\n\t\t\t\t!function(f,b,e,v,n,t,s){if(f.fbq)return;n=f.fbq=function()\n\t\t{n.callMethod? n.callMethod.apply(n,arguments):n.queue.push(arguments)}\n\t\t;if(!f._fbq)f._fbq=n;\n\t\tn.push=n;n.loaded=!0;n.version='2.0';n.queue=[];t=b.createElement(e);t.async=!0;\n\t\tt.src=v;s=b.getElementsByTagName(e)[0];s.parentNode.insertBefore(t,s)}(window,\n\t\tdocument,'script','https:\/\/connect.facebook.net\/en_US\/fbevents.js');\n\t\tfbq('consent', consent);\n\t\tfbq('init', '813236348753005');\n\t\tfbq('track', \"PageView\");\n\t<\/script><br \/>\n<br \/><br \/>\n<br \/><a href=\"https:\/\/www.boston.com\/sports\/new-england-patriots\/2025\/01\/05\/rob-gronkowski-blasts-patriots-for-unfair-jerod-mayo-firing\/\">Source link <\/a><\/p>","protected":false},"excerpt":{"rendered":"<p>Patriotas &#8220;Acho que foi injusto treinar Jerod Mayo. Ele nunca teve a chance de se desenvolver como treinador principal.&#8221; Rob Gronkowski. Foto AP\/Ryan Sun Patriots demitem o t\u00e9cnico Jerod Mayo&hellip;<\/p>","protected":false},"author":1,"featured_media":88041,"comment_status":"closed","ping_status":"open","sticky":false,"template":"","format":"standard","meta":{"content-type":"","footnotes":""},"categories":[1],"tags":[],"class_list":["post-88040","post","type-post","status-publish","format-standard","has-post-thumbnail","hentry","category-uncategorized"],"_links":{"self":[{"href":"https:\/\/tvbrazilusa.com\/pt\/wp-json\/wp\/v2\/posts\/88040","targetHints":{"allow":["GET"]}}],"collection":[{"href":"https:\/\/tvbrazilusa.com\/pt\/wp-json\/wp\/v2\/posts"}],"about":[{"href":"https:\/\/tvbrazilusa.com\/pt\/wp-json\/wp\/v2\/types\/post"}],"author":[{"embeddable":true,"href":"https:\/\/tvbrazilusa.com\/pt\/wp-json\/wp\/v2\/users\/1"}],"replies":[{"embeddable":true,"href":"https:\/\/tvbrazilusa.com\/pt\/wp-json\/wp\/v2\/comments?post=88040"}],"version-history":[{"count":1,"href":"https:\/\/tvbrazilusa.com\/pt\/wp-json\/wp\/v2\/posts\/88040\/revisions"}],"predecessor-version":[{"id":88042,"href":"https:\/\/tvbrazilusa.com\/pt\/wp-json\/wp\/v2\/posts\/88040\/revisions\/88042"}],"wp:featuredmedia":[{"embeddable":true,"href":"https:\/\/tvbrazilusa.com\/pt\/wp-json\/wp\/v2\/media\/88041"}],"wp:attachment":[{"href":"https:\/\/tvbrazilusa.com\/pt\/wp-json\/wp\/v2\/media?parent=88040"}],"wp:term":[{"taxonomy":"category","embeddable":true,"href":"https:\/\/tvbrazilusa.com\/pt\/wp-json\/wp\/v2\/categories?post=88040"},{"taxonomy":"post_tag","embeddable":true,"href":"https:\/\/tvbrazilusa.com\/pt\/wp-json\/wp\/v2\/tags?post=88040"}],"curies":[{"name":"wp","href":"https:\/\/api.w.org\/{rel}","templated":true}]}}