{"id":88083,"date":"2025-01-06T10:42:58","date_gmt":"2025-01-06T10:42:58","guid":{"rendered":"https:\/\/tvbrazilusa.com\/2025\/01\/06\/veja-o-que-se-sabe-sobre-o-surto-de-virose-no-litoral-de-sao-paulo-confira-a-lista-das-praias-mais-afetadas\/"},"modified":"2025-01-06T10:42:59","modified_gmt":"2025-01-06T10:42:59","slug":"veja-o-que-se-sabe-sobre-o-surto-de-virose-no-litoral-de-sao-paulo-confira-a-lista-das-praias-mais-afetadas","status":"publish","type":"post","link":"https:\/\/tvbrazilusa.com\/pt\/2025\/01\/06\/veja-o-que-se-sabe-sobre-o-surto-de-virose-no-litoral-de-sao-paulo-confira-a-lista-das-praias-mais-afetadas\/","title":{"rendered":"Veja o que se sabe sobre o surto de virose no litoral de S\u00e3o Paulo: confira a lista das praias mais afetadas"},"content":{"rendered":"<p> <script async src=\"https:\/\/pagead2.googlesyndication.com\/pagead\/js\/adsbygoogle.js?client=ca-pub-8864793242727901\"\r\n     crossorigin=\"anonymous\"><\/script><br \/>\n<\/p>\n<div id=\"taboola-read-more\" style=\"display:block; width:100%\">\n<p>Casos de virose dispararam na Baixada Santista nos \u00faltimos dias, deixando unidades de sa\u00fade sobrecarregadas. Com as festas de fim de ano e a chegada do ver\u00e3o, registrou-se um fluxo intenso de turistas, o que contribuiu para a dissemina\u00e7\u00e3o de doen\u00e7as respirat\u00f3rias e gastrointestinais. Em Guaruj\u00e1, por exemplo, os moradores e visitantes relatam longos tempos de espera, chegando a ultrapassar quatro horas.\n<\/p>\n<p>Nos primeiros dias de 2025, Santos relatou 273 casos de virose atendidos nas unidades de urg\u00eancia e emerg\u00eancia. J\u00e1 durante o m\u00eas de dezembro de 2024, mais de 2,2 mil pessoas buscaram atendimento por sintomas similares. Esse aumento foi atribu\u00eddo \u00e0s aglomera\u00e7\u00f5es caracter\u00edsticas dessa \u00e9poca do ano, associadas \u00e0 alta temperatura, que facilitam a propaga\u00e7\u00e3o de v\u00edrus.<\/p>\n<p>Quais s\u00e3o os sintomas da virose?<br \/>Os sintomas apresentados pela maioria dos pacientes incluem febre, dores no corpo, dor de cabe\u00e7a intensa e mal-estar geral. Os servi\u00e7os de sa\u00fade est\u00e3o sobrecarregados, e h\u00e1 relatos de falta de medicamentos em algumas farm\u00e1cias da regi\u00e3o, o que dificulta o tratamento adequado dos pacientes.\n<\/p>\n<p>Em resposta ao aumento de casos, a Secretaria de Sa\u00fade P\u00fablica de Praia Grande aumentou as equipes de atendimento para lidar com a demanda crescente. As autoridades lembram a popula\u00e7\u00e3o da import\u00e2ncia de seguir medidas preventivas, como a higiene das m\u00e3os, o consumo de alimentos seguros e a hidrata\u00e7\u00e3o adequada, especialmente em um cen\u00e1rio de alta temperatura.\n<\/p>\n<p>As recomenda\u00e7\u00f5es tamb\u00e9m envolvem a verifica\u00e7\u00e3o da qualidade da \u00e1gua antes de tomar banho de mar. A Companhia Ambiental do Estado de S\u00e3o Paulo emitiu alertas sobre praias classificadas como impr\u00f3prias para banho, enfatizando o risco de doen\u00e7as transmitidas por \u00e1gua contaminada.\n<\/p>\n<p>O que o futuro reserva para a sa\u00fade p\u00fablica no litoral paulista?<br \/>Em 2024, a qualidade das \u00e1guas de diversas praias no litoral paulista esteve sob avalia\u00e7\u00e3o cont\u00ednua pela Companhia Ambiental do Estado de S\u00e3o Paulo (Cetesb). Os resultados mostram que 15 praias passaram a maior parte do ano com bandeira vermelha, indicando condi\u00e7\u00f5es impr\u00f3prias para banho. A preocupa\u00e7\u00e3o com a contamina\u00e7\u00e3o dessas \u00e1reas cresce \u00e0 medida que turistas e moradores locais t\u00eam sido afetados por doen\u00e7as transmitidas pela \u00e1gua.\n<\/p>\n<p>A orienta\u00e7\u00e3o das autoridades estaduais \u00e9 clara: evitar nadar em \u00e1guas com bandeira vermelha, e tamb\u00e9m ap\u00f3s chuvas, devido ao risco de poluentes serem carregados para o mar. A condi\u00e7\u00e3o da balneabilidade \u00e9 impactada n\u00e3o apenas pela infraestrutura de esgoto, mas tamb\u00e9m pela polui\u00e7\u00e3o advinda de \u00e1reas urbanas, especialmente em dias de precipita\u00e7\u00e3o intensa.\n<\/p>\n<p>Quais s\u00e3o as praias mais afetadas?<br \/>Veja a lista completa da Cetesb:\n<\/p>\n<p>Guaruj\u00e1 &#8211; Perequ\u00ea &#8211; 51\n<\/p>\n<p>Ubatuba &#8211; Itagu\u00e1 (Leovegildo, 1724) &#8211; 51\n<\/p>\n<p>Praia Grande &#8211; Vila Tupi &#8211; 44\n<\/p>\n<p>S\u00e3o Vicente &#8211; Prainha (Av. S. Brito) &#8211; 44\n<\/p>\n<p>S\u00e3o Vicente &#8211; Gonzaguinha &#8211; 42\n<\/p>\n<p>S\u00e3o Vicente &#8211; Milion\u00e1rios &#8211; 41\n<\/p>\n<p>Ubatuba &#8211; Itagu\u00e1 (Leovegildo, 240) &#8211; 39\n<\/p>\n<p>Praia Grande &#8211; Vila Mirim &#8211; 35\n<\/p>\n<p>Praia Grande &#8211; Maracan\u00e3 &#8211; 32\n<\/p>\n<p>Mongagu\u00e1 &#8211; Central &#8211; 28\n<\/p>\n<p>Mongagu\u00e1 &#8211; Santa Eug\u00eania &#8211; 28\n<\/p>\n<p>Mongagu\u00e1 &#8211; Vera Cruz &#8211; 28\n<\/p>\n<p>Praia Grande &#8211; Balne\u00e1rio Fl\u00f3rida &#8211; 28\n<\/p>\n<p>Praia Grande &#8211; Boqueir\u00e3o &#8211; 28\n<\/p>\n<p>Ubatuba &#8211; Rio Itamambuca &#8211; 27\n<\/p>\n<p>Fonte: Reda\u00e7\u00e3o Terra              <\/p>\n<\/div>\n<p><br \/>\n<br \/><a href=\"https:\/\/diariodobrasilnoticias.com.br\/noticia\/veja-o-que-se-sabe-sobre-o-surto-de-virose-no-litoral-de-sao-paulo-confira-a-lista-das-praias-mais-afetadas-677bab295073a\">Source link <\/a><\/p>","protected":false},"excerpt":{"rendered":"<p>Casos de virose dispararam na Baixada Santista nos \u00faltimos dias, deixando unidades de sa\u00fade sobrecarregadas. Com as festas de fim de ano e a chegada do ver\u00e3o, registrou-se um fluxo&hellip;<\/p>","protected":false},"author":1,"featured_media":88084,"comment_status":"closed","ping_status":"open","sticky":false,"template":"","format":"standard","meta":{"content-type":"","footnotes":""},"categories":[16],"tags":[123,2448,5313,1267],"class_list":["post-88083","post","type-post","status-publish","format-standard","has-post-thumbnail","hentry","category-noticias","tag-brasil","tag-diario","tag-noticia","tag-noticias"],"_links":{"self":[{"href":"https:\/\/tvbrazilusa.com\/pt\/wp-json\/wp\/v2\/posts\/88083","targetHints":{"allow":["GET"]}}],"collection":[{"href":"https:\/\/tvbrazilusa.com\/pt\/wp-json\/wp\/v2\/posts"}],"about":[{"href":"https:\/\/tvbrazilusa.com\/pt\/wp-json\/wp\/v2\/types\/post"}],"author":[{"embeddable":true,"href":"https:\/\/tvbrazilusa.com\/pt\/wp-json\/wp\/v2\/users\/1"}],"replies":[{"embeddable":true,"href":"https:\/\/tvbrazilusa.com\/pt\/wp-json\/wp\/v2\/comments?post=88083"}],"version-history":[{"count":1,"href":"https:\/\/tvbrazilusa.com\/pt\/wp-json\/wp\/v2\/posts\/88083\/revisions"}],"predecessor-version":[{"id":88085,"href":"https:\/\/tvbrazilusa.com\/pt\/wp-json\/wp\/v2\/posts\/88083\/revisions\/88085"}],"wp:featuredmedia":[{"embeddable":true,"href":"https:\/\/tvbrazilusa.com\/pt\/wp-json\/wp\/v2\/media\/88084"}],"wp:attachment":[{"href":"https:\/\/tvbrazilusa.com\/pt\/wp-json\/wp\/v2\/media?parent=88083"}],"wp:term":[{"taxonomy":"category","embeddable":true,"href":"https:\/\/tvbrazilusa.com\/pt\/wp-json\/wp\/v2\/categories?post=88083"},{"taxonomy":"post_tag","embeddable":true,"href":"https:\/\/tvbrazilusa.com\/pt\/wp-json\/wp\/v2\/tags?post=88083"}],"curies":[{"name":"wp","href":"https:\/\/api.w.org\/{rel}","templated":true}]}}