{"id":88106,"date":"2025-01-06T12:03:01","date_gmt":"2025-01-06T12:03:01","guid":{"rendered":"https:\/\/tvbrazilusa.com\/2025\/01\/06\/lider-do-governo-lula-na-camara-retoma-debate-sobre-a-regulacao-das-redes\/"},"modified":"2025-01-06T12:03:02","modified_gmt":"2025-01-06T12:03:02","slug":"lider-do-governo-lula-na-camara-retoma-debate-sobre-a-regulacao-das-redes","status":"publish","type":"post","link":"https:\/\/tvbrazilusa.com\/pt\/2025\/01\/06\/lider-do-governo-lula-na-camara-retoma-debate-sobre-a-regulacao-das-redes\/","title":{"rendered":"L\u00edder do governo Lula na C\u00e2mara retoma debate sobre a &#8216;regula\u00e7\u00e3o das redes&#8217;"},"content":{"rendered":"<p> <script async src=\"https:\/\/pagead2.googlesyndication.com\/pagead\/js\/adsbygoogle.js?client=ca-pub-8864793242727901\"\r\n     crossorigin=\"anonymous\"><\/script><br \/>\n<\/p>\n<div id=\"taboola-read-more\" style=\"display:block; width:100%\">\n<p>O l\u00edder do governo na C\u00e2mara dos Deputados, Jos\u00e9 Guimar\u00e3es (PT-CE), afirmou que a pauta sobre a regula\u00e7\u00e3o das redes sociais ser\u00e1 um desafio para este ano. De acordo com o petista, a elei\u00e7\u00e3o de 2026 tornar\u00e1 necess\u00e1ria a aprova\u00e7\u00e3o do projeto.\n<\/p>\n<p>As declara\u00e7\u00f5es de parlamentar, que \u00e9 cotado para se tornar o pr\u00f3ximo presidente nacional do Partido dos Trabalhadores (PT), ocorreram em entrevista \u00e0 r\u00e1dio Opini\u00e3o CE, na \u00faltima sexta-feira, 3. Na ocasi\u00e3o, Guimar\u00e3es lembrou que o parecer do relator do Projeto de Lei 2.630\/2020, o PL da Morda\u00e7a, Orlando Silva (PCdoB-SP), segue sem a an\u00e1lise do plen\u00e1rio da C\u00e2mara.<\/p>\n<p>\u201c[O projeto] est\u00e1 dormindo nas gavetas da C\u00e2mara, ningu\u00e9m tem a coragem de votar\u201d, declarou o deputado petista, antes de refor\u00e7ar que o seu partido planeja resgatar a proposta. \u201cMas n\u00f3s vamos retomar. N\u00f3s n\u00e3o podemos ir para a elei\u00e7\u00e3o de 2026 sem lei nessa \u00e1rea a\u00ed. Sem lei, estamos ferrados.\u201d\n<\/p>\n<p>O deputado federal tamb\u00e9m recha\u00e7ou as cr\u00edticas ao projeto sobre a possibilidade de cerceamento \u00e0 liberdade de express\u00e3o e de imprensa. De acordo com ele, atualmente, h\u00e1 impunidade sobre a dissemina\u00e7\u00e3o de informa\u00e7\u00f5es falsas na internet. \u201cPenso que temos grandiosos desafios para 2025\u201d, afirmou Guimar\u00e3es, sobre o projeto que, segundo ele, \u00e9 para \u201cregula\u00e7\u00e3o das redes\u201d no pa\u00eds. \u201cEntre tantos, temos de avan\u00e7ar nessa regulamenta\u00e7\u00e3o.\u201d\n<\/p>\n<p><strong>Lira fala em votar \u201cregula\u00e7\u00e3o das redes\u201d<\/strong>\n<\/p>\n<p>Conforme registrou o Broadcast Pol\u00edtico em dezembro, o presidente da C\u00e2mara, Arthur Lira (PP-AL), em conversa com aliados, citou a regulamenta\u00e7\u00e3o das redes como um dos temas que poderiam ter ido \u00e0 vota\u00e7\u00e3o no plen\u00e1rio em 2024. A tramita\u00e7\u00e3o do projeto, no entanto, foi repudiada pela oposi\u00e7\u00e3o e por big techs. Elas falaram, a saber, em possibilidade de censura. Al\u00e9m disso, reclamaram que o PL poderia favorecer empresas tradicionais de m\u00eddia, como emissoras de TV e jornais impressos.\n<\/p>\n<p>A decis\u00e3o de pautar novamente a quest\u00e3o caber\u00e1 ao sucessor de Lira no cargo, que deve ser eleito em fevereiro. O nome mais cotado para vencer a disputa pelo presid\u00eancia da C\u00e2mara dos Deputados \u00e9 o de Hugo Motta (Republicanos-PB).<\/p>\n<p>Fonte: Revista Oeste              <\/p>\n<\/div>\n<p><br \/>\n<br \/><a href=\"https:\/\/diariodobrasilnoticias.com.br\/noticia\/lider-do-governo-lula-na-camara-retoma-debate-sobre-a-regulacao-das-redes-677bc06ac3be0\">Source link <\/a><\/p>","protected":false},"excerpt":{"rendered":"<p>O l\u00edder do governo na C\u00e2mara dos Deputados, Jos\u00e9 Guimar\u00e3es (PT-CE), afirmou que a pauta sobre a regula\u00e7\u00e3o das redes sociais ser\u00e1 um desafio para este ano. De acordo com&hellip;<\/p>","protected":false},"author":1,"featured_media":88107,"comment_status":"closed","ping_status":"open","sticky":false,"template":"","format":"standard","meta":{"content-type":"","footnotes":""},"categories":[16],"tags":[123,2448,5313,1267],"class_list":["post-88106","post","type-post","status-publish","format-standard","has-post-thumbnail","hentry","category-noticias","tag-brasil","tag-diario","tag-noticia","tag-noticias"],"_links":{"self":[{"href":"https:\/\/tvbrazilusa.com\/pt\/wp-json\/wp\/v2\/posts\/88106","targetHints":{"allow":["GET"]}}],"collection":[{"href":"https:\/\/tvbrazilusa.com\/pt\/wp-json\/wp\/v2\/posts"}],"about":[{"href":"https:\/\/tvbrazilusa.com\/pt\/wp-json\/wp\/v2\/types\/post"}],"author":[{"embeddable":true,"href":"https:\/\/tvbrazilusa.com\/pt\/wp-json\/wp\/v2\/users\/1"}],"replies":[{"embeddable":true,"href":"https:\/\/tvbrazilusa.com\/pt\/wp-json\/wp\/v2\/comments?post=88106"}],"version-history":[{"count":1,"href":"https:\/\/tvbrazilusa.com\/pt\/wp-json\/wp\/v2\/posts\/88106\/revisions"}],"predecessor-version":[{"id":88108,"href":"https:\/\/tvbrazilusa.com\/pt\/wp-json\/wp\/v2\/posts\/88106\/revisions\/88108"}],"wp:featuredmedia":[{"embeddable":true,"href":"https:\/\/tvbrazilusa.com\/pt\/wp-json\/wp\/v2\/media\/88107"}],"wp:attachment":[{"href":"https:\/\/tvbrazilusa.com\/pt\/wp-json\/wp\/v2\/media?parent=88106"}],"wp:term":[{"taxonomy":"category","embeddable":true,"href":"https:\/\/tvbrazilusa.com\/pt\/wp-json\/wp\/v2\/categories?post=88106"},{"taxonomy":"post_tag","embeddable":true,"href":"https:\/\/tvbrazilusa.com\/pt\/wp-json\/wp\/v2\/tags?post=88106"}],"curies":[{"name":"wp","href":"https:\/\/api.w.org\/{rel}","templated":true}]}}