{"id":88109,"date":"2025-01-06T12:15:05","date_gmt":"2025-01-06T12:15:05","guid":{"rendered":"https:\/\/tvbrazilusa.com\/2025\/01\/06\/prtb-busca-filiar-o-senador-cleitinho-e-propoe-chapa-com-gusttavo-lima-ou-marcal\/"},"modified":"2025-01-06T12:15:06","modified_gmt":"2025-01-06T12:15:06","slug":"prtb-busca-filiar-o-senador-cleitinho-e-propoe-chapa-com-gusttavo-lima-ou-marcal","status":"publish","type":"post","link":"https:\/\/tvbrazilusa.com\/pt\/2025\/01\/06\/prtb-busca-filiar-o-senador-cleitinho-e-propoe-chapa-com-gusttavo-lima-ou-marcal\/","title":{"rendered":"PRTB busca filiar o senador Cleitinho e prop\u00f5e chapa com Gusttavo Lima ou Mar\u00e7al"},"content":{"rendered":"<p> <script async src=\"https:\/\/pagead2.googlesyndication.com\/pagead\/js\/adsbygoogle.js?client=ca-pub-8864793242727901\"\r\n     crossorigin=\"anonymous\"><\/script><br \/>\n<\/p>\n<div id=\"taboola-read-more\" style=\"display:block; width:100%\">\n<p>O PRTB acredita que poder\u00e1 filiar o senador mineiro Cleitinho Azevedo em breve. Atualmente, o pol\u00edtico integra o Republicanos, mas foi eleito em 2022 pelo antigo PSC.\n<\/p>\n<p>Segundo o presidente do PRTB, Leonardo Avalanche, Cleitinho tem condi\u00e7\u00f5es de concorrer ao governo de Minas Gerais em 2026.<\/p>\n<p>\u201cCleitinho \u00e9 bastante influente nas redes sociais, com grande participa\u00e7\u00e3o popular em todo Brasil, o que tem qualificado ele em primeiro lugar em todas as pesquisas para governador de Minas Gerais\u201d, afirmou, em manifesta\u00e7\u00e3o espont\u00e2nea \u00e0 CNN.\n<\/p>\n<p>Avalanche tamb\u00e9m disse que o senador est\u00e1 \u00e0 disposi\u00e7\u00e3o para uma poss\u00edvel candidatura \u00e0 Presid\u00eancia da Rep\u00fablica, seja como presidente ou vice-presidente.\n<\/p>\n<p>\u201cO senador Cleitinho tamb\u00e9m est\u00e1 qualificado para ser candidato a presidente da Rep\u00fablica ou numa composi\u00e7\u00e3o ser Vice-Presidente na chapa com Pablo Mar\u00e7al ou com Gusttavo Lima. Conversei com ele e deixou seu nome \u00e0 disposi\u00e7\u00e3o para Presidente da Rep\u00fablica contribuindo para o audacioso projeto de restaura\u00e7\u00e3o da na\u00e7\u00e3o brasileira.\u201d\n<\/p>\n<p>Play Video<br \/>Nos dias de hoje, o PRTB n\u00e3o possui representantes na C\u00e2mara dos Deputados ou no Senado Federal. Nos \u00faltimos pleitos elegeu sete deputados estaduais e 96 vereadores em todo o Brasil.\n<\/p>\n<p>\u00c0 CNN, o senador Cleitinho confirmou que vem tendo conversas com as lideran\u00e7as do PRTB e ressaltou a vontade de conquistar um cargo no Executivo em 2026, podendo ser o governo mineiro ou a presid\u00eancia.\n<\/p>\n<p>O republicano disse que possui experi\u00eancia de vereador, deputado federal e de senador e que est\u00e1 preparado para um desafio maior.\n<\/p>\n<p>Tamb\u00e9m se avaliou como um pol\u00edtico \u201cque fala a l\u00edngua do povo, tem empatia pelo pr\u00f3ximo e que consegue ser ouvido pela direita e pela esquerda\u201d, segundo ele, fatores importantes para uma eventual disputa contra o presidente Luiz In\u00e1cio Lula da Silva (PT).\n<\/p>\n<p>Gusttavo Lima ou Pablo Mar\u00e7al?<br \/>Desde as elei\u00e7\u00f5es municipais de 2024 em S\u00e3o Paulo, a principal lideran\u00e7a da sigla \u00e9 o empres\u00e1rio Pablo Mar\u00e7al. Inclusive, em uma pesquisa sobre poss\u00edveis candidatos \u00e0 Presid\u00eancia da Rep\u00fablica, encomendada pela Quaest, o ex-coach apareceu na segunda coloca\u00e7\u00e3o, com 18%.\n<\/p>\n<p>Mesmo assim, o PRTB trabalha para trazer o cantor Gusttavo Lima que, recentemente, anunciou o desejo de concorrer ao executivo federal e recebeu as boas-vindas de Mar\u00e7al.\n<\/p>\n<p>\u201cEstamos firmes com Pablo Mar\u00e7al e juntamente com ele estamos fortalecendo o PRTB. [\u2026] Nosso prop\u00f3sito \u00e9 trazer todos para o partido e juntos construirmos a melhor candidatura para 2026 e dentro desse seleto grupo montarmos a candidatura de presidente, vice-presidente, governadores e senadores construindo assim uma das maiores bancadas de deputados federais em 2026\u201d, finalizou Avalanche.<\/p>\n<p>Fonte: CNN Brasil              <\/p>\n<\/div>\n<p><br \/>\n<br \/><a href=\"https:\/\/diariodobrasilnoticias.com.br\/noticia\/prtb-busca-filiar-o-senador-cleitinho-e-propoe-chapa-com-gusttavo-lima-ou-marcal-677bb98759f17\">Source link <\/a><\/p>","protected":false},"excerpt":{"rendered":"<p>O PRTB acredita que poder\u00e1 filiar o senador mineiro Cleitinho Azevedo em breve. Atualmente, o pol\u00edtico integra o Republicanos, mas foi eleito em 2022 pelo antigo PSC. Segundo o presidente&hellip;<\/p>","protected":false},"author":1,"featured_media":88110,"comment_status":"closed","ping_status":"open","sticky":false,"template":"","format":"standard","meta":{"content-type":"","footnotes":""},"categories":[16],"tags":[123,2448,5313,1267],"class_list":["post-88109","post","type-post","status-publish","format-standard","has-post-thumbnail","hentry","category-noticias","tag-brasil","tag-diario","tag-noticia","tag-noticias"],"_links":{"self":[{"href":"https:\/\/tvbrazilusa.com\/pt\/wp-json\/wp\/v2\/posts\/88109","targetHints":{"allow":["GET"]}}],"collection":[{"href":"https:\/\/tvbrazilusa.com\/pt\/wp-json\/wp\/v2\/posts"}],"about":[{"href":"https:\/\/tvbrazilusa.com\/pt\/wp-json\/wp\/v2\/types\/post"}],"author":[{"embeddable":true,"href":"https:\/\/tvbrazilusa.com\/pt\/wp-json\/wp\/v2\/users\/1"}],"replies":[{"embeddable":true,"href":"https:\/\/tvbrazilusa.com\/pt\/wp-json\/wp\/v2\/comments?post=88109"}],"version-history":[{"count":1,"href":"https:\/\/tvbrazilusa.com\/pt\/wp-json\/wp\/v2\/posts\/88109\/revisions"}],"predecessor-version":[{"id":88111,"href":"https:\/\/tvbrazilusa.com\/pt\/wp-json\/wp\/v2\/posts\/88109\/revisions\/88111"}],"wp:featuredmedia":[{"embeddable":true,"href":"https:\/\/tvbrazilusa.com\/pt\/wp-json\/wp\/v2\/media\/88110"}],"wp:attachment":[{"href":"https:\/\/tvbrazilusa.com\/pt\/wp-json\/wp\/v2\/media?parent=88109"}],"wp:term":[{"taxonomy":"category","embeddable":true,"href":"https:\/\/tvbrazilusa.com\/pt\/wp-json\/wp\/v2\/categories?post=88109"},{"taxonomy":"post_tag","embeddable":true,"href":"https:\/\/tvbrazilusa.com\/pt\/wp-json\/wp\/v2\/tags?post=88109"}],"curies":[{"name":"wp","href":"https:\/\/api.w.org\/{rel}","templated":true}]}}