{"id":88115,"date":"2025-01-06T12:30:00","date_gmt":"2025-01-06T12:30:00","guid":{"rendered":"https:\/\/tvbrazilusa.com\/2025\/01\/06\/conselheiro-de-orientacao-escolar-citado-por-excelente-servico-comunitario\/"},"modified":"2025-01-06T12:37:52","modified_gmt":"2025-01-06T12:37:52","slug":"conselheiro-de-orientacao-escolar-citado-por-excelente-servico-comunitario","status":"publish","type":"post","link":"https:\/\/tvbrazilusa.com\/pt\/2025\/01\/06\/conselheiro-de-orientacao-escolar-citado-por-excelente-servico-comunitario\/","title":{"rendered":"Conselheiro de orienta\u00e7\u00e3o escolar citado por excelente servi\u00e7o comunit\u00e1rio"},"content":{"rendered":"<script async src=\"https:\/\/pagead2.googlesyndication.com\/pagead\/js\/adsbygoogle.js?client=ca-pub-8864793242727901\"\r\n     crossorigin=\"anonymous\"><\/script>\n<div>\n<p class=\"article__paragraph article__paragraph--left\" id=\"5PRLPJGJBNHCFJKOSTH4QGQQE4\">Na sua recente reuni\u00e3o do Conselho de Comiss\u00e1rios, o munic\u00edpio de North Bergen juntou-se \u00e0 homenagem a Samantha Lugo, orientadora da North Bergen High School, pelo seu papel no avan\u00e7o da sa\u00fade comunit\u00e1ria, no envolvimento dos jovens e no voluntariado.<\/p>\n<p class=\"article__paragraph article__paragraph--left\" id=\"KUC2QBA6KRFOZETUGTAFO6BC6A\">Por seus esfor\u00e7os, Lugo recebeu o pr\u00eamio W. Cary Edwards de Volunt\u00e1rio Estadual do Ano em 2024.<\/p>\n<\/div>\n<p><br \/>\n<br \/><a href=\"https:\/\/www.nj.com\/hudson\/2025\/01\/high-school-guidance-counselor-cited-for-outstanding-community-service.html\">Source link <\/a><\/p>","protected":false},"excerpt":{"rendered":"<p>Na sua recente reuni\u00e3o do Conselho de Comiss\u00e1rios, o munic\u00edpio de North Bergen juntou-se \u00e0 homenagem a Samantha Lugo, orientadora da North Bergen High School, pelo seu papel no avan\u00e7o&hellip;<\/p>","protected":false},"author":1,"featured_media":88116,"comment_status":"closed","ping_status":"open","sticky":false,"template":"","format":"standard","meta":{"content-type":"","footnotes":""},"categories":[1],"tags":[],"class_list":["post-88115","post","type-post","status-publish","format-standard","has-post-thumbnail","hentry","category-uncategorized"],"_links":{"self":[{"href":"https:\/\/tvbrazilusa.com\/pt\/wp-json\/wp\/v2\/posts\/88115","targetHints":{"allow":["GET"]}}],"collection":[{"href":"https:\/\/tvbrazilusa.com\/pt\/wp-json\/wp\/v2\/posts"}],"about":[{"href":"https:\/\/tvbrazilusa.com\/pt\/wp-json\/wp\/v2\/types\/post"}],"author":[{"embeddable":true,"href":"https:\/\/tvbrazilusa.com\/pt\/wp-json\/wp\/v2\/users\/1"}],"replies":[{"embeddable":true,"href":"https:\/\/tvbrazilusa.com\/pt\/wp-json\/wp\/v2\/comments?post=88115"}],"version-history":[{"count":1,"href":"https:\/\/tvbrazilusa.com\/pt\/wp-json\/wp\/v2\/posts\/88115\/revisions"}],"predecessor-version":[{"id":88117,"href":"https:\/\/tvbrazilusa.com\/pt\/wp-json\/wp\/v2\/posts\/88115\/revisions\/88117"}],"wp:featuredmedia":[{"embeddable":true,"href":"https:\/\/tvbrazilusa.com\/pt\/wp-json\/wp\/v2\/media\/88116"}],"wp:attachment":[{"href":"https:\/\/tvbrazilusa.com\/pt\/wp-json\/wp\/v2\/media?parent=88115"}],"wp:term":[{"taxonomy":"category","embeddable":true,"href":"https:\/\/tvbrazilusa.com\/pt\/wp-json\/wp\/v2\/categories?post=88115"},{"taxonomy":"post_tag","embeddable":true,"href":"https:\/\/tvbrazilusa.com\/pt\/wp-json\/wp\/v2\/tags?post=88115"}],"curies":[{"name":"wp","href":"https:\/\/api.w.org\/{rel}","templated":true}]}}