{"id":88121,"date":"2025-01-06T12:39:53","date_gmt":"2025-01-06T12:39:53","guid":{"rendered":"https:\/\/tvbrazilusa.com\/2025\/01\/06\/red-sox-supostamente-visto-como-local-de-pouso-preferido-para-nolan-arenado\/"},"modified":"2025-01-06T12:50:16","modified_gmt":"2025-01-06T12:50:16","slug":"red-sox-supostamente-visto-como-local-de-pouso-preferido-para-nolan-arenado","status":"publish","type":"post","link":"https:\/\/tvbrazilusa.com\/pt\/2025\/01\/06\/red-sox-supostamente-visto-como-local-de-pouso-preferido-para-nolan-arenado\/","title":{"rendered":"Red Sox supostamente visto como local de pouso &#8216;preferido&#8217; para Nolan Arenado"},"content":{"rendered":"<p> <script async src=\"https:\/\/pagead2.googlesyndication.com\/pagead\/js\/adsbygoogle.js?client=ca-pub-8864793242727901\"\r\n     crossorigin=\"anonymous\"><\/script><br \/>\n<\/p>\n<div id=\"\">\n<header class=\"m-article-header m-article-header--standard\">\n\t\t\t\t\t\t\t\t\t\t\t\t<span id=\"article-header-primary-term\"><br \/>\n\t\t\t\t\t\t\t\t<a class=\"a-term a-term--primary\" href=\"https:\/\/www.boston.com\/tag\/boston-red-sox\/\"><\/p>\n<p>\t\t\t\t\t\t\t\tRed Sox\t\t\t\t\t\t\t\t<\/a><br \/>\n\t\t\t\t\t\t\t<\/span><\/p>\n<h2 class=\"m-article-header__sub-headline\">\u201cSe os Red Sox e os Cardinals igualassem o valor, n\u00e3o haveria hesita\u00e7\u00e3o por parte de Arenado em aceitar o acordo.\u201d<\/h2>\n<figure class=\"a-photo m-article-header__photo\"><figcaption class=\"a-photo__caption\">\n<p>\tNolan Arenado est\u00e1 supostamente vendo o Red Sox como seu local de pouso ideal nesta entressafra. <em>  (Foto AP \/ David Zalubowski, Arquivo)<\/em>\t<\/figcaption><\/figure>\n<div class=\"m-article-header__meta\">\n<div class=\"m-article-header__byline\">\n<p class=\"m-article-header__author\">\n<p>\t\t\t\t\t\t\t\tPor <a class=\"a-link a-link--inline\" href=\"https:\/\/www.boston.com\/author\/conor-ryan\/\">Conor Ryan<\/a>\t\t\t\t\t\t\t<\/p>\n<p>\t\t\t\t\t\t\t\t\t\t\t\t\t\t\t<time class=\"m-article-header__date\"><\/p>\n<p>\t\t\t\t\t\t\t\t\t6 de janeiro de 2025 | 7h39\t\t\t\t\t\t\t\t<\/time><\/p>\n<p><span>2 minutos para ler<\/span><\/p>\n<\/p><\/div>\n<\/p><\/div>\n<\/header>\n<p>Parece estar escrito na parede que o terceiro base do Cardinals, Nolan Arenado, jogar\u00e1 por outro time em 2025 e al\u00e9m.<\/p>\n<p>Mas o oito vezes All-Star tem alguma palavra a dizer sobre sua pr\u00f3xima parada, considerando que o veterano supostamente renunciou \u00e0 sua cl\u00e1usula de proibi\u00e7\u00e3o de negocia\u00e7\u00e3o <a target=\"_blank\" href=\"https:\/\/www.mlb.com\/news\/nolan-arenado-blocks-trade-cardinals-astros\" rel=\"noreferrer noopener\">para evitar ser negociado com o Houston Astros.<\/a><\/p>\n<p>Foi uma jogada surpreendente de Arenado, considerando que Houston estava aparentemente pronto para passar por Alex Bregman no canto quente.<\/p>\n<p>Mas de acordo com Chris Cotillo e Sean McAdam do MassLive, parece que Arenado pode ter esperan\u00e7a de uma negocia\u00e7\u00e3o com Boston.<\/p>\n<p>\u201cBoston \u00e9 um destino preferido \u2013 se n\u00e3o o destino preferido \u2013 para Arenado, um forte candidato comercial que tem uma cl\u00e1usula de proibi\u00e7\u00e3o total de com\u00e9rcio, disseram fontes da ind\u00fastria no domingo.\u201d <a href=\"https:\/\/www.masslive.com\/redsox\/2025\/01\/red-sox-a-preferred-destination-in-nolan-arenado-trade-talks.html\">Cotillo e McAdam escreveram<\/a>. \u201cO jogador de 33 anos j\u00e1 invocou essa cl\u00e1usula para controlar seu futuro uma vez, bloqueando uma negocia\u00e7\u00e3o com Houston no final de dezembro.<\/p>\n<p>\u201cSe os Red Sox e os Cardinals igualassem o valor, n\u00e3o haveria hesita\u00e7\u00e3o por parte de Arenado em aceitar o acordo.\u201d<\/p>\n<p>Arenado proporcionaria uma atualiza\u00e7\u00e3o significativa \u00e0 defesa interna do Boston, considerando que o jogador de 33 anos tem 10 luvas de ouro em seu curr\u00edculo.<\/p>\n<p>H\u00e1 alguma preocupa\u00e7\u00e3o com o taco de Arenado, no entanto. Ele acertou 0,272 com 16 home runs e 71 RBI em 152 jogos em 2024. A WAR de Arenado caiu durante sua gest\u00e3o no St. Louis \u2013 passando de 7,7 em 2022 para 2,4 e 2,5 em 2023 e 2024, respectivamente.<\/p>\n<p>Al\u00e9m das preocupa\u00e7\u00f5es com a viabilidade de Arenado como bast\u00e3o intermedi\u00e1rio nesta fase de sua carreira, Boston j\u00e1 tem um homem de terceira base, Rafael Devers.<\/p>\n<p>Os Red Sox poderiam transferir Devers para a primeira base para acomodar Arenado, mas isso exigiria a troca de Triston Casas. Transferir Devers para DH tamb\u00e9m seria um problema, j\u00e1 que a equipe n\u00e3o conseguiu transferir o contrato de Masataka Yoshida nesta fase da entressafra.<\/p>\n<p>Falando na semana passada, Craig Breslow enfatizou que os Red Sox n\u00e3o estavam interessados \u200b\u200bem transferir Casas \u2013 que foi listado em rumores comerciais durante o inverno.<\/p>\n<p>\u201cN\u00e3o tenho certeza de onde isso vem\u201d <a href=\"https:\/\/www.boston.com\/sports\/boston-red-sox\/2024\/12\/30\/triston-casas-boston-red-sox-craig-breslow-trade-rumors-mlb\/\">O diretor de beisebol do Red Sox, Craig Breslow, disse aos rep\u00f3rteres.<\/a> \u201cN\u00e3o estamos comprando Triston. N\u00f3s o vemos como um cara que pode ficar no meio da escala\u00e7\u00e3o por muito tempo aqui em Boston.<\/p>\n<p>\u201cObviamente, mais o poder, mais o julgamento da zona de ataque, a capacidade de chegar \u00e0 base, e \u00e9 algu\u00e9m que n\u00e3o acho que tenhamos visto o melhor. Ele obviamente perdeu v\u00e1rios meses durante a temporada. Estamos muito entusiasmados por ele estar completamente saud\u00e1vel. Ele teve uma entressafra totalmente saud\u00e1vel.<\/p>\n<p>\u201cQuando voc\u00ea tem jovens jogadores realmente bons, n\u00e3o acho surpreendente que outras equipes perguntem sobre eles. Mas tenho visto algumas especula\u00e7\u00f5es sobre quais acordos podem ou n\u00e3o ter existido ou o que pode ou n\u00e3o ter sido proposto. E n\u00e3o havia nada que estivesse remotamente pr\u00f3ximo. Certamente n\u00e3o estamos comprando ele.<\/p>\n<p>Apesar dos coment\u00e1rios de Breslow, tanto Cotillo quanto McAdam relataram no domingo que \u201cainda existe uma cren\u00e7a na ind\u00fastria de que os Red Sox permanecem abertos \u00e0 negocia\u00e7\u00e3o de Casas, potencialmente para arremessadores jovens, para facilitar outras manobras de escala\u00e7\u00e3o\u201d.<\/p>\n<div class=\"o-author-single has-avatar\">\n<header class=\"m-author-card\">\n<div class=\"a-image a-image--square m-author-card__image\">\n\t\t<img decoding=\"async\" class=\"\" src=\"https:\/\/www.boston.com\/wp-content\/uploads\/2023\/05\/Headshot_Conor-645c0406ed6cb-scaled.jpg\" alt=\"Imagem do perfil de Conor Ryan\"\/>\t<\/div>\n<\/header>\n<section class=\"author-info\">\n<div class=\"m-author__section\">\n<p>Conor Ryan \u00e9 redator da equipe que cobre Bruins, Celtics, Patriots e Red Sox para Boston.com, fun\u00e7\u00e3o que ocupa desde 2023.<\/p>\n<\/div>\n<\/section>\n<\/div>\n<div class=\"m-block m-generic-cta\t m-generic-cta--post-content\t m-generic-cta--dark\t m-generic-cta--homepage\t m-generic-cta--email-signup\t\t m-generic-cta-block-style--default \tt-amp__generic-cta\"><\/p>\n<div class=\"m-generic-cta__wrap\">\n<div class=\"m-generic-cta__content\">\n<h3 class=\"m-generic-cta__title\">Inscreva-se para receber atualiza\u00e7\u00f5es do Red Sox\u26be<\/h3>\n<p class=\"m-generic-cta__subtitle\">Receba as \u00faltimas not\u00edcias e an\u00e1lises em sua caixa de entrada durante a temporada de beisebol.<\/p>\n<\/p><\/div>\n<\/p><\/div>\n<\/div><\/div>\n<p><script>\n\t\tvar consent=\"grant\";\n\t\t\/* The above code is parsing the JSON data from the local storage and storing it in a variable. *\/\n\t\t\t\t\tconst onetrustStorageConsent = JSON.parse(localStorage.getItem( 'consent_one_trust_bdc' ) );\n\t\t\tif ( ( onetrustStorageConsent !== null ) ) {\n\t\t\t\t\/* Checking to see if the user has consented to the use of cookies.\n\t\t\t\t* If they have not, it is deleting the cookie.\n\t\t\t\t* This will comment for now, until further notice.\n\t\t\t\t*\/\n\t\t\t\t\/\/if ( onetrustStorageConsent.C0002 === false ) {\n\t\t\t\t\/\/\tdocument.cookie=\"_fbp=;expires=Thu, 01 Jan 2010 00:00:00 UTC; path=\/; domain=.boston.com\";\n\t\t\t\t\/\/}\n\t\t\t\t\/* Checking if the user has given consent for the cookie C0002.\n\t\t\t\t* If the user has given consent, the variable consent will be set to 'grant'.\n\t\t\t\t* If the user has not given consent,the variable consent will be set to 'revoke'.\n\t\t\t\t* Documentation https:\/\/developers.facebook.com\/docs\/meta-pixel\/implementation\/gdpr\n\t\t\t\t*\/\n\t\t\t\tif ( onetrustStorageConsent.C0002 !== true ) {\n\t\t\t\t\tconsent=\"revoke\";\n\t\t\t\t}\n\t\t\t}\n\t\t\t\t!function(f,b,e,v,n,t,s)\n\t\t{if(f.fbq)return;n=f.fbq=function(){n.callMethod?\n\t\tn.callMethod.apply(n,arguments):n.queue.push(arguments)};\n\t\tif(!f._fbq)f._fbq=n;n.push=n;n.loaded=!0;n.version='2.0';\n\t\tn.queue=[];t=b.createElement(e);t.async=!0;\n\t\tt.src=v;s=b.getElementsByTagName(e)[0];\n\t\ts.parentNode.insertBefore(t,s)}(window, document,'script',\n\t\t'https:\/\/connect.facebook.net\/en_US\/fbevents.js');\n\t\tfbq('consent', consent);\n\t\tfbq('init', '989222871864976');\n\t\tfbq('track', 'PageView');\n\t<\/script><script type=\"module\">\n\t\tvar consent=\"grant\";\n\t\t\/* The above code is parsing the JSON data from the local storage and storing it in a variable. *\/\n\t\t\tconst onetrustStorageConsent = JSON.parse(localStorage.getItem( 'consent_one_trust_bdc' ) );\n\t\t\t\/* Checking to see if the user has consented to the use of cookies.\n\t\t\t* If they have not, it is deleting the cookie.\n\t\t\t* This will comment for now, until further notice.\n\t\t\t*\/\n\t\t\t\/\/if ( onetrustStorageConsent.C0002 === false ) {\n\t\t\t\/\/\tdocument.cookie=\"_fbp=;expires=Thu, 01 Jan 2010 00:00:00 UTC; path=\/; domain=.boston.com\";\n\t\t\t\/\/}\n\t\t\t\/* Checking if the user has given consent for the cookie C0002.\n\t\t\t* If the user has given consent, the variable consent will be set to 'grant'.\n\t\t\t* If the user has not given consent,the variable consent will be set to 'revoke'.\n\t\t\t* Documentation https:\/\/developers.facebook.com\/docs\/meta-pixel\/implementation\/gdpr\n\t\t\t*\/\n\t\t\tif ( ( onetrustStorageConsent !== null ) && (onetrustStorageConsent.C0002 !== true ) ) {\n\t\t\t\tconsent=\"revoke\";\n\t\t\t}\n\t\t\t\t!function(f,b,e,v,n,t,s){if(f.fbq)return;n=f.fbq=function()\n\t\t{n.callMethod? n.callMethod.apply(n,arguments):n.queue.push(arguments)}\n\t\t;if(!f._fbq)f._fbq=n;\n\t\tn.push=n;n.loaded=!0;n.version='2.0';n.queue=[];t=b.createElement(e);t.async=!0;\n\t\tt.src=v;s=b.getElementsByTagName(e)[0];s.parentNode.insertBefore(t,s)}(window,\n\t\tdocument,'script','https:\/\/connect.facebook.net\/en_US\/fbevents.js');\n\t\tfbq('consent', consent);\n\t\tfbq('init', '813236348753005');\n\t\tfbq('track', \"PageView\");\n\t<\/script><br \/>\n<br \/><br \/>\n<br \/><a href=\"https:\/\/www.boston.com\/sports\/boston-red-sox\/2025\/01\/06\/nolan-arenado-boston-red-sox-trade-rumors-st-louis-cardinals\/\">Source link <\/a><\/p>","protected":false},"excerpt":{"rendered":"<p>Red Sox \u201cSe os Red Sox e os Cardinals igualassem o valor, n\u00e3o haveria hesita\u00e7\u00e3o por parte de Arenado em aceitar o acordo.\u201d Nolan Arenado est\u00e1 supostamente vendo o Red&hellip;<\/p>","protected":false},"author":1,"featured_media":88122,"comment_status":"closed","ping_status":"open","sticky":false,"template":"","format":"standard","meta":{"content-type":"","footnotes":""},"categories":[1],"tags":[],"class_list":["post-88121","post","type-post","status-publish","format-standard","has-post-thumbnail","hentry","category-uncategorized"],"_links":{"self":[{"href":"https:\/\/tvbrazilusa.com\/pt\/wp-json\/wp\/v2\/posts\/88121","targetHints":{"allow":["GET"]}}],"collection":[{"href":"https:\/\/tvbrazilusa.com\/pt\/wp-json\/wp\/v2\/posts"}],"about":[{"href":"https:\/\/tvbrazilusa.com\/pt\/wp-json\/wp\/v2\/types\/post"}],"author":[{"embeddable":true,"href":"https:\/\/tvbrazilusa.com\/pt\/wp-json\/wp\/v2\/users\/1"}],"replies":[{"embeddable":true,"href":"https:\/\/tvbrazilusa.com\/pt\/wp-json\/wp\/v2\/comments?post=88121"}],"version-history":[{"count":1,"href":"https:\/\/tvbrazilusa.com\/pt\/wp-json\/wp\/v2\/posts\/88121\/revisions"}],"predecessor-version":[{"id":88123,"href":"https:\/\/tvbrazilusa.com\/pt\/wp-json\/wp\/v2\/posts\/88121\/revisions\/88123"}],"wp:featuredmedia":[{"embeddable":true,"href":"https:\/\/tvbrazilusa.com\/pt\/wp-json\/wp\/v2\/media\/88122"}],"wp:attachment":[{"href":"https:\/\/tvbrazilusa.com\/pt\/wp-json\/wp\/v2\/media?parent=88121"}],"wp:term":[{"taxonomy":"category","embeddable":true,"href":"https:\/\/tvbrazilusa.com\/pt\/wp-json\/wp\/v2\/categories?post=88121"},{"taxonomy":"post_tag","embeddable":true,"href":"https:\/\/tvbrazilusa.com\/pt\/wp-json\/wp\/v2\/tags?post=88121"}],"curies":[{"name":"wp","href":"https:\/\/api.w.org\/{rel}","templated":true}]}}