{"id":88124,"date":"2025-01-06T12:57:00","date_gmt":"2025-01-06T12:57:00","guid":{"rendered":"https:\/\/tvbrazilusa.com\/2025\/01\/06\/veja-o-que-diz-boletim-medico-sobre-a-jovem-baleada-por-agentes-da-prf\/"},"modified":"2025-01-06T12:57:01","modified_gmt":"2025-01-06T12:57:01","slug":"veja-o-que-diz-boletim-medico-sobre-a-jovem-baleada-por-agentes-da-prf","status":"publish","type":"post","link":"https:\/\/tvbrazilusa.com\/pt\/2025\/01\/06\/veja-o-que-diz-boletim-medico-sobre-a-jovem-baleada-por-agentes-da-prf\/","title":{"rendered":"Veja o que diz boletim m\u00e9dico sobre a jovem baleada por agentes da PRF"},"content":{"rendered":"<p> <script async src=\"https:\/\/pagead2.googlesyndication.com\/pagead\/js\/adsbygoogle.js?client=ca-pub-8864793242727901\"\r\n     crossorigin=\"anonymous\"><\/script><br \/>\n<\/p>\n<div id=\"taboola-read-more\" style=\"display:block; width:100%\">\n<p>O boletim m\u00e9dico mais recente sobre o estado de sa\u00fade de Juliana Leite Rangel, de 26 anos, indica que ela n\u00e3o apresenta sinais de sequelas permanentes irrevers\u00edveis. O documento, divulgado no domingo (05), informa que a jovem est\u00e1 respirando sem a necessidade de ventila\u00e7\u00e3o mec\u00e2nica e demonstra boa intera\u00e7\u00e3o com o ambiente e as pessoas.\n<\/p>\n<p>Juliana Leite Rangel foi baleada na cabe\u00e7a por agentes da Pol\u00edcia Rodovi\u00e1ria Federal (PRF) enquanto seguia para a casa de parentes para comemorar o Natal.<\/p>\n<p>De acordo com o boletim, a jovem tem apresentado melhora progressiva, sem altera\u00e7\u00f5es cl\u00ednicas nas \u00faltimas 24 horas. Neurologicamente, Juliana est\u00e1 l\u00facida, recuperando fun\u00e7\u00f5es cognitivas e motoras. Apesar disso, permanece em terapia intensiva, sem previs\u00e3o de alta do Centro de Terapia Intensiva (CTI).\n<\/p>\n<p>Tamb\u00e9m no domingo, Deyse Rangel, m\u00e3e de Juliana, destacou que a filha tem conseguido se comunicar com os olhos e, inclusive, pediu para tomar refrigerante. Segundo Deyse, os m\u00e9dicos est\u00e3o surpresos com a recupera\u00e7\u00e3o da jovem, que j\u00e1 responde a perguntas piscando os olhos e faz gestos com a boca, permitindo certa intera\u00e7\u00e3o.\n<\/p>\n<p>Juliana estava em um carro com a fam\u00edlia a caminho de Niter\u00f3i, na Regi\u00e3o Metropolitana do Rio, quando o ve\u00edculo foi alvejado pelos agentes da PRF. Al\u00e9m dela, estavam no autom\u00f3vel o pai, Alexandre da Silva Rangel, de 53 anos, que foi baleado na m\u00e3o esquerda, a m\u00e3e Deyse Rangel, de 49, o irm\u00e3o mais novo, de 17 anos, a namorada dele e um cachorro. Segundo relatos da fam\u00edlia, cerca de 30 tiros foram disparados contra o carro.\n<\/p>\n<p>Deyse Rangel relatou que o socorro \u00e0 filha s\u00f3 foi iniciado ap\u00f3s a interven\u00e7\u00e3o de um policial militar, que constatou que Juliana ainda estava viva. De acordo com ela, os agentes da PRF demonstraram confus\u00e3o e n\u00e3o prestaram assist\u00eancia imediata. Ap\u00f3s a interven\u00e7\u00e3o do PM, a jovem foi levada pelos pr\u00f3prios policiais rodovi\u00e1rios ao hospital.\n<\/p>\n<p>Na manh\u00e3 desta quarta-feira, os policiais rodovi\u00e1rios envolvidos na abordagem prestaram depoimento na divis\u00e3o da Pol\u00edcia Federal de Nova Igua\u00e7u para esclarecer os fatos. Em nota oficial, a PRF informou que sua Corregedoria-Geral, em Bras\u00edlia, determinou a abertura de um procedimento interno para apurar os acontecimentos e afastou preventivamente os agentes de atividades operacionais.\n<\/p>\n<p>A corpora\u00e7\u00e3o lamentou o epis\u00f3dio e afirmou que sua Coordena\u00e7\u00e3o-Geral de Direitos Humanos est\u00e1 acompanhando a situa\u00e7\u00e3o e prestando assist\u00eancia \u00e0 fam\u00edlia. A PRF tamb\u00e9m declarou estar colaborando com a Pol\u00edcia Federal para fornecer informa\u00e7\u00f5es que contribuam com as investiga\u00e7\u00f5es do caso.<\/p>\n<p>Fonte: Gazeta Brasil              <\/p>\n<\/div>\n<p><br \/>\n<br \/><a href=\"https:\/\/diariodobrasilnoticias.com.br\/noticia\/veja-o-que-diz-boletim-medico-sobre-a-jovem-baleada-por-agentes-da-prf-677bbb865cc9d\">Source link <\/a><\/p>","protected":false},"excerpt":{"rendered":"<p>O boletim m\u00e9dico mais recente sobre o estado de sa\u00fade de Juliana Leite Rangel, de 26 anos, indica que ela n\u00e3o apresenta sinais de sequelas permanentes irrevers\u00edveis. O documento, divulgado&hellip;<\/p>","protected":false},"author":1,"featured_media":88125,"comment_status":"closed","ping_status":"open","sticky":false,"template":"","format":"standard","meta":{"content-type":"","footnotes":""},"categories":[16],"tags":[123,2448,5313,1267],"class_list":["post-88124","post","type-post","status-publish","format-standard","has-post-thumbnail","hentry","category-noticias","tag-brasil","tag-diario","tag-noticia","tag-noticias"],"_links":{"self":[{"href":"https:\/\/tvbrazilusa.com\/pt\/wp-json\/wp\/v2\/posts\/88124","targetHints":{"allow":["GET"]}}],"collection":[{"href":"https:\/\/tvbrazilusa.com\/pt\/wp-json\/wp\/v2\/posts"}],"about":[{"href":"https:\/\/tvbrazilusa.com\/pt\/wp-json\/wp\/v2\/types\/post"}],"author":[{"embeddable":true,"href":"https:\/\/tvbrazilusa.com\/pt\/wp-json\/wp\/v2\/users\/1"}],"replies":[{"embeddable":true,"href":"https:\/\/tvbrazilusa.com\/pt\/wp-json\/wp\/v2\/comments?post=88124"}],"version-history":[{"count":1,"href":"https:\/\/tvbrazilusa.com\/pt\/wp-json\/wp\/v2\/posts\/88124\/revisions"}],"predecessor-version":[{"id":88126,"href":"https:\/\/tvbrazilusa.com\/pt\/wp-json\/wp\/v2\/posts\/88124\/revisions\/88126"}],"wp:featuredmedia":[{"embeddable":true,"href":"https:\/\/tvbrazilusa.com\/pt\/wp-json\/wp\/v2\/media\/88125"}],"wp:attachment":[{"href":"https:\/\/tvbrazilusa.com\/pt\/wp-json\/wp\/v2\/media?parent=88124"}],"wp:term":[{"taxonomy":"category","embeddable":true,"href":"https:\/\/tvbrazilusa.com\/pt\/wp-json\/wp\/v2\/categories?post=88124"},{"taxonomy":"post_tag","embeddable":true,"href":"https:\/\/tvbrazilusa.com\/pt\/wp-json\/wp\/v2\/tags?post=88124"}],"curies":[{"name":"wp","href":"https:\/\/api.w.org\/{rel}","templated":true}]}}