{"id":88127,"date":"2025-01-06T12:39:04","date_gmt":"2025-01-06T12:39:04","guid":{"rendered":"https:\/\/tvbrazilusa.com\/2025\/01\/06\/globo-de-ouro-2025-de-emilia-perez-a-shogun-confira-a-lista-completa-dos-vencedores\/"},"modified":"2025-01-06T13:02:26","modified_gmt":"2025-01-06T13:02:26","slug":"globo-de-ouro-2025-de-emilia-perez-a-shogun-confira-a-lista-completa-dos-vencedores","status":"publish","type":"post","link":"https:\/\/tvbrazilusa.com\/pt\/2025\/01\/06\/globo-de-ouro-2025-de-emilia-perez-a-shogun-confira-a-lista-completa-dos-vencedores\/","title":{"rendered":"Globo de Ouro 2025: De \u2018Emilia P\u00e9rez\u2019 a \u2018Sh\u014dgun\u2019, confira a lista completa dos vencedores"},"content":{"rendered":"<p> <script async src=\"https:\/\/pagead2.googlesyndication.com\/pagead\/js\/adsbygoogle.js?client=ca-pub-8864793242727901\"\r\n     crossorigin=\"anonymous\"><\/script><br \/>\n<\/p>\n<div id=\"\">\n<header class=\"m-article-header m-article-header--standard\">\n\t\t\t\t\t\t\t\t\t\t\t\t<span id=\"article-header-primary-term\"><br \/>\n\t\t\t\t\t\t\t\t<a class=\"a-term a-term--primary\" href=\"https:\/\/www.boston.com\/tag\/entertainment\/\"><\/p>\n<p>\t\t\t\t\t\t\t\tEntretenimento\t\t\t\t\t\t\t\t<\/a><br \/>\n\t\t\t\t\t\t\t<\/span><\/p>\n<h2 class=\"m-article-header__sub-headline\">\u201cThe Brutalist\u2033 ganhou o pr\u00eamio de melhor filme de drama, e Adrien Brody levou para casa o de melhor ator por seu papel no filme.<\/h2>\n<figure class=\"a-photo m-article-header__photo\"><figcaption class=\"a-photo__caption\">\n<p>\tZoe Saldana posa na sala de imprensa com o pr\u00eamio de melhor atua\u00e7\u00e3o de uma atriz coadjuvante em qualquer filme por &#8220;Emilia Perez&#8221; durante o 82\u00ba Globo de Ouro no domingo, 5 de janeiro de 2025, no Beverly Hilton em Beverly Hills, Calif\u00f3rnia. <em> AP Foto\/Chris Pizzello<\/em>\t<\/figcaption><\/figure>\n<div class=\"m-article-header__meta\">\n<div class=\"m-article-header__byline\">\n<p class=\"m-article-header__author\">\n<p>\t\t\t\t\t\t\t\tPor Associated Press\t\t\t\t\t\t\t<\/p>\n<p>\t\t\t\t\t\t\t\t\t\t\t\t\t\t\t<time class=\"m-article-header__date\"><\/p>\n<p>\t\t\t\t\t\t\t\t\t6 de janeiro de 2025 | 7h39\t\t\t\t\t\t\t\t<\/time><\/p>\n<p><span>3 minutos para ler<\/span><\/p>\n<\/p><\/div>\n<\/p><\/div>\n<\/header>\n<p>BEVERLY HILLS, Calif\u00f3rnia (AP) \u2013 \u201cEmilia P\u00e9rez\u201d ganhou o pr\u00eamio de melhor filme musical ou de com\u00e9dia no 82\u00ba Globo de Ouro.<\/p>\n<p>\u201cThe Brutalist\u2033 ganhou o pr\u00eamio de melhor filme de drama, e Adrien Brody levou para casa o de melhor ator por seu papel no filme.<\/p>\n<figure class=\"wp-block-image size-full\"><img loading=\"lazy\" decoding=\"async\" width=\"2560\" height=\"1707\" src=\"https:\/\/bdc2020.o0bc.com\/wp-content\/uploads\/2025\/01\/AP25006175258492-677bcc8c94db8-scaled.jpg\" alt=\"Elliot Brody, Sylvia Plachy e Adrien Brody.\" class=\"wp-image-32590840\" srcset=\"https:\/\/bdc2020.o0bc.com\/wp-content\/uploads\/2025\/01\/AP25006175258492-677bcc8c94db8-scaled.jpg?width=200 200w, https:\/\/bdc2020.o0bc.com\/wp-content\/uploads\/2025\/01\/AP25006175258492-677bcc8c94db8-scaled.jpg?width=300 300w, https:\/\/bdc2020.o0bc.com\/wp-content\/uploads\/2025\/01\/AP25006175258492-677bcc8c94db8-scaled.jpg?width=400 400w, https:\/\/bdc2020.o0bc.com\/wp-content\/uploads\/2025\/01\/AP25006175258492-677bcc8c94db8-scaled.jpg?width=500 500w, https:\/\/bdc2020.o0bc.com\/wp-content\/uploads\/2025\/01\/AP25006175258492-677bcc8c94db8-scaled.jpg?width=600 600w, https:\/\/bdc2020.o0bc.com\/wp-content\/uploads\/2025\/01\/AP25006175258492-677bcc8c94db8-scaled.jpg?width=700 700w, https:\/\/bdc2020.o0bc.com\/wp-content\/uploads\/2025\/01\/AP25006175258492-677bcc8c94db8-scaled.jpg?width=800 800w, https:\/\/bdc2020.o0bc.com\/wp-content\/uploads\/2025\/01\/AP25006175258492-677bcc8c94db8-scaled.jpg?width=900 900w\" sizes=\"auto, (max-width: 2560px) 100vw, 2560px\"\/><figcaption class=\"wp-element-caption\">Elliot Brody, a partir da esquerda, Sylvia Plachy e Adrien Brody, vencedor do pr\u00eamio de melhor atua\u00e7\u00e3o de um ator masculino em um drama cinematogr\u00e1fico por \u201cThe Brutalist\u201d, posam na sala de imprensa durante a 82\u00aa edi\u00e7\u00e3o do Globo de Ouro no domingo, 1\u00ba de janeiro. 5 de janeiro de 2025, no Beverly Hilton em Beverly Hills, Calif\u00f3rnia. <i> \u2013 Foto AP\/Chris Pizzello<\/i><\/figcaption><\/figure>\n<p>\u201cSh\u014dgun\u201d ganhou o pr\u00eamio de melhor drama televisivo e \u201cHacks\u201d ganhou o pr\u00eamio de com\u00e9dia televisiva ou musical. \u201cEmilia P\u00e9rez\u201d entrou na noite como a principal indicada, com 10 acenos.<\/p>\n<figure class=\"wp-block-image size-full\"><img loading=\"lazy\" decoding=\"async\" width=\"2560\" height=\"1707\" src=\"https:\/\/bdc2020.o0bc.com\/wp-content\/uploads\/2025\/01\/AP25006164552052-677bcce425fe9-scaled.jpg\" alt=\"Tadanobu Asano. \" class=\"wp-image-32590861\" srcset=\"https:\/\/bdc2020.o0bc.com\/wp-content\/uploads\/2025\/01\/AP25006164552052-677bcce425fe9-scaled.jpg?width=200 200w, https:\/\/bdc2020.o0bc.com\/wp-content\/uploads\/2025\/01\/AP25006164552052-677bcce425fe9-scaled.jpg?width=300 300w, https:\/\/bdc2020.o0bc.com\/wp-content\/uploads\/2025\/01\/AP25006164552052-677bcce425fe9-scaled.jpg?width=400 400w, https:\/\/bdc2020.o0bc.com\/wp-content\/uploads\/2025\/01\/AP25006164552052-677bcce425fe9-scaled.jpg?width=500 500w, https:\/\/bdc2020.o0bc.com\/wp-content\/uploads\/2025\/01\/AP25006164552052-677bcce425fe9-scaled.jpg?width=600 600w, https:\/\/bdc2020.o0bc.com\/wp-content\/uploads\/2025\/01\/AP25006164552052-677bcce425fe9-scaled.jpg?width=700 700w, https:\/\/bdc2020.o0bc.com\/wp-content\/uploads\/2025\/01\/AP25006164552052-677bcce425fe9-scaled.jpg?width=800 800w, https:\/\/bdc2020.o0bc.com\/wp-content\/uploads\/2025\/01\/AP25006164552052-677bcce425fe9-scaled.jpg?width=900 900w\" sizes=\"auto, (max-width: 2560px) 100vw, 2560px\"\/><figcaption class=\"wp-element-caption\">Tadanobu Asano posa na sala de imprensa com o pr\u00eamio de melhor atua\u00e7\u00e3o de um ator coadjuvante na televis\u00e3o por \u201cShogun\u201d durante o 82\u00ba Globo de Ouro no domingo, 5 de janeiro de 2025, no Beverly Hilton em Beverly Hills, Calif\u00f3rnia . <i> \u2013 Foto AP\/Chris Pizzello<\/i><\/figcaption><\/figure>\n<figure class=\"wp-block-image size-full\"><img loading=\"lazy\" decoding=\"async\" width=\"2560\" height=\"1712\" src=\"https:\/\/bdc2020.o0bc.com\/wp-content\/uploads\/2025\/01\/AP25006169520686-677bccf8e19ba-scaled.jpg\" alt=\"Ana Sawai.\" class=\"wp-image-32590864\" srcset=\"https:\/\/bdc2020.o0bc.com\/wp-content\/uploads\/2025\/01\/AP25006169520686-677bccf8e19ba-scaled.jpg?width=200 200w, https:\/\/bdc2020.o0bc.com\/wp-content\/uploads\/2025\/01\/AP25006169520686-677bccf8e19ba-scaled.jpg?width=300 300w, https:\/\/bdc2020.o0bc.com\/wp-content\/uploads\/2025\/01\/AP25006169520686-677bccf8e19ba-scaled.jpg?width=400 400w, https:\/\/bdc2020.o0bc.com\/wp-content\/uploads\/2025\/01\/AP25006169520686-677bccf8e19ba-scaled.jpg?width=500 500w, https:\/\/bdc2020.o0bc.com\/wp-content\/uploads\/2025\/01\/AP25006169520686-677bccf8e19ba-scaled.jpg?width=600 600w, https:\/\/bdc2020.o0bc.com\/wp-content\/uploads\/2025\/01\/AP25006169520686-677bccf8e19ba-scaled.jpg?width=700 700w, https:\/\/bdc2020.o0bc.com\/wp-content\/uploads\/2025\/01\/AP25006169520686-677bccf8e19ba-scaled.jpg?width=800 800w, https:\/\/bdc2020.o0bc.com\/wp-content\/uploads\/2025\/01\/AP25006169520686-677bccf8e19ba-scaled.jpg?width=900 900w\" sizes=\"auto, (max-width: 2560px) 100vw, 2560px\"\/><figcaption class=\"wp-element-caption\">Anna Sawai posa na sala de imprensa com o pr\u00eamio de melhor atua\u00e7\u00e3o de uma atriz em s\u00e9rie de televis\u00e3o \u2013 drama para \u201cShogun\u201d durante o 82\u00ba Globo de Ouro no domingo, 5 de janeiro de 2025, no Beverly Hilton em Beverly Hills, Calif\u00f3rnia . <i> \u2013 Foto AP\/Chris Pizzello<\/i><\/figcaption><\/figure>\n<p>Demi Moore, Sebastian Stan, Zoe Salda\u00f1a, Kieran Culkin e Jean Smart estavam entre os vencedores atuantes.<\/p>\n<figure class=\"wp-block-image size-full\"><img loading=\"lazy\" decoding=\"async\" width=\"2560\" height=\"1707\" src=\"https:\/\/bdc2020.o0bc.com\/wp-content\/uploads\/2025\/01\/AP25006162667810-677bccce03590-scaled.jpg\" alt=\"Demi Moore. \" class=\"wp-image-32590860\" srcset=\"https:\/\/bdc2020.o0bc.com\/wp-content\/uploads\/2025\/01\/AP25006162667810-677bccce03590-scaled.jpg?width=200 200w, https:\/\/bdc2020.o0bc.com\/wp-content\/uploads\/2025\/01\/AP25006162667810-677bccce03590-scaled.jpg?width=300 300w, https:\/\/bdc2020.o0bc.com\/wp-content\/uploads\/2025\/01\/AP25006162667810-677bccce03590-scaled.jpg?width=400 400w, https:\/\/bdc2020.o0bc.com\/wp-content\/uploads\/2025\/01\/AP25006162667810-677bccce03590-scaled.jpg?width=500 500w, https:\/\/bdc2020.o0bc.com\/wp-content\/uploads\/2025\/01\/AP25006162667810-677bccce03590-scaled.jpg?width=600 600w, https:\/\/bdc2020.o0bc.com\/wp-content\/uploads\/2025\/01\/AP25006162667810-677bccce03590-scaled.jpg?width=700 700w, https:\/\/bdc2020.o0bc.com\/wp-content\/uploads\/2025\/01\/AP25006162667810-677bccce03590-scaled.jpg?width=800 800w, https:\/\/bdc2020.o0bc.com\/wp-content\/uploads\/2025\/01\/AP25006162667810-677bccce03590-scaled.jpg?width=900 900w\" sizes=\"auto, (max-width: 2560px) 100vw, 2560px\"\/><figcaption class=\"wp-element-caption\">Demi Moore posa na sala de imprensa com o pr\u00eamio de melhor atua\u00e7\u00e3o de uma atriz em filme &#8211; musical ou com\u00e9dia por \u201cThe Substance\u201d durante o 82\u00ba Globo de Ouro no domingo, 5 de janeiro de 2025, no Beverly Hilton em Beverly Hills, Calif\u00f3rnia. <i> \u2013 Foto AP\/Chris Pizzello<\/i><\/figcaption><\/figure>\n<figure class=\"wp-block-image size-full\"><img loading=\"lazy\" decoding=\"async\" width=\"2560\" height=\"1707\" src=\"https:\/\/bdc2020.o0bc.com\/wp-content\/uploads\/2025\/01\/AP25006106582645-677bccbb2a70b-scaled.jpg\" alt=\"\" class=\"wp-image-32590858\" srcset=\"https:\/\/bdc2020.o0bc.com\/wp-content\/uploads\/2025\/01\/AP25006106582645-677bccbb2a70b-scaled.jpg?width=200 200w, https:\/\/bdc2020.o0bc.com\/wp-content\/uploads\/2025\/01\/AP25006106582645-677bccbb2a70b-scaled.jpg?width=300 300w, https:\/\/bdc2020.o0bc.com\/wp-content\/uploads\/2025\/01\/AP25006106582645-677bccbb2a70b-scaled.jpg?width=400 400w, https:\/\/bdc2020.o0bc.com\/wp-content\/uploads\/2025\/01\/AP25006106582645-677bccbb2a70b-scaled.jpg?width=500 500w, https:\/\/bdc2020.o0bc.com\/wp-content\/uploads\/2025\/01\/AP25006106582645-677bccbb2a70b-scaled.jpg?width=600 600w, https:\/\/bdc2020.o0bc.com\/wp-content\/uploads\/2025\/01\/AP25006106582645-677bccbb2a70b-scaled.jpg?width=700 700w, https:\/\/bdc2020.o0bc.com\/wp-content\/uploads\/2025\/01\/AP25006106582645-677bccbb2a70b-scaled.jpg?width=800 800w, https:\/\/bdc2020.o0bc.com\/wp-content\/uploads\/2025\/01\/AP25006106582645-677bccbb2a70b-scaled.jpg?width=900 900w\" sizes=\"auto, (max-width: 2560px) 100vw, 2560px\"\/><figcaption class=\"wp-element-caption\">Kieran Culkin, \u00e0 esquerda, vencedor do pr\u00eamio de melhor atua\u00e7\u00e3o de ator coadjuvante em qualquer filme por \u201cA Real Pain\u201d posa com Jazz Charton durante o 82\u00ba Globo de Ouro no domingo, 5 de janeiro de 2025, no Beverly Hilton em Beverly Hills, Calif\u00f3rnia. <i> \u2013 Foto AP\/Chris Pizzello<\/i><\/figcaption><\/figure>\n<p>A comediante Nikki Glaser apresentou a cerim\u00f4nia de domingo no Beverly Hilton em Beverly Hills, Calif\u00f3rnia.<\/p>\n<p>Em um jantar de gala na sexta-feira, Viola Davis recebeu o pr\u00eamio Cecil B. DeMille e Ted Danson recebeu o pr\u00eamio Carol Burnett. The Globes foi ao ar na CBS e transmitido ao vivo para assinantes da Paramount + com Showtime.<\/p>\n<figure class=\"wp-block-image size-full\"><img loading=\"lazy\" decoding=\"async\" width=\"2560\" height=\"1707\" src=\"https:\/\/bdc2020.o0bc.com\/wp-content\/uploads\/2025\/01\/AP25006182875413-677bcc805a62d-scaled.jpg\" alt=\"Jeff Goldblum, Michelle Yeoh, Ariana Grande, Cynthia Erivo, Marc Platt e Jon M. Chu.\" class=\"wp-image-32590839\" srcset=\"https:\/\/bdc2020.o0bc.com\/wp-content\/uploads\/2025\/01\/AP25006182875413-677bcc805a62d-scaled.jpg?width=200 200w, https:\/\/bdc2020.o0bc.com\/wp-content\/uploads\/2025\/01\/AP25006182875413-677bcc805a62d-scaled.jpg?width=300 300w, https:\/\/bdc2020.o0bc.com\/wp-content\/uploads\/2025\/01\/AP25006182875413-677bcc805a62d-scaled.jpg?width=400 400w, https:\/\/bdc2020.o0bc.com\/wp-content\/uploads\/2025\/01\/AP25006182875413-677bcc805a62d-scaled.jpg?width=500 500w, https:\/\/bdc2020.o0bc.com\/wp-content\/uploads\/2025\/01\/AP25006182875413-677bcc805a62d-scaled.jpg?width=600 600w, https:\/\/bdc2020.o0bc.com\/wp-content\/uploads\/2025\/01\/AP25006182875413-677bcc805a62d-scaled.jpg?width=700 700w, https:\/\/bdc2020.o0bc.com\/wp-content\/uploads\/2025\/01\/AP25006182875413-677bcc805a62d-scaled.jpg?width=800 800w, https:\/\/bdc2020.o0bc.com\/wp-content\/uploads\/2025\/01\/AP25006182875413-677bcc805a62d-scaled.jpg?width=900 900w\" sizes=\"auto, (max-width: 2560px) 100vw, 2560px\"\/><figcaption class=\"wp-element-caption\">Jeff Goldblum, a partir da esquerda, Michelle Yeoh, Ariana Grande, Cynthia Erivo, Marc Platt e Jon M. Chu posam com o pr\u00eamio de conquista cinematogr\u00e1fica e de bilheteria por \u201cWicked\u201d na sala de imprensa durante o 82\u00ba Globo de Ouro no domingo, janeiro 5 de outubro de 2025, no Beverly Hilton em Beverly Hills, Calif\u00f3rnia. <i> \u2013 Foto AP\/Chris Pizzello<\/i><\/figcaption><\/figure>\n<p>Confira a lista dos vencedores do Globo de Ouro de domingo:<\/p>\n<h3 class=\"wp-block-heading\" id=\"h-movies\">Filmes<\/h3>\n<h4 class=\"wp-block-heading\" id=\"h-best-motion-picture-drama\">Melhor filme, drama<\/h4>\n<p>\u201cO Brutalista\u201d<\/p>\n<h4 class=\"wp-block-heading\" id=\"h-best-motion-picture-musical-or-comedy\">Melhor filme, musical ou com\u00e9dia<\/h4>\n<p>\u201cEm\u00edlia P\u00e9rez\u201d<\/p>\n<h4 class=\"wp-block-heading\" id=\"h-best-performance-by-a-female-actor-in-a-motion-picture-drama\">Melhor atua\u00e7\u00e3o de uma atriz em filme, drama<\/h4>\n<p>Fernanda Torres, \u201cAinda estou aqui\u201d<\/p>\n<h4 class=\"wp-block-heading\" id=\"h-best-performance-by-a-male-actor-in-a-motion-picture-drama\">Melhor atua\u00e7\u00e3o de um ator masculino em filme, drama<\/h4>\n<p>Adrien Brody, \u201cO Brutalista\u201d<\/p>\n<h4 class=\"wp-block-heading\" id=\"h-best-performance-by-a-female-actor-in-a-motion-picture-musical-or-comedy\">Melhor atua\u00e7\u00e3o de uma atriz em filme, musical ou com\u00e9dia<\/h4>\n<p>Demi Moore, \u201cA Subst\u00e2ncia\u201d<\/p>\n<h4 class=\"wp-block-heading\" id=\"h-best-performance-by-a-male-actor-in-a-motion-picture-musical-or-comedy\">Melhor atua\u00e7\u00e3o de um ator masculino em filme, musical ou com\u00e9dia<\/h4>\n<p>Sebastian Stan, \u201cUm Homem Diferente\u201d<\/p>\n<h4 class=\"wp-block-heading\" id=\"h-best-performance-by-a-female-actor-in-a-supporting-role\">Melhor atua\u00e7\u00e3o de uma atriz coadjuvante<\/h4>\n<p>Zoe Salda\u00f1a, \u201cEmilia P\u00e9rez\u201d<\/p>\n<h4 class=\"wp-block-heading\" id=\"h-best-performance-by-a-male-actor-in-a-supporting-role\">Melhor atua\u00e7\u00e3o de um ator masculino em um papel coadjuvante<\/h4>\n<p>Kieran Culkin, \u201cUma verdadeira dor\u201d<\/p>\n<h4 class=\"wp-block-heading\" id=\"h-cinematic-and-box-office-achievement\">Conquista cinematogr\u00e1fica e de bilheteria<\/h4>\n<p>&#8220;Malvado&#8221;<\/p>\n<h4 class=\"wp-block-heading\" id=\"h-best-motion-picture-non-english\">Melhor filme, n\u00e3o ingl\u00eas<\/h4>\n<p>\u201cEm\u00edlia P\u00e9rez\u201d<\/p>\n<h4 class=\"wp-block-heading\" id=\"h-best-motion-picture-animated\">Melhor filme animado<\/h4>\n<p>&#8220;Fluxo&#8221;<\/p>\n<h4 class=\"wp-block-heading\" id=\"h-best-director\">Melhor diretor<\/h4>\n<p>Brady Corbet, \u201cO Brutalista\u201d<\/p>\n<h4 class=\"wp-block-heading\" id=\"h-best-screenplay\">Melhor roteiro<\/h4>\n<p>Peter Straughan, \u201cConclave\u201d<\/p>\n<h4 class=\"wp-block-heading\" id=\"h-best-original-score\">Melhor trilha sonora original<\/h4>\n<p>Trent Reznor e Atticus Ross, \u201cDesafiadores\u201d<\/p>\n<h4 class=\"wp-block-heading\" id=\"h-best-original-song\">Melhor m\u00fasica original<\/h4>\n<p>\u201cEl Mal\u201d de \u201cEmilia P\u00e9rez\u201d m\u00fasica\/letra de Cl\u00e9ment Ducol, Camille, Jacques Audiard<\/p>\n<h3 class=\"wp-block-heading\" id=\"h-television\">Televis\u00e3o<\/h3>\n<h4 class=\"wp-block-heading\" id=\"h-best-television-series-drama\">Melhor s\u00e9rie de televis\u00e3o, drama<\/h4>\n<p>\u201cShogun\u201d<\/p>\n<h4 class=\"wp-block-heading\" id=\"h-best-television-series-comedy-or-musical\">Melhor s\u00e9rie de televis\u00e3o, com\u00e9dia ou musical<\/h4>\n<p>\u201cHacks\u201d<\/p>\n<h4 class=\"wp-block-heading\" id=\"h-best-performance-by-a-female-actor-drama\">Melhor atua\u00e7\u00e3o de uma atriz, drama<\/h4>\n<p>Anna Sawai, \u201cSh\u014dgun\u201d<\/p>\n<h4 class=\"wp-block-heading\" id=\"h-best-performance-by-a-male-actor-drama\">Melhor atua\u00e7\u00e3o de um ator masculino, drama<\/h4>\n<p>Hiroyuki Sanada, \u201cSh\u014dgun\u201d<\/p>\n<h4 class=\"wp-block-heading\" id=\"h-best-performance-by-a-female-actor-tv-series-musical-or-comedy\">Melhor atua\u00e7\u00e3o de uma atriz em s\u00e9rie de TV, musical ou com\u00e9dia<\/h4>\n<p>Jean Smart, \u201cHacks\u201d<\/p>\n<h4 class=\"wp-block-heading\" id=\"h-best-performance-by-a-male-actor-tv-series-musical-or-comedy\">Melhor atua\u00e7\u00e3o de ator masculino, s\u00e9rie de TV, musical ou com\u00e9dia<\/h4>\n<p>Jeremy Allen White, \u201cO Urso\u201d<\/p>\n<h4 class=\"wp-block-heading\" id=\"h-best-limited-series-anthology-series-or-movie-made-for-television\">Melhor s\u00e9rie limitada, s\u00e9rie antol\u00f3gica ou filme feito para televis\u00e3o<\/h4>\n<p>\u201cBeb\u00ea Rena\u201d<\/p>\n<h4 class=\"wp-block-heading\" id=\"h-best-performance-by-a-male-actor-in-a-limited-series-anthology-series-or-movie-made-for-television\">Melhor atua\u00e7\u00e3o de um ator masculino em uma s\u00e9rie limitada, s\u00e9rie antol\u00f3gica ou filme feito para televis\u00e3o<\/h4>\n<p>Colin Farrell, \u201cO Pinguim\u201d<\/p>\n<h4 class=\"wp-block-heading\" id=\"h-best-performance-by-a-female-actor-in-a-limited-series-anthology-series-or-movie-made-for-television\">Melhor atua\u00e7\u00e3o de uma atriz em s\u00e9rie limitada, s\u00e9rie antol\u00f3gica ou filme feito para televis\u00e3o<\/h4>\n<p>Jodie Foster, \u201cTrue Detective: Night Country\u201d<\/p>\n<h4 class=\"wp-block-heading\" id=\"h-best-performance-by-a-female-actor-in-a-supporting-role-0\">Melhor atua\u00e7\u00e3o de uma atriz coadjuvante<\/h4>\n<p>Jessica Gunning, \u201cBeb\u00ea Rena\u201d<\/p>\n<h4 class=\"wp-block-heading\" id=\"h-best-performance-by-a-male-actor-in-a-supporting-role-0\">Melhor atua\u00e7\u00e3o de um ator masculino em um papel coadjuvante<\/h4>\n<p>Tadanobu Asano, \u201cSh\u014dgun\u201d<\/p>\n<h4 class=\"wp-block-heading\" id=\"h-best-performance-in-stand-up-comedy-on-tv\">Melhor atua\u00e7\u00e3o em com\u00e9dia stand-up na TV<\/h4>\n<p>Ali Wong, \u201cAli Wong: Mulher Solteira\u201d<\/p>\n<div class=\"m-block m-generic-cta\t m-generic-cta--post-content\t m-generic-cta--dark\t m-generic-cta--homepage\t m-generic-cta--email-signup\t\t m-generic-cta-block-style--default \tt-amp__generic-cta\"><\/p>\n<div class=\"m-generic-cta__wrap\">\n<div class=\"m-generic-cta__content\">\n<h3 class=\"m-generic-cta__title\">Inscreva-se no boletim informativo The Queue \ud83c\udf7f<\/h3>\n<p class=\"m-generic-cta__subtitle\">Duas vezes por m\u00eas, descubra os melhores filmes e programas de TV transmitidos agora.<\/p>\n<\/p><\/div>\n<\/p><\/div>\n<\/div><\/div>\n<p><script>\n\t\tvar consent=\"grant\";\n\t\t\/* The above code is parsing the JSON data from the local storage and storing it in a variable. *\/\n\t\t\t\t\tconst onetrustStorageConsent = JSON.parse(localStorage.getItem( 'consent_one_trust_bdc' ) );\n\t\t\tif ( ( onetrustStorageConsent !== null ) ) {\n\t\t\t\t\/* Checking to see if the user has consented to the use of cookies.\n\t\t\t\t* If they have not, it is deleting the cookie.\n\t\t\t\t* This will comment for now, until further notice.\n\t\t\t\t*\/\n\t\t\t\t\/\/if ( onetrustStorageConsent.C0002 === false ) {\n\t\t\t\t\/\/\tdocument.cookie=\"_fbp=;expires=Thu, 01 Jan 2010 00:00:00 UTC; path=\/; domain=.boston.com\";\n\t\t\t\t\/\/}\n\t\t\t\t\/* Checking if the user has given consent for the cookie C0002.\n\t\t\t\t* If the user has given consent, the variable consent will be set to 'grant'.\n\t\t\t\t* If the user has not given consent,the variable consent will be set to 'revoke'.\n\t\t\t\t* Documentation https:\/\/developers.facebook.com\/docs\/meta-pixel\/implementation\/gdpr\n\t\t\t\t*\/\n\t\t\t\tif ( onetrustStorageConsent.C0002 !== true ) {\n\t\t\t\t\tconsent=\"revoke\";\n\t\t\t\t}\n\t\t\t}\n\t\t\t\t!function(f,b,e,v,n,t,s)\n\t\t{if(f.fbq)return;n=f.fbq=function(){n.callMethod?\n\t\tn.callMethod.apply(n,arguments):n.queue.push(arguments)};\n\t\tif(!f._fbq)f._fbq=n;n.push=n;n.loaded=!0;n.version='2.0';\n\t\tn.queue=[];t=b.createElement(e);t.async=!0;\n\t\tt.src=v;s=b.getElementsByTagName(e)[0];\n\t\ts.parentNode.insertBefore(t,s)}(window, document,'script',\n\t\t'https:\/\/connect.facebook.net\/en_US\/fbevents.js');\n\t\tfbq('consent', consent);\n\t\tfbq('init', '989222871864976');\n\t\tfbq('track', 'PageView');\n\t<\/script><script type=\"module\">\n\t\tvar consent=\"grant\";\n\t\t\/* The above code is parsing the JSON data from the local storage and storing it in a variable. *\/\n\t\t\tconst onetrustStorageConsent = JSON.parse(localStorage.getItem( 'consent_one_trust_bdc' ) );\n\t\t\t\/* Checking to see if the user has consented to the use of cookies.\n\t\t\t* If they have not, it is deleting the cookie.\n\t\t\t* This will comment for now, until further notice.\n\t\t\t*\/\n\t\t\t\/\/if ( onetrustStorageConsent.C0002 === false ) {\n\t\t\t\/\/\tdocument.cookie=\"_fbp=;expires=Thu, 01 Jan 2010 00:00:00 UTC; path=\/; domain=.boston.com\";\n\t\t\t\/\/}\n\t\t\t\/* Checking if the user has given consent for the cookie C0002.\n\t\t\t* If the user has given consent, the variable consent will be set to 'grant'.\n\t\t\t* If the user has not given consent,the variable consent will be set to 'revoke'.\n\t\t\t* Documentation https:\/\/developers.facebook.com\/docs\/meta-pixel\/implementation\/gdpr\n\t\t\t*\/\n\t\t\tif ( ( onetrustStorageConsent !== null ) && (onetrustStorageConsent.C0002 !== true ) ) {\n\t\t\t\tconsent=\"revoke\";\n\t\t\t}\n\t\t\t\t!function(f,b,e,v,n,t,s){if(f.fbq)return;n=f.fbq=function()\n\t\t{n.callMethod? n.callMethod.apply(n,arguments):n.queue.push(arguments)}\n\t\t;if(!f._fbq)f._fbq=n;\n\t\tn.push=n;n.loaded=!0;n.version='2.0';n.queue=[];t=b.createElement(e);t.async=!0;\n\t\tt.src=v;s=b.getElementsByTagName(e)[0];s.parentNode.insertBefore(t,s)}(window,\n\t\tdocument,'script','https:\/\/connect.facebook.net\/en_US\/fbevents.js');\n\t\tfbq('consent', consent);\n\t\tfbq('init', '813236348753005');\n\t\tfbq('track', \"PageView\");\n\t<\/script><br \/>\n<br \/><br \/>\n<br \/><a href=\"https:\/\/www.boston.com\/culture\/entertainment\/2025\/01\/06\/golden-globes-2025-full-list-winners\/\">Source link <\/a><\/p>","protected":false},"excerpt":{"rendered":"<p>Entretenimento \u201cThe Brutalist\u2033 ganhou o pr\u00eamio de melhor filme de drama, e Adrien Brody levou para casa o de melhor ator por seu papel no filme. Zoe Saldana posa na&hellip;<\/p>","protected":false},"author":1,"featured_media":88128,"comment_status":"closed","ping_status":"open","sticky":false,"template":"","format":"standard","meta":{"content-type":"","footnotes":""},"categories":[1],"tags":[],"class_list":["post-88127","post","type-post","status-publish","format-standard","has-post-thumbnail","hentry","category-uncategorized"],"_links":{"self":[{"href":"https:\/\/tvbrazilusa.com\/pt\/wp-json\/wp\/v2\/posts\/88127","targetHints":{"allow":["GET"]}}],"collection":[{"href":"https:\/\/tvbrazilusa.com\/pt\/wp-json\/wp\/v2\/posts"}],"about":[{"href":"https:\/\/tvbrazilusa.com\/pt\/wp-json\/wp\/v2\/types\/post"}],"author":[{"embeddable":true,"href":"https:\/\/tvbrazilusa.com\/pt\/wp-json\/wp\/v2\/users\/1"}],"replies":[{"embeddable":true,"href":"https:\/\/tvbrazilusa.com\/pt\/wp-json\/wp\/v2\/comments?post=88127"}],"version-history":[{"count":1,"href":"https:\/\/tvbrazilusa.com\/pt\/wp-json\/wp\/v2\/posts\/88127\/revisions"}],"predecessor-version":[{"id":88129,"href":"https:\/\/tvbrazilusa.com\/pt\/wp-json\/wp\/v2\/posts\/88127\/revisions\/88129"}],"wp:featuredmedia":[{"embeddable":true,"href":"https:\/\/tvbrazilusa.com\/pt\/wp-json\/wp\/v2\/media\/88128"}],"wp:attachment":[{"href":"https:\/\/tvbrazilusa.com\/pt\/wp-json\/wp\/v2\/media?parent=88127"}],"wp:term":[{"taxonomy":"category","embeddable":true,"href":"https:\/\/tvbrazilusa.com\/pt\/wp-json\/wp\/v2\/categories?post=88127"},{"taxonomy":"post_tag","embeddable":true,"href":"https:\/\/tvbrazilusa.com\/pt\/wp-json\/wp\/v2\/tags?post=88127"}],"curies":[{"name":"wp","href":"https:\/\/api.w.org\/{rel}","templated":true}]}}