{"id":88133,"date":"2025-01-06T13:04:58","date_gmt":"2025-01-06T13:04:58","guid":{"rendered":"https:\/\/tvbrazilusa.com\/2025\/01\/06\/moda-do-globo-de-ouro-ariana-grande-evita-o-rosa-glinda-pela-seda-amarelo-claro-estrada-de-tijolos\/"},"modified":"2025-01-06T13:15:04","modified_gmt":"2025-01-06T13:15:04","slug":"moda-do-globo-de-ouro-ariana-grande-evita-o-rosa-glinda-pela-seda-amarelo-claro-estrada-de-tijolos","status":"publish","type":"post","link":"https:\/\/tvbrazilusa.com\/pt\/2025\/01\/06\/moda-do-globo-de-ouro-ariana-grande-evita-o-rosa-glinda-pela-seda-amarelo-claro-estrada-de-tijolos\/","title":{"rendered":"Moda do Globo de Ouro: Ariana Grande evita o rosa Glinda pela seda amarelo claro (estrada de tijolos)"},"content":{"rendered":"<p> <script async src=\"https:\/\/pagead2.googlesyndication.com\/pagead\/js\/adsbygoogle.js?client=ca-pub-8864793242727901\"\r\n     crossorigin=\"anonymous\"><\/script><br \/>\n<\/p>\n<div id=\"\">\n<header class=\"m-article-header m-article-header--standard\">\n\t\t\t\t\t\t\t\t\t\t\t\t<span id=\"article-header-primary-term\"><br \/>\n\t\t\t\t\t\t\t\t<a class=\"a-term a-term--primary\" href=\"https:\/\/www.boston.com\/tag\/entertainment\/\"><\/p>\n<p>\t\t\t\t\t\t\t\tEntretenimento\t\t\t\t\t\t\t\t<\/a><br \/>\n\t\t\t\t\t\t\t<\/span><\/p>\n<h2 class=\"m-article-header__sub-headline\">Grande este ano no Globo de Ouro: muito brilho e brilho e um retorno ao glamour da velha escola no tapete vermelho. Al\u00e9m disso: luvas longas de \u00f3pera.<\/h2>\n<figure class=\"a-photo m-article-header__photo\"><figcaption class=\"a-photo__caption\">\n<p>\tAriana Grande chega ao 82\u00ba Globo de Ouro no domingo, 5 de janeiro de 2025, no Beverly Hilton em Beverly Hills, Calif\u00f3rnia. <em> Foto de Jordan Strauss\/Invision\/AP<\/em>\t<\/figcaption><\/figure>\n<div class=\"m-article-header__meta\">\n<div class=\"m-article-header__byline\">\n<p class=\"m-article-header__author\">\n<p>\t\t\t\t\t\t\t\tPela Associated Press, Associated Press\t\t\t\t\t\t\t<\/p>\n<p>\t\t\t\t\t\t\t\t\t\t\t\t\t\t\t<time class=\"m-article-header__date\"><\/p>\n<p>\t\t\t\t\t\t\t\t\t6 de janeiro de 2025 | 8h04\t\t\t\t\t\t\t\t<\/time><\/p>\n<p><span>6 minutos para ler<\/span><\/p>\n<\/p><\/div>\n<\/p><\/div>\n<\/header>\n<div class=\"m-block t-amp__list-container m-article-list-container m-article-list-container--frame-border a-border-frame  a-list-header__headline--red m-article-list--alternative--default  m-article-list--floated\">\n<ul class=\"t-amp__list a-list--no-style m-article-list m-article-list--recirculation m-article-list--has-images\">\n<li class=\"m-article-list__item m-article-list__item--featured\">\n\t\t\t<a class=\"m-article-list__link-wrapper\" href=\"https:\/\/www.boston.com\/culture\/entertainment\/2025\/01\/06\/golden-globes-2025-full-list-winners\/?p1=article_recirc_inline_feature\" data-p1=\"article_recirc_inline_feature\"><br \/>\n\t\t\t\t<img loading=\"lazy\" decoding=\"async\" width=\"768\" height=\"432\" src=\"https:\/\/bdc2020.o0bc.com\/wp-content\/uploads\/2025\/01\/AP25006106582645-677bccbb2a70b-768x432.jpg\" class=\"t-amp__list-image m-article-list__image m-article-list__image--full\" alt=\"\" aria-hidden=\"true\" srcset=\"https:\/\/bdc2020.o0bc.com\/wp-content\/uploads\/2025\/01\/AP25006106582645-677bccbb2a70b-768x432.jpg?width=200 200w, https:\/\/bdc2020.o0bc.com\/wp-content\/uploads\/2025\/01\/AP25006106582645-677bccbb2a70b-768x432.jpg?width=300 300w, https:\/\/bdc2020.o0bc.com\/wp-content\/uploads\/2025\/01\/AP25006106582645-677bccbb2a70b-768x432.jpg?width=400 400w, https:\/\/bdc2020.o0bc.com\/wp-content\/uploads\/2025\/01\/AP25006106582645-677bccbb2a70b-768x432.jpg?width=500 500w, https:\/\/bdc2020.o0bc.com\/wp-content\/uploads\/2025\/01\/AP25006106582645-677bccbb2a70b-768x432.jpg?width=600 600w, https:\/\/bdc2020.o0bc.com\/wp-content\/uploads\/2025\/01\/AP25006106582645-677bccbb2a70b-768x432.jpg?width=700 700w, https:\/\/bdc2020.o0bc.com\/wp-content\/uploads\/2025\/01\/AP25006106582645-677bccbb2a70b-768x432.jpg?width=800 800w, https:\/\/bdc2020.o0bc.com\/wp-content\/uploads\/2025\/01\/AP25006106582645-677bccbb2a70b-768x432.jpg?width=900 900w\" sizes=\"auto, (max-width: 768px) 100vw, 768px\"\/>\t\t\t\t\t<\/p>\n<p><h4 class=\"m-article-list__headline t-amp__list-headline\">\n\t\t\t\t\t\t\t<span class=\"m-article-list__link a-link a-link--inline a-link--text-link a-link--text-link-dark\"><\/p>\n<p>\t\t\t\t\t\t\tGlobo de Ouro 2025: De \u2018Emilia P\u00e9rez\u2019 a \u2018Sh\u014dgun\u2019, confira a lista completa dos vencedores\t\t\t\t\t\t\t<\/span><br \/>\n\t\t\t\t\t\t<\/h4>\n<\/p>\n<p>\t\t\t\t<\/a>\n\t\t\t<\/li>\n<\/ul>\n<\/div>\n<p>BEVERLY HILLS, Calif\u00f3rnia (AP) \u2013 Apertem os cintos, f\u00e3s de moda! Com algumas das estrelas mais fashion de Hollywood concorrendo aos pr\u00eamios este ano, ser\u00e1 uma temporada agitada. E o <a href=\"https:\/\/www.boston.com\/culture\/entertainment\/2025\/01\/06\/golden-globes-2025-full-list-winners\/\">Globo de Ouro<\/a> tudo come\u00e7a, com estrelas (e seus estilistas) marcando seu territ\u00f3rio em um dos eventos mais badalados de Hollywood. Grande este ano: muito brilho e brilho, e um retorno ao glamour do tapete vermelho da velha guarda. Al\u00e9m disso: luvas longas de \u00f3pera.<\/p>\n<p>Confira alguns dos looks que chamaram a aten\u00e7\u00e3o no domingo no Globo de Ouro:<\/p>\n<h3 class=\"wp-block-heading\" id=\"h-ariana-grande-from-glinda-pink-to-hepburn-yellow\">Ariana Grande: do rosa Glinda ao amarelo Hepburn<\/h3>\n<p>Ela n\u00e3o usava rosa, a cor preferida de Glinda, a Boa. Mas a estrela de \u201cWicked\u201d, Grande, evocou outra cor Oziana \u2013 o amarelo (da estrada de tijolos amarelos, \u00e9 claro) na alta costura da Givenchy. O vestido era de seda clara com corpete bordado \u00e0 m\u00e3o, um vestido vintage de 1966, do que o estilista chama de era Audrey Hepburn da Givenchy. Ela usava uma gargantilha Swarovski e luvas brancas de \u00f3pera.<\/p>\n<h3 class=\"wp-block-heading\" id=\"h-mikey-madison-new-movie-star-new-fashion-star\">Mikey Madison: nova estrela de cinema, nova estrela da moda<\/h3>\n<p>Poucas chegadas no tapete vermelho foram mais esperadas do que a de Mikey Madison, a estrela emergente de \u201cAnora\u201d que tamb\u00e9m est\u00e1 causando sucesso no mundo da moda nesta temporada. Madison usava um vestido sem al\u00e7as dourado brilhante da Bottega Veneta que enfatizava sua t\u00e3o discutida transforma\u00e7\u00e3o da moda no glamour cl\u00e1ssico de uma estrela de cinema.<\/p>\n<figure class=\"wp-block-image size-full\"><img loading=\"lazy\" decoding=\"async\" width=\"1707\" height=\"2560\" src=\"https:\/\/bdc2020.o0bc.com\/wp-content\/uploads\/2025\/01\/AP25006055557789-677bcf6e4eb82-scaled.jpg\" alt=\"Mikey Madison chega ao 82\u00ba Globo de Ouro.\" class=\"wp-image-32590900\" srcset=\"https:\/\/bdc2020.o0bc.com\/wp-content\/uploads\/2025\/01\/AP25006055557789-677bcf6e4eb82-scaled.jpg?width=200 200w, https:\/\/bdc2020.o0bc.com\/wp-content\/uploads\/2025\/01\/AP25006055557789-677bcf6e4eb82-scaled.jpg?width=300 300w, https:\/\/bdc2020.o0bc.com\/wp-content\/uploads\/2025\/01\/AP25006055557789-677bcf6e4eb82-scaled.jpg?width=400 400w, https:\/\/bdc2020.o0bc.com\/wp-content\/uploads\/2025\/01\/AP25006055557789-677bcf6e4eb82-scaled.jpg?width=500 500w, https:\/\/bdc2020.o0bc.com\/wp-content\/uploads\/2025\/01\/AP25006055557789-677bcf6e4eb82-scaled.jpg?width=600 600w, https:\/\/bdc2020.o0bc.com\/wp-content\/uploads\/2025\/01\/AP25006055557789-677bcf6e4eb82-scaled.jpg?width=700 700w, https:\/\/bdc2020.o0bc.com\/wp-content\/uploads\/2025\/01\/AP25006055557789-677bcf6e4eb82-scaled.jpg?width=800 800w, https:\/\/bdc2020.o0bc.com\/wp-content\/uploads\/2025\/01\/AP25006055557789-677bcf6e4eb82-scaled.jpg?width=900 900w\" sizes=\"auto, (max-width: 1707px) 100vw, 1707px\"\/><figcaption class=\"wp-element-caption\">Mikey Madison chega ao 82\u00ba Globo de Ouro no domingo, 5 de janeiro de 2025, no Beverly Hilton em Beverly Hills, Calif\u00f3rnia. <i> \u2013 Foto de Jordan Strauss\/Invision\/AP<\/i><\/figcaption><\/figure>\n<h3 class=\"wp-block-heading\" id=\"h-cate-blanchett-glistening-in-gold\">Cate Blanchett: brilhando em ouro<\/h3>\n<p>A atriz Blanchett parecia uma est\u00e1tua de premia\u00e7\u00e3o ganhando vida em um vestido dourado brilhante com blusa franzida da Louis Vuitton &#8211; que ela tamb\u00e9m usou no Festival de Cinema de Cannes. Novas pedras douradas foram adicionadas ao vestido, desenhado por Nicholas Ghesqui\u00e8re, para refrescar o visual.<\/p>\n<figure class=\"wp-block-image size-full\"><img loading=\"lazy\" decoding=\"async\" width=\"1707\" height=\"2560\" src=\"https:\/\/bdc2020.o0bc.com\/wp-content\/uploads\/2025\/01\/AP25005840239439-677bcf3c236d7-scaled.jpg\" alt=\"Cate Blanchett chega ao 82\u00ba Globo de Ouro. \" class=\"wp-image-32590894\" srcset=\"https:\/\/bdc2020.o0bc.com\/wp-content\/uploads\/2025\/01\/AP25005840239439-677bcf3c236d7-scaled.jpg?width=200 200w, https:\/\/bdc2020.o0bc.com\/wp-content\/uploads\/2025\/01\/AP25005840239439-677bcf3c236d7-scaled.jpg?width=300 300w, https:\/\/bdc2020.o0bc.com\/wp-content\/uploads\/2025\/01\/AP25005840239439-677bcf3c236d7-scaled.jpg?width=400 400w, https:\/\/bdc2020.o0bc.com\/wp-content\/uploads\/2025\/01\/AP25005840239439-677bcf3c236d7-scaled.jpg?width=500 500w, https:\/\/bdc2020.o0bc.com\/wp-content\/uploads\/2025\/01\/AP25005840239439-677bcf3c236d7-scaled.jpg?width=600 600w, https:\/\/bdc2020.o0bc.com\/wp-content\/uploads\/2025\/01\/AP25005840239439-677bcf3c236d7-scaled.jpg?width=700 700w, https:\/\/bdc2020.o0bc.com\/wp-content\/uploads\/2025\/01\/AP25005840239439-677bcf3c236d7-scaled.jpg?width=800 800w, https:\/\/bdc2020.o0bc.com\/wp-content\/uploads\/2025\/01\/AP25005840239439-677bcf3c236d7-scaled.jpg?width=900 900w\" sizes=\"auto, (max-width: 1707px) 100vw, 1707px\"\/><figcaption class=\"wp-element-caption\">Cate Blanchett chega ao 82\u00ba Globo de Ouro no domingo, 5 de janeiro de 2025, no Beverly Hilton em Beverly Hills, Calif\u00f3rnia. <i> \u2013 Foto de Jordan Strauss\/Invision\/AP<\/i><\/figcaption><\/figure>\n<h3 class=\"wp-block-heading\" id=\"h-nicole-kidman-sparkling-in-silver\">Nicole Kidman: cintilante em prata<\/h3>\n<p>Enquanto Blanchett brilhava em ouro, Kidman brilhava em prata, em um ousado vestido Balenciaga sem costas e com um ombro s\u00f3. A estrela de \u201cBabygirl\u201d arrematou o look com um meio rabo de cavalo chique e volumoso.<\/p>\n<figure class=\"wp-block-image size-full\"><img loading=\"lazy\" decoding=\"async\" width=\"2560\" height=\"1706\" src=\"https:\/\/bdc2020.o0bc.com\/wp-content\/uploads\/2025\/01\/AP25006041897656-677bcf9b88ac5-scaled.jpg\" alt=\"Nicole Kidman chega ao 82\u00ba Globo de Ouro. \" class=\"wp-image-32590920\" srcset=\"https:\/\/bdc2020.o0bc.com\/wp-content\/uploads\/2025\/01\/AP25006041897656-677bcf9b88ac5-scaled.jpg?width=200 200w, https:\/\/bdc2020.o0bc.com\/wp-content\/uploads\/2025\/01\/AP25006041897656-677bcf9b88ac5-scaled.jpg?width=300 300w, https:\/\/bdc2020.o0bc.com\/wp-content\/uploads\/2025\/01\/AP25006041897656-677bcf9b88ac5-scaled.jpg?width=400 400w, https:\/\/bdc2020.o0bc.com\/wp-content\/uploads\/2025\/01\/AP25006041897656-677bcf9b88ac5-scaled.jpg?width=500 500w, https:\/\/bdc2020.o0bc.com\/wp-content\/uploads\/2025\/01\/AP25006041897656-677bcf9b88ac5-scaled.jpg?width=600 600w, https:\/\/bdc2020.o0bc.com\/wp-content\/uploads\/2025\/01\/AP25006041897656-677bcf9b88ac5-scaled.jpg?width=700 700w, https:\/\/bdc2020.o0bc.com\/wp-content\/uploads\/2025\/01\/AP25006041897656-677bcf9b88ac5-scaled.jpg?width=800 800w, https:\/\/bdc2020.o0bc.com\/wp-content\/uploads\/2025\/01\/AP25006041897656-677bcf9b88ac5-scaled.jpg?width=900 900w\" sizes=\"auto, (max-width: 2560px) 100vw, 2560px\"\/><figcaption class=\"wp-element-caption\">Nicole Kidman chega ao 82\u00ba Globo de Ouro no domingo, 5 de janeiro de 2025, no Beverly Hilton em Beverly Hills, Calif\u00f3rnia. <i> \u2013 Foto de Jordan Strauss\/Invision\/AP<\/i><\/figcaption><\/figure>\n<h3 class=\"wp-block-heading\" id=\"h-ali-wong-fiery-in-red\">Ali Wong: Ardente em vermelho<\/h3>\n<p>O ator e comediante Wong n\u00e3o era f\u00e1cil de perder no tapete: ela usava um vestido em cascata de tule vermelho brilhante. O grande n\u00famero da Balenciaga foi complementado com um cinto de cetim e glamourosas luvas de \u00f3pera pretas de spandex, quase at\u00e9 o ombro.<\/p>\n<figure class=\"wp-block-image size-full\"><img loading=\"lazy\" decoding=\"async\" width=\"1707\" height=\"2560\" src=\"https:\/\/bdc2020.o0bc.com\/wp-content\/uploads\/2025\/01\/AP25005840578497-677bcf4a4acfe-scaled.jpg\" alt=\"Ali Wong chega ao 82\u00ba Globo de Ouro. \" class=\"wp-image-32590895\" srcset=\"https:\/\/bdc2020.o0bc.com\/wp-content\/uploads\/2025\/01\/AP25005840578497-677bcf4a4acfe-scaled.jpg?width=200 200w, https:\/\/bdc2020.o0bc.com\/wp-content\/uploads\/2025\/01\/AP25005840578497-677bcf4a4acfe-scaled.jpg?width=300 300w, https:\/\/bdc2020.o0bc.com\/wp-content\/uploads\/2025\/01\/AP25005840578497-677bcf4a4acfe-scaled.jpg?width=400 400w, https:\/\/bdc2020.o0bc.com\/wp-content\/uploads\/2025\/01\/AP25005840578497-677bcf4a4acfe-scaled.jpg?width=500 500w, https:\/\/bdc2020.o0bc.com\/wp-content\/uploads\/2025\/01\/AP25005840578497-677bcf4a4acfe-scaled.jpg?width=600 600w, https:\/\/bdc2020.o0bc.com\/wp-content\/uploads\/2025\/01\/AP25005840578497-677bcf4a4acfe-scaled.jpg?width=700 700w, https:\/\/bdc2020.o0bc.com\/wp-content\/uploads\/2025\/01\/AP25005840578497-677bcf4a4acfe-scaled.jpg?width=800 800w, https:\/\/bdc2020.o0bc.com\/wp-content\/uploads\/2025\/01\/AP25005840578497-677bcf4a4acfe-scaled.jpg?width=900 900w\" sizes=\"auto, (max-width: 1707px) 100vw, 1707px\"\/><figcaption class=\"wp-element-caption\">Ali Wong chega ao 82\u00ba Globo de Ouro no domingo, 5 de janeiro de 2025, no Beverly Hilton em Beverly Hills, Calif\u00f3rnia. <i> \u2013 Foto de Jordan Strauss\/Invision\/AP<\/i><\/figcaption><\/figure>\n<h3 class=\"wp-block-heading\" id=\"h-zoe-kravitz-old-school-glamour-a-pink-bow\">Zo\u00eb Kravitz: glamour da velha escola, um la\u00e7o rosa<\/h3>\n<p>A diretora de \u201cDon&#8217;t Blink Twice\u201d foi tradicional com um vestido Saint Laurent de veludo preto com decote profundo e um la\u00e7o de seda rosa pastel na cintura. Ela era a favorita de Kevin Huynh, diretor de moda da InStyle, que disse adorar como ela \u201ccanalizava o glamour da velha escola de Hollywood\u201d.<\/p>\n<figure class=\"wp-block-image size-full\"><img loading=\"lazy\" decoding=\"async\" width=\"2560\" height=\"1707\" src=\"https:\/\/bdc2020.o0bc.com\/wp-content\/uploads\/2025\/01\/AP25005859598006-677bcfb8016fa-scaled.jpg\" alt=\"Zoe Kravitz chega ao 82\u00ba Globo de Ouro.\" class=\"wp-image-32590937\" srcset=\"https:\/\/bdc2020.o0bc.com\/wp-content\/uploads\/2025\/01\/AP25005859598006-677bcfb8016fa-scaled.jpg?width=200 200w, https:\/\/bdc2020.o0bc.com\/wp-content\/uploads\/2025\/01\/AP25005859598006-677bcfb8016fa-scaled.jpg?width=300 300w, https:\/\/bdc2020.o0bc.com\/wp-content\/uploads\/2025\/01\/AP25005859598006-677bcfb8016fa-scaled.jpg?width=400 400w, https:\/\/bdc2020.o0bc.com\/wp-content\/uploads\/2025\/01\/AP25005859598006-677bcfb8016fa-scaled.jpg?width=500 500w, https:\/\/bdc2020.o0bc.com\/wp-content\/uploads\/2025\/01\/AP25005859598006-677bcfb8016fa-scaled.jpg?width=600 600w, https:\/\/bdc2020.o0bc.com\/wp-content\/uploads\/2025\/01\/AP25005859598006-677bcfb8016fa-scaled.jpg?width=700 700w, https:\/\/bdc2020.o0bc.com\/wp-content\/uploads\/2025\/01\/AP25005859598006-677bcfb8016fa-scaled.jpg?width=800 800w, https:\/\/bdc2020.o0bc.com\/wp-content\/uploads\/2025\/01\/AP25005859598006-677bcfb8016fa-scaled.jpg?width=900 900w\" sizes=\"auto, (max-width: 2560px) 100vw, 2560px\"\/><figcaption class=\"wp-element-caption\">Zoe Kravitz chega ao 82\u00ba Globo de Ouro no domingo, 5 de janeiro de 2025, no Beverly Hilton em Beverly Hills, Calif\u00f3rnia. <i> \u2013 Foto de Jordan Strauss\/Invision\/AP<\/i><\/figcaption><\/figure>\n<h3 class=\"wp-block-heading\" id=\"h-timothee-chalamet-no-wool-beanie-here\">Timoth\u00e9e Chalamet: Sem gorro de l\u00e3 aqui<\/h3>\n<p>A apresentadora do Globes, Nikki Glaser, concentrou-se em Chalamet, uma das estrelas mais quentes de Hollywood, em seu mon\u00f3logo, dizendo a ele: \u201cVoc\u00ea tem os c\u00edlios mais lindos no l\u00e1bio superior\u201d. Quanto \u00e0s roupas do corpo, Chalamet foi mais tradicional do que outras idas recentes ao tapete, vestindo um elegante terno preto Tom Ford com jaqueta enfeitada, uma camisa branca e um len\u00e7o azul jogado no pesco\u00e7o (ou seria uma gravata?) Nenhum gorro de l\u00e3 como o look inspirado em Dylan que ele usou na estreia de seu filme em Nova York, \u201cA Complete Unknown\u201d.<\/p>\n<figure class=\"wp-block-image size-full\"><img loading=\"lazy\" decoding=\"async\" width=\"1707\" height=\"2560\" src=\"https:\/\/bdc2020.o0bc.com\/wp-content\/uploads\/2025\/01\/AP25006018964458-677bcfd017109-scaled.jpg\" alt=\"Timothee Chalamet chega ao 82\u00ba Globo de Ouro.\" class=\"wp-image-32590947\" srcset=\"https:\/\/bdc2020.o0bc.com\/wp-content\/uploads\/2025\/01\/AP25006018964458-677bcfd017109-scaled.jpg?width=200 200w, https:\/\/bdc2020.o0bc.com\/wp-content\/uploads\/2025\/01\/AP25006018964458-677bcfd017109-scaled.jpg?width=300 300w, https:\/\/bdc2020.o0bc.com\/wp-content\/uploads\/2025\/01\/AP25006018964458-677bcfd017109-scaled.jpg?width=400 400w, https:\/\/bdc2020.o0bc.com\/wp-content\/uploads\/2025\/01\/AP25006018964458-677bcfd017109-scaled.jpg?width=500 500w, https:\/\/bdc2020.o0bc.com\/wp-content\/uploads\/2025\/01\/AP25006018964458-677bcfd017109-scaled.jpg?width=600 600w, https:\/\/bdc2020.o0bc.com\/wp-content\/uploads\/2025\/01\/AP25006018964458-677bcfd017109-scaled.jpg?width=700 700w, https:\/\/bdc2020.o0bc.com\/wp-content\/uploads\/2025\/01\/AP25006018964458-677bcfd017109-scaled.jpg?width=800 800w, https:\/\/bdc2020.o0bc.com\/wp-content\/uploads\/2025\/01\/AP25006018964458-677bcfd017109-scaled.jpg?width=900 900w\" sizes=\"auto, (max-width: 1707px) 100vw, 1707px\"\/><figcaption class=\"wp-element-caption\">Timothee Chalamet chega ao 82\u00ba Globo de Ouro no domingo, 5 de janeiro de 2025, no Beverly Hilton em Beverly Hills, Calif\u00f3rnia. <i> \u2013 Foto de Jordan Strauss\/Invision\/AP<\/i><\/figcaption><\/figure>\n<h3 class=\"wp-block-heading\" id=\"h-ayo-edebiri-calling-julia-roberts\">Ayo Edebiri: Ligando para Julia Roberts<\/h3>\n<p>Edebiri tem sido um destaque em muitos tapetes vermelhos recentes. Desta vez, ela seguiu uma dire\u00e7\u00e3o inusitada: moda masculina. Trabalhando com o designer Jonathan Anderson na marca Loewe, Edebrii decidiu canalizar o traje memor\u00e1vel de Julia Roberts para o Globo de Ouro no desfile de 1990 &#8211; um terno cinza grande e quadrad\u00e3o. Edebiri adicionou um colar de folhas de ouro brilhante \u00e0 mistura, lembrando uma longa gravata.<\/p>\n<figure class=\"wp-block-image size-full\"><img loading=\"lazy\" decoding=\"async\" width=\"2560\" height=\"1707\" src=\"https:\/\/bdc2020.o0bc.com\/wp-content\/uploads\/2025\/01\/82nd_Golden_Globes_-_Arrivals_55181-677bd20b8b5d4-scaled.jpg\" alt=\"Yelena Yemchuk, Ebon Moss-Bachrach, Jazz Charton, Kieran Culkin e Ayo Edebiri.\" class=\"wp-image-32590949\" srcset=\"https:\/\/bdc2020.o0bc.com\/wp-content\/uploads\/2025\/01\/82nd_Golden_Globes_-_Arrivals_55181-677bd20b8b5d4-scaled.jpg?width=200 200w, https:\/\/bdc2020.o0bc.com\/wp-content\/uploads\/2025\/01\/82nd_Golden_Globes_-_Arrivals_55181-677bd20b8b5d4-scaled.jpg?width=300 300w, https:\/\/bdc2020.o0bc.com\/wp-content\/uploads\/2025\/01\/82nd_Golden_Globes_-_Arrivals_55181-677bd20b8b5d4-scaled.jpg?width=400 400w, https:\/\/bdc2020.o0bc.com\/wp-content\/uploads\/2025\/01\/82nd_Golden_Globes_-_Arrivals_55181-677bd20b8b5d4-scaled.jpg?width=500 500w, https:\/\/bdc2020.o0bc.com\/wp-content\/uploads\/2025\/01\/82nd_Golden_Globes_-_Arrivals_55181-677bd20b8b5d4-scaled.jpg?width=600 600w, https:\/\/bdc2020.o0bc.com\/wp-content\/uploads\/2025\/01\/82nd_Golden_Globes_-_Arrivals_55181-677bd20b8b5d4-scaled.jpg?width=700 700w, https:\/\/bdc2020.o0bc.com\/wp-content\/uploads\/2025\/01\/82nd_Golden_Globes_-_Arrivals_55181-677bd20b8b5d4-scaled.jpg?width=800 800w, https:\/\/bdc2020.o0bc.com\/wp-content\/uploads\/2025\/01\/82nd_Golden_Globes_-_Arrivals_55181-677bd20b8b5d4-scaled.jpg?width=900 900w\" sizes=\"auto, (max-width: 2560px) 100vw, 2560px\"\/><figcaption class=\"wp-element-caption\">Yelena Yemchuk, a partir da esquerda, Ebon Moss-Bachrach, Jazz Charton, Kieran Culkin e Ayo Edebiri, chegam ao 82\u00ba Globo de Ouro no domingo, 5 de janeiro de 2025, no Beverly Hilton em Beverly Hills, Calif\u00f3rnia.<i> \u2013 Foto de Jordan Strauss\/Invision\/AP<\/i><\/figcaption><\/figure>\n<h3 class=\"wp-block-heading\" id=\"h-colman-domingo-still-slaying-on-the-carpet\">Colman Domingo: Ainda matando no tapete<\/h3>\n<p>Uma estrela infal\u00edvel do tapete vermelho \u00e9 o ator de \u201cSing Sing\u201d, Colman Domingo, que sempre impressiona com suas apar\u00eancias. Esses Globos n\u00e3o foram exce\u00e7\u00e3o. Seu conjunto Valentino inclu\u00eda uma gravata borboleta de seda volumosa e sempre estilosa em preto e branco e uma camisa de bolinhas.<\/p>\n<figure class=\"wp-block-image size-full\"><img loading=\"lazy\" decoding=\"async\" width=\"1706\" height=\"2560\" src=\"https:\/\/bdc2020.o0bc.com\/wp-content\/uploads\/2025\/01\/AP25006019511916-677bcf57a8db4-scaled.jpg\" alt=\"Colman Domingo chega ao 82\u00ba Globo de Ouro.\" class=\"wp-image-32590898\" srcset=\"https:\/\/bdc2020.o0bc.com\/wp-content\/uploads\/2025\/01\/AP25006019511916-677bcf57a8db4-scaled.jpg?width=200 200w, https:\/\/bdc2020.o0bc.com\/wp-content\/uploads\/2025\/01\/AP25006019511916-677bcf57a8db4-scaled.jpg?width=300 300w, https:\/\/bdc2020.o0bc.com\/wp-content\/uploads\/2025\/01\/AP25006019511916-677bcf57a8db4-scaled.jpg?width=400 400w, https:\/\/bdc2020.o0bc.com\/wp-content\/uploads\/2025\/01\/AP25006019511916-677bcf57a8db4-scaled.jpg?width=500 500w, https:\/\/bdc2020.o0bc.com\/wp-content\/uploads\/2025\/01\/AP25006019511916-677bcf57a8db4-scaled.jpg?width=600 600w, https:\/\/bdc2020.o0bc.com\/wp-content\/uploads\/2025\/01\/AP25006019511916-677bcf57a8db4-scaled.jpg?width=700 700w, https:\/\/bdc2020.o0bc.com\/wp-content\/uploads\/2025\/01\/AP25006019511916-677bcf57a8db4-scaled.jpg?width=800 800w, https:\/\/bdc2020.o0bc.com\/wp-content\/uploads\/2025\/01\/AP25006019511916-677bcf57a8db4-scaled.jpg?width=900 900w\" sizes=\"auto, (max-width: 1706px) 100vw, 1706px\"\/><figcaption class=\"wp-element-caption\">Colman Domingo chega ao 82\u00ba Globo de Ouro no domingo, 5 de janeiro de 2025, no Beverly Hilton em Beverly Hills, Calif\u00f3rnia.<i> \u2013 Foto de Jordan Strauss\/Invision\/AP<\/i><\/figcaption><\/figure>\n<h3 class=\"wp-block-heading\" id=\"h-cynthia-erivo-five-hour-nails\">Cynthia Erivo: unhas de cinco horas<\/h3>\n<p>O ator de \u201cWicked\u201d continuou seu desfile de moda ao longo da temporada com um vestido preto enfeitado da Louis Vuitton, optando por n\u00e3o usar verde desta vez. Mas foi sua arte de unhas extraordinariamente detalhada, uma marca registrada do estilo de Erivo, que tamb\u00e9m chamou muita aten\u00e7\u00e3o, incluindo sua admiss\u00e3o no E! Not\u00edcias de que sua manicure levou cinco horas para criar a arte do dia.<\/p>\n<figure class=\"wp-block-image size-full\"><img loading=\"lazy\" decoding=\"async\" width=\"1707\" height=\"2560\" src=\"https:\/\/bdc2020.o0bc.com\/wp-content\/uploads\/2025\/01\/AP25006055283694-677bcf7e3d082-scaled.jpg\" alt=\"Cynthia Erivo chega ao 82\u00ba Globo de Ouro.\" class=\"wp-image-32590905\" srcset=\"https:\/\/bdc2020.o0bc.com\/wp-content\/uploads\/2025\/01\/AP25006055283694-677bcf7e3d082-scaled.jpg?width=200 200w, https:\/\/bdc2020.o0bc.com\/wp-content\/uploads\/2025\/01\/AP25006055283694-677bcf7e3d082-scaled.jpg?width=300 300w, https:\/\/bdc2020.o0bc.com\/wp-content\/uploads\/2025\/01\/AP25006055283694-677bcf7e3d082-scaled.jpg?width=400 400w, https:\/\/bdc2020.o0bc.com\/wp-content\/uploads\/2025\/01\/AP25006055283694-677bcf7e3d082-scaled.jpg?width=500 500w, https:\/\/bdc2020.o0bc.com\/wp-content\/uploads\/2025\/01\/AP25006055283694-677bcf7e3d082-scaled.jpg?width=600 600w, https:\/\/bdc2020.o0bc.com\/wp-content\/uploads\/2025\/01\/AP25006055283694-677bcf7e3d082-scaled.jpg?width=700 700w, https:\/\/bdc2020.o0bc.com\/wp-content\/uploads\/2025\/01\/AP25006055283694-677bcf7e3d082-scaled.jpg?width=800 800w, https:\/\/bdc2020.o0bc.com\/wp-content\/uploads\/2025\/01\/AP25006055283694-677bcf7e3d082-scaled.jpg?width=900 900w\" sizes=\"auto, (max-width: 1707px) 100vw, 1707px\"\/><figcaption class=\"wp-element-caption\">Cynthia Erivo chega ao 82\u00ba Globo de Ouro no domingo, 5 de janeiro de 2025, no Beverly Hilton em Beverly Hills, Calif\u00f3rnia. <i> \u2013 Foto de Jordan Strauss\/Invision\/AP<\/i><\/figcaption><\/figure>\n<figure class=\"wp-block-image size-full\"><img loading=\"lazy\" decoding=\"async\" width=\"2560\" height=\"1707\" src=\"https:\/\/bdc2020.o0bc.com\/wp-content\/uploads\/2025\/01\/AP25006186401974-677bcc6e0316c-scaled.jpg\" alt=\"Cynthia Erivo e Jon M. Chu posam com pr\u00eamio.\" class=\"wp-image-32590835\" srcset=\"https:\/\/bdc2020.o0bc.com\/wp-content\/uploads\/2025\/01\/AP25006186401974-677bcc6e0316c-scaled.jpg?width=200 200w, https:\/\/bdc2020.o0bc.com\/wp-content\/uploads\/2025\/01\/AP25006186401974-677bcc6e0316c-scaled.jpg?width=300 300w, https:\/\/bdc2020.o0bc.com\/wp-content\/uploads\/2025\/01\/AP25006186401974-677bcc6e0316c-scaled.jpg?width=400 400w, https:\/\/bdc2020.o0bc.com\/wp-content\/uploads\/2025\/01\/AP25006186401974-677bcc6e0316c-scaled.jpg?width=500 500w, https:\/\/bdc2020.o0bc.com\/wp-content\/uploads\/2025\/01\/AP25006186401974-677bcc6e0316c-scaled.jpg?width=600 600w, https:\/\/bdc2020.o0bc.com\/wp-content\/uploads\/2025\/01\/AP25006186401974-677bcc6e0316c-scaled.jpg?width=700 700w, https:\/\/bdc2020.o0bc.com\/wp-content\/uploads\/2025\/01\/AP25006186401974-677bcc6e0316c-scaled.jpg?width=800 800w, https:\/\/bdc2020.o0bc.com\/wp-content\/uploads\/2025\/01\/AP25006186401974-677bcc6e0316c-scaled.jpg?width=900 900w\" sizes=\"auto, (max-width: 2560px) 100vw, 2560px\"\/><figcaption class=\"wp-element-caption\">Cynthia Erivo, \u00e0 esquerda, e Jon M. Chu posam com o pr\u00eamio de conquista cinematogr\u00e1fica e de bilheteria por \u201cWicked\u201d na sala de imprensa durante o 82\u00ba Globo de Ouro no domingo, 5 de janeiro de 2025, no Beverly Hilton em Beverly Hills, Calif\u00f3rnia. <i> \u2013 Foto AP\/Chris Pizzello<\/i><\/figcaption><\/figure>\n<h3 class=\"wp-block-heading\" id=\"h-kerry-washington-opera-gloves-are-a-thing\">Kerry Washington: Luvas de \u00f3pera s\u00e3o uma coisa<\/h3>\n<p>Essas luvas de \u00f3pera est\u00e3o realmente em alta este ano: tamb\u00e9m as usava o ator Washington, que usava um vestido de tafet\u00e1 de seda rosa neon, tamb\u00e9m da Balenciaga, com cauda &#8211; a combina\u00e7\u00e3o proporcionando \u201cum pouco de glamour ousado\u201d, disse Huynh.<\/p>\n<figure class=\"wp-block-image size-full\"><img loading=\"lazy\" decoding=\"async\" width=\"2560\" height=\"1706\" src=\"https:\/\/bdc2020.o0bc.com\/wp-content\/uploads\/2025\/01\/AP25005856052782-677bcfaddead1-scaled.jpg\" alt=\"Kerry Washington e Nnamdi Asomugha.\" class=\"wp-image-32590931\" srcset=\"https:\/\/bdc2020.o0bc.com\/wp-content\/uploads\/2025\/01\/AP25005856052782-677bcfaddead1-scaled.jpg?width=200 200w, https:\/\/bdc2020.o0bc.com\/wp-content\/uploads\/2025\/01\/AP25005856052782-677bcfaddead1-scaled.jpg?width=300 300w, https:\/\/bdc2020.o0bc.com\/wp-content\/uploads\/2025\/01\/AP25005856052782-677bcfaddead1-scaled.jpg?width=400 400w, https:\/\/bdc2020.o0bc.com\/wp-content\/uploads\/2025\/01\/AP25005856052782-677bcfaddead1-scaled.jpg?width=500 500w, https:\/\/bdc2020.o0bc.com\/wp-content\/uploads\/2025\/01\/AP25005856052782-677bcfaddead1-scaled.jpg?width=600 600w, https:\/\/bdc2020.o0bc.com\/wp-content\/uploads\/2025\/01\/AP25005856052782-677bcfaddead1-scaled.jpg?width=700 700w, https:\/\/bdc2020.o0bc.com\/wp-content\/uploads\/2025\/01\/AP25005856052782-677bcfaddead1-scaled.jpg?width=800 800w, https:\/\/bdc2020.o0bc.com\/wp-content\/uploads\/2025\/01\/AP25005856052782-677bcfaddead1-scaled.jpg?width=900 900w\" sizes=\"auto, (max-width: 2560px) 100vw, 2560px\"\/><figcaption class=\"wp-element-caption\">Kerry Washington, \u00e0 esquerda, e Nnamdi Asomugha chegam ao 82\u00ba Globo de Ouro no domingo, 5 de janeiro de 2025, no Beverly Hilton em Beverly Hills, Calif\u00f3rnia. <i> \u2013 Foto de Jordan Strauss\/Invision\/AP<\/i><\/figcaption><\/figure>\n<h3 class=\"wp-block-heading\" id=\"h-angelina-jolie-mom-and-daughter-coordinated\">Angelina Jolie: M\u00e3e e filha, coordenadas<\/h3>\n<p>Jolie definitivamente fazia parte do contingente de glamour da noite, usando um vestido Alexander McQueen brilhante de cores met\u00e1licas entrela\u00e7adas em um padr\u00e3o semelhante a um galho. Sua filha, Zahara, vestida para combinar com a m\u00e3e, com uma estampa semelhante em seu longo vestido branco. Huynh disse que era um de seus looks favoritos, porque embora Jolie seja frequentemente conhecida por usar vestidos simples e elegantes, \u201cesse visual McQueen deslumbrante e fortemente embelezado fez dela uma sereia do cinema\u201d.<\/p>\n<figure class=\"wp-block-image size-full\"><img loading=\"lazy\" decoding=\"async\" width=\"1706\" height=\"2560\" src=\"https:\/\/bdc2020.o0bc.com\/wp-content\/uploads\/2025\/01\/AP25006060190660-677bcf64ecf2b-scaled.jpg\" alt=\"Zahara Jolie e Angelina Jolie chegam ao 82\u00ba Globo de Ouro.\" class=\"wp-image-32590899\" srcset=\"https:\/\/bdc2020.o0bc.com\/wp-content\/uploads\/2025\/01\/AP25006060190660-677bcf64ecf2b-scaled.jpg?width=200 200w, https:\/\/bdc2020.o0bc.com\/wp-content\/uploads\/2025\/01\/AP25006060190660-677bcf64ecf2b-scaled.jpg?width=300 300w, https:\/\/bdc2020.o0bc.com\/wp-content\/uploads\/2025\/01\/AP25006060190660-677bcf64ecf2b-scaled.jpg?width=400 400w, https:\/\/bdc2020.o0bc.com\/wp-content\/uploads\/2025\/01\/AP25006060190660-677bcf64ecf2b-scaled.jpg?width=500 500w, https:\/\/bdc2020.o0bc.com\/wp-content\/uploads\/2025\/01\/AP25006060190660-677bcf64ecf2b-scaled.jpg?width=600 600w, https:\/\/bdc2020.o0bc.com\/wp-content\/uploads\/2025\/01\/AP25006060190660-677bcf64ecf2b-scaled.jpg?width=700 700w, https:\/\/bdc2020.o0bc.com\/wp-content\/uploads\/2025\/01\/AP25006060190660-677bcf64ecf2b-scaled.jpg?width=800 800w, https:\/\/bdc2020.o0bc.com\/wp-content\/uploads\/2025\/01\/AP25006060190660-677bcf64ecf2b-scaled.jpg?width=900 900w\" sizes=\"auto, (max-width: 1706px) 100vw, 1706px\"\/><figcaption class=\"wp-element-caption\">Zahara Jolie, \u00e0 esquerda, e Angelina Jolie chegam ao 82\u00ba Globo de Ouro no domingo, 5 de janeiro de 2025, no Beverly Hilton em Beverly Hills, Calif\u00f3rnia.<i> \u2013 Foto de Jordan Strauss\/Invision\/AP<\/i><\/figcaption><\/figure>\n<h3 class=\"wp-block-heading\" id=\"h-tyler-james-williams-schooling-the-masses-in-fashion\">Tyler James Williams: ensinando moda \u00e0s massas<\/h3>\n<p>Williams, da \u201cAbbott Elementary\u201d, nunca est\u00e1 seguro ou entediante no tapete. No domingo, ele vestiu um terno cinza listrado com jaqueta trespassada com ombreiras dram\u00e1ticas e o peito nu aparecendo, sobre cal\u00e7as largas.<\/p>\n<figure class=\"wp-block-image size-full\"><img loading=\"lazy\" decoding=\"async\" width=\"1706\" height=\"2560\" src=\"https:\/\/bdc2020.o0bc.com\/wp-content\/uploads\/2025\/01\/AP25005837944188-677bcf2e41a2b-scaled.jpg\" alt=\"Tyler James Williams chega ao 82\u00ba Globo de Ouro.\" class=\"wp-image-32590892\" srcset=\"https:\/\/bdc2020.o0bc.com\/wp-content\/uploads\/2025\/01\/AP25005837944188-677bcf2e41a2b-scaled.jpg?width=200 200w, https:\/\/bdc2020.o0bc.com\/wp-content\/uploads\/2025\/01\/AP25005837944188-677bcf2e41a2b-scaled.jpg?width=300 300w, https:\/\/bdc2020.o0bc.com\/wp-content\/uploads\/2025\/01\/AP25005837944188-677bcf2e41a2b-scaled.jpg?width=400 400w, https:\/\/bdc2020.o0bc.com\/wp-content\/uploads\/2025\/01\/AP25005837944188-677bcf2e41a2b-scaled.jpg?width=500 500w, https:\/\/bdc2020.o0bc.com\/wp-content\/uploads\/2025\/01\/AP25005837944188-677bcf2e41a2b-scaled.jpg?width=600 600w, https:\/\/bdc2020.o0bc.com\/wp-content\/uploads\/2025\/01\/AP25005837944188-677bcf2e41a2b-scaled.jpg?width=700 700w, https:\/\/bdc2020.o0bc.com\/wp-content\/uploads\/2025\/01\/AP25005837944188-677bcf2e41a2b-scaled.jpg?width=800 800w, https:\/\/bdc2020.o0bc.com\/wp-content\/uploads\/2025\/01\/AP25005837944188-677bcf2e41a2b-scaled.jpg?width=900 900w\" sizes=\"auto, (max-width: 1706px) 100vw, 1706px\"\/><figcaption class=\"wp-element-caption\">Tyler James Williams chega ao 82\u00ba Globo de Ouro no domingo, 5 de janeiro de 2025, no Beverly Hilton em Beverly Hills, Calif\u00f3rnia. <i> \u2013 Foto de Jordan Strauss\/Invision\/AP<\/i><\/figcaption><\/figure>\n<h3 class=\"wp-block-heading\" id=\"h-quinta-brunson-sequins-to-spare\">Quinta Brunson: Lantejoulas de sobra<\/h3>\n<p>A colega de WIlliams, a criadora e estrela de \u201cAbbott Elementary\u201d, Quinta Bronson, estava elegante em um vestido Roberto Cavalli personalizado fortemente enfeitado. Huynh chamou a cor, marrom chocolate, de \u201ca cor da esta\u00e7\u00e3o\u201d.<\/p>\n<figure class=\"wp-block-image size-full\"><img loading=\"lazy\" decoding=\"async\" width=\"1707\" height=\"2560\" src=\"https:\/\/bdc2020.o0bc.com\/wp-content\/uploads\/2025\/01\/AP25006001507769-677bcfc8ca690-scaled.jpg\" alt=\"Quinta Brunson chega ao 82\u00ba Globo de Ouro. \" class=\"wp-image-32590946\" srcset=\"https:\/\/bdc2020.o0bc.com\/wp-content\/uploads\/2025\/01\/AP25006001507769-677bcfc8ca690-scaled.jpg?width=200 200w, https:\/\/bdc2020.o0bc.com\/wp-content\/uploads\/2025\/01\/AP25006001507769-677bcfc8ca690-scaled.jpg?width=300 300w, https:\/\/bdc2020.o0bc.com\/wp-content\/uploads\/2025\/01\/AP25006001507769-677bcfc8ca690-scaled.jpg?width=400 400w, https:\/\/bdc2020.o0bc.com\/wp-content\/uploads\/2025\/01\/AP25006001507769-677bcfc8ca690-scaled.jpg?width=500 500w, https:\/\/bdc2020.o0bc.com\/wp-content\/uploads\/2025\/01\/AP25006001507769-677bcfc8ca690-scaled.jpg?width=600 600w, https:\/\/bdc2020.o0bc.com\/wp-content\/uploads\/2025\/01\/AP25006001507769-677bcfc8ca690-scaled.jpg?width=700 700w, https:\/\/bdc2020.o0bc.com\/wp-content\/uploads\/2025\/01\/AP25006001507769-677bcfc8ca690-scaled.jpg?width=800 800w, https:\/\/bdc2020.o0bc.com\/wp-content\/uploads\/2025\/01\/AP25006001507769-677bcfc8ca690-scaled.jpg?width=900 900w\" sizes=\"auto, (max-width: 1707px) 100vw, 1707px\"\/><figcaption class=\"wp-element-caption\">Quinta Brunson chega ao 82\u00ba Globo de Ouro no domingo, 5 de janeiro de 2025, no Beverly Hilton em Beverly Hills, Calif\u00f3rnia. <i> \u2013 Foto de Jordan Strauss\/Invision\/AP<\/i><\/figcaption><\/figure>\n<h3 class=\"wp-block-heading\" id=\"h-glen-powell-a-fashion-hitman-in-armani\">Glen Powell: um assassino (da moda) em Armani<\/h3>\n<p>Powell evitou a gravata e, em vez disso, canalizou o glamour casual em uma camisa marrom de gola aberta e uma jaqueta de veludo preta, de Giorgio Armani. Parece que Powell \u201cest\u00e1 provando que as listas das mais bem vestidas n\u00e3o s\u00e3o apenas para atrizes\u201d, disse Huynh.<\/p>\n<figure class=\"wp-block-image size-full\"><img loading=\"lazy\" decoding=\"async\" width=\"1707\" height=\"2560\" src=\"https:\/\/bdc2020.o0bc.com\/wp-content\/uploads\/2025\/01\/AP25005835697671-677bcf220a256-scaled.jpg\" alt=\"Glen Powell chega ao 82\u00ba Globo de Ouro. \" class=\"wp-image-32590887\" srcset=\"https:\/\/bdc2020.o0bc.com\/wp-content\/uploads\/2025\/01\/AP25005835697671-677bcf220a256-scaled.jpg?width=200 200w, https:\/\/bdc2020.o0bc.com\/wp-content\/uploads\/2025\/01\/AP25005835697671-677bcf220a256-scaled.jpg?width=300 300w, https:\/\/bdc2020.o0bc.com\/wp-content\/uploads\/2025\/01\/AP25005835697671-677bcf220a256-scaled.jpg?width=400 400w, https:\/\/bdc2020.o0bc.com\/wp-content\/uploads\/2025\/01\/AP25005835697671-677bcf220a256-scaled.jpg?width=500 500w, https:\/\/bdc2020.o0bc.com\/wp-content\/uploads\/2025\/01\/AP25005835697671-677bcf220a256-scaled.jpg?width=600 600w, https:\/\/bdc2020.o0bc.com\/wp-content\/uploads\/2025\/01\/AP25005835697671-677bcf220a256-scaled.jpg?width=700 700w, https:\/\/bdc2020.o0bc.com\/wp-content\/uploads\/2025\/01\/AP25005835697671-677bcf220a256-scaled.jpg?width=800 800w, https:\/\/bdc2020.o0bc.com\/wp-content\/uploads\/2025\/01\/AP25005835697671-677bcf220a256-scaled.jpg?width=900 900w\" sizes=\"auto, (max-width: 1707px) 100vw, 1707px\"\/><figcaption class=\"wp-element-caption\">Glen Powell chega ao 82\u00ba Globo de Ouro no domingo, 5 de janeiro de 2025, no Beverly Hilton em Beverly Hills, Calif\u00f3rnia. <i> \u2013 Foto de Jordan Strauss\/Invision\/AP<\/i><\/figcaption><\/figure>\n<h3 class=\"wp-block-heading\" id=\"h-the-lookalikes-dressing-up-for-the-night\">Os S\u00f3sias: Vestindo-se para a noite<\/h3>\n<p>Foi o ano dos concursos de s\u00f3sias de celebridades. Max Braunstein venceu um concurso de s\u00f3sia de Powell. Miles Mitchell venceu um evento Chalamet. E assim os dois acabaram no Globo. Seu principal acess\u00f3rio de moda: cartazes que dizem \u201cGanhei um concurso de s\u00f3sias e agora estou no Globo de Ouro\u201d.<\/p>\n<figure class=\"wp-block-image size-full\"><img loading=\"lazy\" decoding=\"async\" width=\"2560\" height=\"1707\" src=\"https:\/\/bdc2020.o0bc.com\/wp-content\/uploads\/2025\/01\/AP25005823251524-677bcf12cc8fc-scaled.jpg\" alt=\"Max Braunstein e Miles Mitchell.\" class=\"wp-image-32590883\" srcset=\"https:\/\/bdc2020.o0bc.com\/wp-content\/uploads\/2025\/01\/AP25005823251524-677bcf12cc8fc-scaled.jpg?width=200 200w, https:\/\/bdc2020.o0bc.com\/wp-content\/uploads\/2025\/01\/AP25005823251524-677bcf12cc8fc-scaled.jpg?width=300 300w, https:\/\/bdc2020.o0bc.com\/wp-content\/uploads\/2025\/01\/AP25005823251524-677bcf12cc8fc-scaled.jpg?width=400 400w, https:\/\/bdc2020.o0bc.com\/wp-content\/uploads\/2025\/01\/AP25005823251524-677bcf12cc8fc-scaled.jpg?width=500 500w, https:\/\/bdc2020.o0bc.com\/wp-content\/uploads\/2025\/01\/AP25005823251524-677bcf12cc8fc-scaled.jpg?width=600 600w, https:\/\/bdc2020.o0bc.com\/wp-content\/uploads\/2025\/01\/AP25005823251524-677bcf12cc8fc-scaled.jpg?width=700 700w, https:\/\/bdc2020.o0bc.com\/wp-content\/uploads\/2025\/01\/AP25005823251524-677bcf12cc8fc-scaled.jpg?width=800 800w, https:\/\/bdc2020.o0bc.com\/wp-content\/uploads\/2025\/01\/AP25005823251524-677bcf12cc8fc-scaled.jpg?width=900 900w\" sizes=\"auto, (max-width: 2560px) 100vw, 2560px\"\/><figcaption class=\"wp-element-caption\">Max Braunstein, \u00e0 esquerda, e Miles Mitchell chegam ao 82\u00ba Globo de Ouro no domingo, 5 de janeiro de 2025, no Beverly Hilton em Beverly Hills, Calif\u00f3rnia. <i> \u2013 Foto de Jordan Strauss\/Invision\/AP<\/i><\/figcaption><\/figure>\n<div class=\"m-block m-generic-cta\t m-generic-cta--post-content\t m-generic-cta--dark\t m-generic-cta--homepage\t m-generic-cta--email-signup\t\t m-generic-cta-block-style--default \tt-amp__generic-cta\"><\/p>\n<div class=\"m-generic-cta__wrap\">\n<div class=\"m-generic-cta__content\">\n<h3 class=\"m-generic-cta__title\">Inscreva-se no boletim informativo The Queue \ud83c\udf7f<\/h3>\n<p class=\"m-generic-cta__subtitle\">Duas vezes por m\u00eas, descubra os melhores filmes e programas de TV transmitidos agora.<\/p>\n<\/p><\/div>\n<\/p><\/div>\n<\/div><\/div>\n<p><script>\n\t\tvar consent=\"grant\";\n\t\t\/* The above code is parsing the JSON data from the local storage and storing it in a variable. *\/\n\t\t\t\t\tconst onetrustStorageConsent = JSON.parse(localStorage.getItem( 'consent_one_trust_bdc' ) );\n\t\t\tif ( ( onetrustStorageConsent !== null ) ) {\n\t\t\t\t\/* Checking to see if the user has consented to the use of cookies.\n\t\t\t\t* If they have not, it is deleting the cookie.\n\t\t\t\t* This will comment for now, until further notice.\n\t\t\t\t*\/\n\t\t\t\t\/\/if ( onetrustStorageConsent.C0002 === false ) {\n\t\t\t\t\/\/\tdocument.cookie=\"_fbp=;expires=Thu, 01 Jan 2010 00:00:00 UTC; path=\/; domain=.boston.com\";\n\t\t\t\t\/\/}\n\t\t\t\t\/* Checking if the user has given consent for the cookie C0002.\n\t\t\t\t* If the user has given consent, the variable consent will be set to 'grant'.\n\t\t\t\t* If the user has not given consent,the variable consent will be set to 'revoke'.\n\t\t\t\t* Documentation https:\/\/developers.facebook.com\/docs\/meta-pixel\/implementation\/gdpr\n\t\t\t\t*\/\n\t\t\t\tif ( onetrustStorageConsent.C0002 !== true ) {\n\t\t\t\t\tconsent=\"revoke\";\n\t\t\t\t}\n\t\t\t}\n\t\t\t\t!function(f,b,e,v,n,t,s)\n\t\t{if(f.fbq)return;n=f.fbq=function(){n.callMethod?\n\t\tn.callMethod.apply(n,arguments):n.queue.push(arguments)};\n\t\tif(!f._fbq)f._fbq=n;n.push=n;n.loaded=!0;n.version='2.0';\n\t\tn.queue=[];t=b.createElement(e);t.async=!0;\n\t\tt.src=v;s=b.getElementsByTagName(e)[0];\n\t\ts.parentNode.insertBefore(t,s)}(window, document,'script',\n\t\t'https:\/\/connect.facebook.net\/en_US\/fbevents.js');\n\t\tfbq('consent', consent);\n\t\tfbq('init', '989222871864976');\n\t\tfbq('track', 'PageView');\n\t<\/script><script type=\"module\">\n\t\tvar consent=\"grant\";\n\t\t\/* The above code is parsing the JSON data from the local storage and storing it in a variable. *\/\n\t\t\tconst onetrustStorageConsent = JSON.parse(localStorage.getItem( 'consent_one_trust_bdc' ) );\n\t\t\t\/* Checking to see if the user has consented to the use of cookies.\n\t\t\t* If they have not, it is deleting the cookie.\n\t\t\t* This will comment for now, until further notice.\n\t\t\t*\/\n\t\t\t\/\/if ( onetrustStorageConsent.C0002 === false ) {\n\t\t\t\/\/\tdocument.cookie=\"_fbp=;expires=Thu, 01 Jan 2010 00:00:00 UTC; path=\/; domain=.boston.com\";\n\t\t\t\/\/}\n\t\t\t\/* Checking if the user has given consent for the cookie C0002.\n\t\t\t* If the user has given consent, the variable consent will be set to 'grant'.\n\t\t\t* If the user has not given consent,the variable consent will be set to 'revoke'.\n\t\t\t* Documentation https:\/\/developers.facebook.com\/docs\/meta-pixel\/implementation\/gdpr\n\t\t\t*\/\n\t\t\tif ( ( onetrustStorageConsent !== null ) && (onetrustStorageConsent.C0002 !== true ) ) {\n\t\t\t\tconsent=\"revoke\";\n\t\t\t}\n\t\t\t\t!function(f,b,e,v,n,t,s){if(f.fbq)return;n=f.fbq=function()\n\t\t{n.callMethod? n.callMethod.apply(n,arguments):n.queue.push(arguments)}\n\t\t;if(!f._fbq)f._fbq=n;\n\t\tn.push=n;n.loaded=!0;n.version='2.0';n.queue=[];t=b.createElement(e);t.async=!0;\n\t\tt.src=v;s=b.getElementsByTagName(e)[0];s.parentNode.insertBefore(t,s)}(window,\n\t\tdocument,'script','https:\/\/connect.facebook.net\/en_US\/fbevents.js');\n\t\tfbq('consent', consent);\n\t\tfbq('init', '813236348753005');\n\t\tfbq('track', \"PageView\");\n\t<\/script><br \/>\n<br \/><br \/>\n<br \/><a href=\"https:\/\/www.boston.com\/culture\/entertainment\/2025\/01\/06\/golden-globes-2025-fashion\/\">Source link <\/a><\/p>","protected":false},"excerpt":{"rendered":"<p>Entretenimento Grande este ano no Globo de Ouro: muito brilho e brilho e um retorno ao glamour da velha escola no tapete vermelho. Al\u00e9m disso: luvas longas de \u00f3pera. Ariana&hellip;<\/p>","protected":false},"author":1,"featured_media":88134,"comment_status":"closed","ping_status":"open","sticky":false,"template":"","format":"standard","meta":{"content-type":"","footnotes":""},"categories":[1],"tags":[],"class_list":["post-88133","post","type-post","status-publish","format-standard","has-post-thumbnail","hentry","category-uncategorized"],"_links":{"self":[{"href":"https:\/\/tvbrazilusa.com\/pt\/wp-json\/wp\/v2\/posts\/88133","targetHints":{"allow":["GET"]}}],"collection":[{"href":"https:\/\/tvbrazilusa.com\/pt\/wp-json\/wp\/v2\/posts"}],"about":[{"href":"https:\/\/tvbrazilusa.com\/pt\/wp-json\/wp\/v2\/types\/post"}],"author":[{"embeddable":true,"href":"https:\/\/tvbrazilusa.com\/pt\/wp-json\/wp\/v2\/users\/1"}],"replies":[{"embeddable":true,"href":"https:\/\/tvbrazilusa.com\/pt\/wp-json\/wp\/v2\/comments?post=88133"}],"version-history":[{"count":1,"href":"https:\/\/tvbrazilusa.com\/pt\/wp-json\/wp\/v2\/posts\/88133\/revisions"}],"predecessor-version":[{"id":88135,"href":"https:\/\/tvbrazilusa.com\/pt\/wp-json\/wp\/v2\/posts\/88133\/revisions\/88135"}],"wp:featuredmedia":[{"embeddable":true,"href":"https:\/\/tvbrazilusa.com\/pt\/wp-json\/wp\/v2\/media\/88134"}],"wp:attachment":[{"href":"https:\/\/tvbrazilusa.com\/pt\/wp-json\/wp\/v2\/media?parent=88133"}],"wp:term":[{"taxonomy":"category","embeddable":true,"href":"https:\/\/tvbrazilusa.com\/pt\/wp-json\/wp\/v2\/categories?post=88133"},{"taxonomy":"post_tag","embeddable":true,"href":"https:\/\/tvbrazilusa.com\/pt\/wp-json\/wp\/v2\/tags?post=88133"}],"curies":[{"name":"wp","href":"https:\/\/api.w.org\/{rel}","templated":true}]}}