{"id":88144,"date":"2025-01-06T13:34:44","date_gmt":"2025-01-06T13:34:44","guid":{"rendered":"https:\/\/tvbrazilusa.com\/2025\/01\/06\/brasil-bate-recorde-de-denuncias-de-trabalho-escravo-alcancando-o-maior-numero-da-historia-do-disque-100\/"},"modified":"2025-01-06T13:34:45","modified_gmt":"2025-01-06T13:34:45","slug":"brasil-bate-recorde-de-denuncias-de-trabalho-escravo-alcancando-o-maior-numero-da-historia-do-disque-100","status":"publish","type":"post","link":"https:\/\/tvbrazilusa.com\/pt\/2025\/01\/06\/brasil-bate-recorde-de-denuncias-de-trabalho-escravo-alcancando-o-maior-numero-da-historia-do-disque-100\/","title":{"rendered":"Brasil bate recorde de den\u00fancias de trabalho escravo, alcan\u00e7ando o maior n\u00famero da hist\u00f3ria do Disque 100"},"content":{"rendered":"<p> <script async src=\"https:\/\/pagead2.googlesyndication.com\/pagead\/js\/adsbygoogle.js?client=ca-pub-8864793242727901\"\r\n     crossorigin=\"anonymous\"><\/script><br \/>\n<\/p>\n<div id=\"taboola-read-more\" style=\"display:block; width:100%\">\n<p>O Brasil registrou, em 2024, o maior n\u00famero de den\u00fancias de trabalho escravo e an\u00e1logo \u00e0 escravid\u00e3o desde o in\u00edcio da s\u00e9rie hist\u00f3rica, conforme dados do Minist\u00e9rio dos Direitos Humanos e da Cidadania obtidos pela GloboNews. No total, foram protocoladas 3.959 den\u00fancias em 12 meses, representando um aumento de 15% em rela\u00e7\u00e3o a 2023 e o maior n\u00famero registrado desde a cria\u00e7\u00e3o do Disque 100, em 2011.\n<\/p>\n<p>O C\u00f3digo Penal, no artigo 149, define trabalho an\u00e1logo \u00e0 escravid\u00e3o como a submiss\u00e3o de pessoas a trabalhos for\u00e7ados ou jornadas exaustivas, sujeitando-as a condi\u00e7\u00f5es degradantes de trabalho ou restringindo sua locomo\u00e7\u00e3o em raz\u00e3o de d\u00edvidas contra\u00eddas com o empregador ou seu preposto.<\/p>\n<p>Segundo o governo, o pa\u00eds vem registrando recordes consecutivos de den\u00fancias desde 2021. Naquele ano, foram contabilizadas 1.918 den\u00fancias, n\u00famero que subiu para 2.089 em 2022 e chegou a 3.430 em 2023. Antes dessa sequ\u00eancia, o maior registro anual havia sido em 2013, com 1.743 den\u00fancias.\n<\/p>\n<p>Os estados de S\u00e3o Paulo, Minas Gerais e Rio de Janeiro lideraram o ranking de den\u00fancias em 2024, seguidos pelo Rio Grande do Sul e Bahia. S\u00e3o Paulo registrou 928 casos, enquanto Minas Gerais contabilizou 523 e o Rio de Janeiro, 371. O Rio Grande do Sul e a Bahia registraram 220 e 211 den\u00fancias, respectivamente.\n<\/p>\n<p>As den\u00fancias podem ser realizadas por meio do Disque 100 e do sistema eletr\u00f4nico Ip\u00ea.              <\/p>\n<\/div>\n<p><br \/>\n<br \/><a href=\"https:\/\/diariodobrasilnoticias.com.br\/noticia\/brasil-bate-recorde-de-denuncias-de-trabalho-escravo-alcancando-o-maior-numero-da-historia-do-disque-100-677bbdadbdf65\">Source link <\/a><\/p>","protected":false},"excerpt":{"rendered":"<p>O Brasil registrou, em 2024, o maior n\u00famero de den\u00fancias de trabalho escravo e an\u00e1logo \u00e0 escravid\u00e3o desde o in\u00edcio da s\u00e9rie hist\u00f3rica, conforme dados do Minist\u00e9rio dos Direitos Humanos&hellip;<\/p>","protected":false},"author":1,"featured_media":88145,"comment_status":"closed","ping_status":"open","sticky":false,"template":"","format":"standard","meta":{"content-type":"","footnotes":""},"categories":[16],"tags":[123,2448,5313,1267],"class_list":["post-88144","post","type-post","status-publish","format-standard","has-post-thumbnail","hentry","category-noticias","tag-brasil","tag-diario","tag-noticia","tag-noticias"],"_links":{"self":[{"href":"https:\/\/tvbrazilusa.com\/pt\/wp-json\/wp\/v2\/posts\/88144","targetHints":{"allow":["GET"]}}],"collection":[{"href":"https:\/\/tvbrazilusa.com\/pt\/wp-json\/wp\/v2\/posts"}],"about":[{"href":"https:\/\/tvbrazilusa.com\/pt\/wp-json\/wp\/v2\/types\/post"}],"author":[{"embeddable":true,"href":"https:\/\/tvbrazilusa.com\/pt\/wp-json\/wp\/v2\/users\/1"}],"replies":[{"embeddable":true,"href":"https:\/\/tvbrazilusa.com\/pt\/wp-json\/wp\/v2\/comments?post=88144"}],"version-history":[{"count":1,"href":"https:\/\/tvbrazilusa.com\/pt\/wp-json\/wp\/v2\/posts\/88144\/revisions"}],"predecessor-version":[{"id":88146,"href":"https:\/\/tvbrazilusa.com\/pt\/wp-json\/wp\/v2\/posts\/88144\/revisions\/88146"}],"wp:featuredmedia":[{"embeddable":true,"href":"https:\/\/tvbrazilusa.com\/pt\/wp-json\/wp\/v2\/media\/88145"}],"wp:attachment":[{"href":"https:\/\/tvbrazilusa.com\/pt\/wp-json\/wp\/v2\/media?parent=88144"}],"wp:term":[{"taxonomy":"category","embeddable":true,"href":"https:\/\/tvbrazilusa.com\/pt\/wp-json\/wp\/v2\/categories?post=88144"},{"taxonomy":"post_tag","embeddable":true,"href":"https:\/\/tvbrazilusa.com\/pt\/wp-json\/wp\/v2\/tags?post=88144"}],"curies":[{"name":"wp","href":"https:\/\/api.w.org\/{rel}","templated":true}]}}