{"id":88147,"date":"2025-01-06T13:20:09","date_gmt":"2025-01-06T13:20:09","guid":{"rendered":"https:\/\/tvbrazilusa.com\/2025\/01\/06\/onda-de-frio-com-ventos-frios-de-um-digito-atingira-a-nova-inglaterra-esta-semana\/"},"modified":"2025-01-06T13:40:23","modified_gmt":"2025-01-06T13:40:23","slug":"onda-de-frio-com-ventos-frios-de-um-digito-atingira-a-nova-inglaterra-esta-semana","status":"publish","type":"post","link":"https:\/\/tvbrazilusa.com\/pt\/2025\/01\/06\/onda-de-frio-com-ventos-frios-de-um-digito-atingira-a-nova-inglaterra-esta-semana\/","title":{"rendered":"Onda de frio com ventos frios de um d\u00edgito atingir\u00e1 a Nova Inglaterra esta semana"},"content":{"rendered":"<p> <script async src=\"https:\/\/pagead2.googlesyndication.com\/pagead\/js\/adsbygoogle.js?client=ca-pub-8864793242727901\"\r\n     crossorigin=\"anonymous\"><\/script><br \/>\n<\/p>\n<div id=\"\">\n<header class=\"m-article-header m-article-header--standard\">\n\t\t\t\t\t\t\t\t\t\t\t\t<span id=\"article-header-primary-term\"><br \/>\n\t\t\t\t\t\t\t\t<a class=\"a-term a-term--primary\" href=\"https:\/\/www.boston.com\/tag\/weather\/\"><\/p>\n<p>\t\t\t\t\t\t\t\tClima\t\t\t\t\t\t\t\t<\/a><br \/>\n\t\t\t\t\t\t\t<\/span><\/p>\n<h2 class=\"m-article-header__sub-headline\">Lembre-se de que a sensa\u00e7\u00e3o t\u00e9rmica \u00e9 medida na pele exposta, portanto, desde que voc\u00ea esteja agasalhado, n\u00e3o h\u00e1 problema em ficar ao ar livre.<\/h2>\n<figure class=\"a-photo m-article-header__photo\"><figcaption class=\"a-photo__caption\">\n<p>\tSem chap\u00e9u ou capuz, o cabelo dan\u00e7ava com os ventos fortes na semana passada na Avenida Massachusetts, em Boston. Ventos fortes combinados com temperaturas abaixo de zero causar\u00e3o calafrios na adolesc\u00eancia e em um d\u00edgito esta semana.<em> Equipe Pat Greenhouse\/Globo<\/em>\t<\/figcaption><\/figure>\n<div class=\"m-article-header__meta\">\n<div class=\"m-article-header__byline\">\n<p class=\"m-article-header__author\">\n<p>\t\t\t\t\t\t\t\tPor David Epstein\t\t\t\t\t\t\t<\/p>\n<p>\t\t\t\t\t\t\t\t\t\t\t\t\t\t\t<time class=\"m-article-header__date\"><\/p>\n<p>\t\t\t\t\t\t\t\t\t6 de janeiro de 2025 | 8h20\t\t\t\t\t\t\t\t<\/time><\/p>\n<p><span>3 minutos para ler<\/span><\/p>\n<\/p><\/div>\n<\/p><\/div>\n<\/header>\n<p>Para muitos, esta ser\u00e1 a primeira semana completa de trabalho em algum tempo e isso pode n\u00e3o parecer t\u00e3o bom. E sem querer exagerar, mas se voc\u00ea n\u00e3o gosta do frio, com certeza vai parecer janeiro na Nova Inglaterra.<\/p>\n<p>A maior hist\u00f3ria clim\u00e1tica desta semana ser\u00e3o os calafrios e, embora as temperaturas estejam na faixa t\u00edpica para este m\u00eas mais frio do ano, o vento far\u00e1 com que voc\u00ea se sinta muito menos confort\u00e1vel e voc\u00ea definitivamente precisar\u00e1 se agasalhar se voc\u00ea for para fora. As rajadas podem atingir at\u00e9 32 quil\u00f4metros por hora hoje na \u00e1rea de Boston.<\/p>\n<p>Durante a maior parte da semana, as leituras permanecer\u00e3o na casa dos 20 graus at\u00e9 perto de 20 no interior e em altitudes mais altas e entre 20 e 20 graus ao longo da costa \u2013 cerca de 10 graus abaixo da m\u00e9dia a cada dia. \u00c0 noite, as temperaturas v\u00e3o continuar bastante baixas porque o vento n\u00e3o vai diminuir tanto.<\/p>\n<p>A sensa\u00e7\u00e3o t\u00e9rmica ser\u00e1 de um d\u00edgito todas as manh\u00e3s e talvez at\u00e9 caia brevemente abaixo de zero em algumas \u00e1reas com rajadas mais fortes.<\/p>\n<p>Lembre-se de que a sensa\u00e7\u00e3o t\u00e9rmica \u00e9 medida na pele exposta, portanto, desde que voc\u00ea esteja agasalhado, n\u00e3o h\u00e1 problema em ficar ao ar livre. N\u00e3o haver\u00e1 avisos ou avisos de sensa\u00e7\u00e3o t\u00e9rmica. Simplesmente n\u00e3o \u00e9 esse tipo de frio.<\/p>\n<p>Em termos de condi\u00e7\u00f5es de c\u00e9u, hoje haver\u00e1 alguma nebulosidade \u00e0 tarde vinda do sul e poder\u00e1 at\u00e9 haver algumas pancadas de neve ao longo da costa sul. O grande <a href=\"https:\/\/www.bostonglobe.com\/2025\/01\/05\/nation\/potent-storm-blasts-parts-us-with-sleet-snow-freezing-rain\/\" target=\"_blank\" rel=\"\" title=\"https:\/\/www.bostonglobe.com\/2025\/01\/05\/nation\/potent-storm-blasts-parts-us-with-sleet-snow-freezing-rain\/\">Tempestade de neve no meio do Atl\u00e2ntico<\/a> estendendo-se do Colorado a Maryland e DC \u00e9 <a href=\"https:\/\/www.weather.gov\/\" target=\"_blank\" rel=\"\" title=\"https:\/\/www.weather.gov\/\">seguindo para o sul<\/a> da Nova Inglaterra e n\u00e3o nos afetar\u00e1.<\/p>\n<p>\u00c9 bastante incomum passar tantos dias seguidos com o vento sendo um fator importante. Veremos uma breve pausa do vento hoje, mas ele voltar\u00e1 a aumentar amanh\u00e3.<\/p>\n<p>As temperaturas devem ficar acima de zero na sexta-feira, portanto n\u00e3o se trata de uma onda de frio prolongada. Caso contr\u00e1rio, procure c\u00e9u parcialmente ensolarado no resto da semana, com c\u00e9u geralmente parcialmente limpo \u00e0 noite.<\/p>\n<p>No domingo, a m\u00e1xima de 34 e a m\u00ednima de 28 foram exatamente m\u00e9dias, mas as temperaturas da tarde foram cerca de 4 graus mais baixas e as temperaturas durante a noite cerca de 4 graus mais altas.<\/p>\n<p>Se voc\u00ea est\u00e1 se perguntando sobre neve ou tempestade, nossa pr\u00f3xima chance ser\u00e1 neste fim de semana. Os modelos ainda n\u00e3o est\u00e3o claros sobre se uma tempestade afetar\u00e1 a Nova Inglaterra no s\u00e1bado ou domingo. \u00c9 poss\u00edvel que tenhamos uma tempestade de neve ou que ela se mova completamente para o mar e n\u00e3o vejamos nada al\u00e9m de algumas nuvens.<\/p>\n<blockquote class=\"twitter-tweet\">\n<p lang=\"en\" dir=\"ltr\">Temos uma semana de tempo seco pela frente. A pr\u00f3xima chance de qualquer precipita\u00e7\u00e3o significativa pode ocorrer no pr\u00f3ximo fim de semana. Algo para ficar de olho. <a href=\"https:\/\/twitter.com\/IkonPass?ref_src=twsrc%5Etfw\">@IkonPass<\/a> <a href=\"https:\/\/twitter.com\/hashtag\/ikonpass?src=hash&#038;ref_src=twsrc%5Etfw\">#ikonpass<\/a> <a href=\"https:\/\/twitter.com\/hashtag\/Sponsored?src=hash&#038;ref_src=twsrc%5Etfw\">#Patrocinado<\/a> <a href=\"https:\/\/t.co\/3dYmmBnKqy\">pic.twitter.com\/3dYmmBnKqy<\/a><\/p>\n<p>-Dave Epstein (@growingwisdom) <a href=\"https:\/\/twitter.com\/growingwisdom\/status\/1875635578747941005?ref_src=twsrc%5Etfw\">4 de janeiro de 2025<\/a><\/p>\n<\/blockquote>\n<p>Ainda vai demorar mais alguns dias para que a previs\u00e3o se solidifique em uma dire\u00e7\u00e3o ou outra, mas \u00e9 algo para ficarmos atentos.<\/p>\n<p>Por fim, se voc\u00ea n\u00e3o \u00e9 f\u00e3 do inverno, estamos <a href=\"https:\/\/www.bostonglobe.com\/2024\/12\/19\/metro\/boston-winter-solstice-sunset-time\/\" target=\"_blank\" rel=\"\" title=\"https:\/\/www.bostonglobe.com\/2024\/12\/19\/metro\/boston-winter-solstice-sunset-time\/\">ganhando luz do dia em ambas as extremidades<\/a> do dia e aumentando a luz do dia em quase 10 minutos esta semana.<\/p>\n<h2 class=\"wp-block-heading\" id=\"h-monday-s-breakdown\"><b>Reparti\u00e7\u00e3o de segunda-feira<\/b><\/h2>\n<p><b>Sul da Nova Inglaterra: <\/b>Procure alguma nebulosidade \u00e0 tarde e temperaturas frias. Os ventos ser\u00e3o fracos, mas aumentar\u00e3o durante a noite. As temperaturas permanecer\u00e3o abaixo de zero hoje e amanh\u00e3.<\/p>\n<p><b>Missa Ocidental.:<\/b> Muito sol com algumas nuvens \u00e0 tarde e temperaturas na casa dos 20 graus hoje, mas apenas na casa dos 20 graus amanh\u00e3, com mais vento e calafrios pr\u00f3ximos de zero.<\/p>\n<p><b>Cabo e Ilhas: <\/b>Procure nebulosidade e talvez uma breve agita\u00e7\u00e3o sobre as ilhas. As temperaturas ficar\u00e3o em torno de 30. Procure leituras pr\u00f3ximas de zero amanh\u00e3 com rajadas de vento.<\/p>\n<p><b>Norte da Nova Inglaterra: <\/b>Procure c\u00e9u predominantemente ensolarado e ventos fracos a moderados hoje, com mais vento amanh\u00e3. As temperaturas cair\u00e3o na faixa dos 20 anos.<\/p>\n<\/p><\/div>\n<p><script async src=\"\/\/platform.twitter.com\/widgets.js\" charset=\"utf-8\"><\/script><script>\n\t\tvar consent=\"grant\";\n\t\t\/* The above code is parsing the JSON data from the local storage and storing it in a variable. *\/\n\t\t\t\t\tconst onetrustStorageConsent = JSON.parse(localStorage.getItem( 'consent_one_trust_bdc' ) );\n\t\t\tif ( ( onetrustStorageConsent !== null ) ) {\n\t\t\t\t\/* Checking to see if the user has consented to the use of cookies.\n\t\t\t\t* If they have not, it is deleting the cookie.\n\t\t\t\t* This will comment for now, until further notice.\n\t\t\t\t*\/\n\t\t\t\t\/\/if ( onetrustStorageConsent.C0002 === false ) {\n\t\t\t\t\/\/\tdocument.cookie=\"_fbp=;expires=Thu, 01 Jan 2010 00:00:00 UTC; path=\/; domain=.boston.com\";\n\t\t\t\t\/\/}\n\t\t\t\t\/* Checking if the user has given consent for the cookie C0002.\n\t\t\t\t* If the user has given consent, the variable consent will be set to 'grant'.\n\t\t\t\t* If the user has not given consent,the variable consent will be set to 'revoke'.\n\t\t\t\t* Documentation https:\/\/developers.facebook.com\/docs\/meta-pixel\/implementation\/gdpr\n\t\t\t\t*\/\n\t\t\t\tif ( onetrustStorageConsent.C0002 !== true ) {\n\t\t\t\t\tconsent=\"revoke\";\n\t\t\t\t}\n\t\t\t}\n\t\t\t\t!function(f,b,e,v,n,t,s)\n\t\t{if(f.fbq)return;n=f.fbq=function(){n.callMethod?\n\t\tn.callMethod.apply(n,arguments):n.queue.push(arguments)};\n\t\tif(!f._fbq)f._fbq=n;n.push=n;n.loaded=!0;n.version='2.0';\n\t\tn.queue=[];t=b.createElement(e);t.async=!0;\n\t\tt.src=v;s=b.getElementsByTagName(e)[0];\n\t\ts.parentNode.insertBefore(t,s)}(window, document,'script',\n\t\t'https:\/\/connect.facebook.net\/en_US\/fbevents.js');\n\t\tfbq('consent', consent);\n\t\tfbq('init', '989222871864976');\n\t\tfbq('track', 'PageView');\n\t<\/script><script type=\"module\">\n\t\tvar consent=\"grant\";\n\t\t\/* The above code is parsing the JSON data from the local storage and storing it in a variable. *\/\n\t\t\tconst onetrustStorageConsent = JSON.parse(localStorage.getItem( 'consent_one_trust_bdc' ) );\n\t\t\t\/* Checking to see if the user has consented to the use of cookies.\n\t\t\t* If they have not, it is deleting the cookie.\n\t\t\t* This will comment for now, until further notice.\n\t\t\t*\/\n\t\t\t\/\/if ( onetrustStorageConsent.C0002 === false ) {\n\t\t\t\/\/\tdocument.cookie=\"_fbp=;expires=Thu, 01 Jan 2010 00:00:00 UTC; path=\/; domain=.boston.com\";\n\t\t\t\/\/}\n\t\t\t\/* Checking if the user has given consent for the cookie C0002.\n\t\t\t* If the user has given consent, the variable consent will be set to 'grant'.\n\t\t\t* If the user has not given consent,the variable consent will be set to 'revoke'.\n\t\t\t* Documentation https:\/\/developers.facebook.com\/docs\/meta-pixel\/implementation\/gdpr\n\t\t\t*\/\n\t\t\tif ( ( onetrustStorageConsent !== null ) && (onetrustStorageConsent.C0002 !== true ) ) {\n\t\t\t\tconsent=\"revoke\";\n\t\t\t}\n\t\t\t\t!function(f,b,e,v,n,t,s){if(f.fbq)return;n=f.fbq=function()\n\t\t{n.callMethod? n.callMethod.apply(n,arguments):n.queue.push(arguments)}\n\t\t;if(!f._fbq)f._fbq=n;\n\t\tn.push=n;n.loaded=!0;n.version='2.0';n.queue=[];t=b.createElement(e);t.async=!0;\n\t\tt.src=v;s=b.getElementsByTagName(e)[0];s.parentNode.insertBefore(t,s)}(window,\n\t\tdocument,'script','https:\/\/connect.facebook.net\/en_US\/fbevents.js');\n\t\tfbq('consent', consent);\n\t\tfbq('init', '813236348753005');\n\t\tfbq('track', \"PageView\");\n\t<\/script><br \/>\n<br \/><br \/>\n<br \/><a href=\"https:\/\/www.boston.com\/weather\/weather\/2025\/01\/06\/cold-snap-with-single-digit-wind-chills-to-grip-new-england-this-week\/\">Source link <\/a><\/p>","protected":false},"excerpt":{"rendered":"<p>Clima Lembre-se de que a sensa\u00e7\u00e3o t\u00e9rmica \u00e9 medida na pele exposta, portanto, desde que voc\u00ea esteja agasalhado, n\u00e3o h\u00e1 problema em ficar ao ar livre. Sem chap\u00e9u ou capuz,&hellip;<\/p>","protected":false},"author":1,"featured_media":88148,"comment_status":"closed","ping_status":"open","sticky":false,"template":"","format":"standard","meta":{"content-type":"","footnotes":""},"categories":[1],"tags":[],"class_list":["post-88147","post","type-post","status-publish","format-standard","has-post-thumbnail","hentry","category-uncategorized"],"_links":{"self":[{"href":"https:\/\/tvbrazilusa.com\/pt\/wp-json\/wp\/v2\/posts\/88147","targetHints":{"allow":["GET"]}}],"collection":[{"href":"https:\/\/tvbrazilusa.com\/pt\/wp-json\/wp\/v2\/posts"}],"about":[{"href":"https:\/\/tvbrazilusa.com\/pt\/wp-json\/wp\/v2\/types\/post"}],"author":[{"embeddable":true,"href":"https:\/\/tvbrazilusa.com\/pt\/wp-json\/wp\/v2\/users\/1"}],"replies":[{"embeddable":true,"href":"https:\/\/tvbrazilusa.com\/pt\/wp-json\/wp\/v2\/comments?post=88147"}],"version-history":[{"count":1,"href":"https:\/\/tvbrazilusa.com\/pt\/wp-json\/wp\/v2\/posts\/88147\/revisions"}],"predecessor-version":[{"id":88149,"href":"https:\/\/tvbrazilusa.com\/pt\/wp-json\/wp\/v2\/posts\/88147\/revisions\/88149"}],"wp:featuredmedia":[{"embeddable":true,"href":"https:\/\/tvbrazilusa.com\/pt\/wp-json\/wp\/v2\/media\/88148"}],"wp:attachment":[{"href":"https:\/\/tvbrazilusa.com\/pt\/wp-json\/wp\/v2\/media?parent=88147"}],"wp:term":[{"taxonomy":"category","embeddable":true,"href":"https:\/\/tvbrazilusa.com\/pt\/wp-json\/wp\/v2\/categories?post=88147"},{"taxonomy":"post_tag","embeddable":true,"href":"https:\/\/tvbrazilusa.com\/pt\/wp-json\/wp\/v2\/tags?post=88147"}],"curies":[{"name":"wp","href":"https:\/\/api.w.org\/{rel}","templated":true}]}}