{"id":88150,"date":"2025-01-05T23:55:26","date_gmt":"2025-01-05T23:55:26","guid":{"rendered":"https:\/\/tvbrazilusa.com\/2025\/01\/05\/show-da-manha-governo-e-consorcio-reforcam-narrativa-do-golpe-06-01-2025\/"},"modified":"2025-01-05T23:55:26","modified_gmt":"2025-01-05T23:55:26","slug":"show-da-manha-governo-e-consorcio-reforcam-narrativa-do-golpe-06-01-2025","status":"publish","type":"post","link":"https:\/\/tvbrazilusa.com\/pt\/2025\/01\/05\/show-da-manha-governo-e-consorcio-reforcam-narrativa-do-golpe-06-01-2025\/","title":{"rendered":"SHOW DA MANH\u00c3 &#8211; GOVERNO E CONS\u00d3RCIO REFOR\u00c7AM \u201cNARRATIVA DO GOLPE\u201d\u00a0&#8211;\u00a006\/01\/2025"},"content":{"rendered":"<p><iframe  width=\"580\" height=\"385\" src=\"https:\/\/www.youtube.com\/embed\/-KyL3Gl4MLQ?modestbranding=1\" frameborder=\"0\" allowfullscreen><\/iframe><br \/>\n<br \/>Apresentado por Marco Ant\u00f4nio Costa. Convidados de hoje: PHVox e Gustavo Lopes. Participa\u00e7\u00e3o especial: Ernesto Ara\u00fajo. O Show da Manh\u00e3 vai ao ar de segunda a sexta, das 10h \u00e0s 12h.<\/p>\n<p>\ud83d\udd25 \u00daLTIMO DIA DA PROMO\u00c7\u00c3O! ASSINE O DEZ A FIO E GANHE O CLUBE DA LUTA\u00a0DE\u00a0PRESENTE! \ud83d\udc49 <\/p>\n<p>\ud83d\udd25 OS MELHORES LIVROS COM OS MELHORES PRE\u00c7OS! \ud83d\udc49 <\/p>\n<p>Inscreva-se no nosso Canal!<\/p>\n<p>Ou\u00e7a no Spotify: <\/p>\n<p>Siga no Instagram:<\/p>\n<p>Fio Di\u00e1rio: <\/p>\n<p>Marco Ant\u00f4nio Costa: <\/p>\n<p><a href=\"https:\/\/www.youtube.com\/watch?v=-KyL3Gl4MLQ\">source<\/a><\/p>","protected":false},"excerpt":{"rendered":"<p>Apresentado por Marco Ant\u00f4nio Costa. Convidados de hoje: PHVox e Gustavo Lopes. Participa\u00e7\u00e3o especial: Ernesto Ara\u00fajo. O Show da Manh\u00e3 vai ao ar de segunda a sexta, das 10h \u00e0s&hellip;<\/p>","protected":false},"author":1,"featured_media":88151,"comment_status":"","ping_status":"open","sticky":false,"template":"","format":"standard","meta":{"content-type":"","footnotes":""},"categories":[17],"tags":[974,32228,336,557,691,17625,63],"class_list":["post-88150","post","type-post","status-publish","format-standard","has-post-thumbnail","hentry","category-programas","tag-consorcio","tag-golpe06012025","tag-governo","tag-manha","tag-narrativa","tag-reforcam","tag-show"],"_links":{"self":[{"href":"https:\/\/tvbrazilusa.com\/pt\/wp-json\/wp\/v2\/posts\/88150","targetHints":{"allow":["GET"]}}],"collection":[{"href":"https:\/\/tvbrazilusa.com\/pt\/wp-json\/wp\/v2\/posts"}],"about":[{"href":"https:\/\/tvbrazilusa.com\/pt\/wp-json\/wp\/v2\/types\/post"}],"author":[{"embeddable":true,"href":"https:\/\/tvbrazilusa.com\/pt\/wp-json\/wp\/v2\/users\/1"}],"replies":[{"embeddable":true,"href":"https:\/\/tvbrazilusa.com\/pt\/wp-json\/wp\/v2\/comments?post=88150"}],"version-history":[{"count":0,"href":"https:\/\/tvbrazilusa.com\/pt\/wp-json\/wp\/v2\/posts\/88150\/revisions"}],"wp:featuredmedia":[{"embeddable":true,"href":"https:\/\/tvbrazilusa.com\/pt\/wp-json\/wp\/v2\/media\/88151"}],"wp:attachment":[{"href":"https:\/\/tvbrazilusa.com\/pt\/wp-json\/wp\/v2\/media?parent=88150"}],"wp:term":[{"taxonomy":"category","embeddable":true,"href":"https:\/\/tvbrazilusa.com\/pt\/wp-json\/wp\/v2\/categories?post=88150"},{"taxonomy":"post_tag","embeddable":true,"href":"https:\/\/tvbrazilusa.com\/pt\/wp-json\/wp\/v2\/tags?post=88150"}],"curies":[{"name":"wp","href":"https:\/\/api.w.org\/{rel}","templated":true}]}}