{"id":88163,"date":"2025-01-06T14:06:17","date_gmt":"2025-01-06T14:06:17","guid":{"rendered":"https:\/\/tvbrazilusa.com\/2025\/01\/06\/veja-quanto-lula-gastou-em-voos-da-fab-para-fazer-palanque-nas-eleicoes-municipais\/"},"modified":"2025-01-06T14:06:18","modified_gmt":"2025-01-06T14:06:18","slug":"veja-quanto-lula-gastou-em-voos-da-fab-para-fazer-palanque-nas-eleicoes-municipais","status":"publish","type":"post","link":"https:\/\/tvbrazilusa.com\/pt\/2025\/01\/06\/veja-quanto-lula-gastou-em-voos-da-fab-para-fazer-palanque-nas-eleicoes-municipais\/","title":{"rendered":"Veja quanto Lula gastou em voos da FAB para fazer palanque nas elei\u00e7\u00f5es municipais"},"content":{"rendered":"<p> <script async src=\"https:\/\/pagead2.googlesyndication.com\/pagead\/js\/adsbygoogle.js?client=ca-pub-8864793242727901\"\r\n     crossorigin=\"anonymous\"><\/script><br \/>\n<\/p>\n<div id=\"taboola-read-more\" style=\"display:block; width:100%\">\n<p>Os voos do presidente Luiz In\u00e1cio Lula da Silva (PT) em avi\u00f5es da For\u00e7a A\u00e9rea Brasileira (FAB) durante a campanha eleitoral de 2024 somaram um custo de R$ 1,4 milh\u00e3o. A informa\u00e7\u00e3o foi obtida pelo portal Metr\u00f3poles por meio da Lei de Acesso \u00e0 Informa\u00e7\u00e3o (LAI).\n<\/p>\n<p>Principal figura da campanha da esquerda, Lula utilizou a FAB em 12 viagens durante as elei\u00e7\u00f5es municipais do ano passado.<\/p>\n<p>De acordo com a Secretaria de Controle Interno da Presid\u00eancia da Rep\u00fablica, \u201cn\u00e3o houve deslocamentos em viagens do presidente da Rep\u00fablica com agenda exclusivamente eleitoral, ou seja, envolveram compromissos oficiais e eventos de campanha\u201d.\n<\/p>\n<p>O valor de R$ 1,4 milh\u00e3o foi cobrado pela FAB e quitado pelo Partido dos Trabalhadores (PT) em dezembro, com recursos do fundo partid\u00e1rio.\n<\/p>\n<p>O pagamento foi declarado \u00e0 Justi\u00e7a Eleitoral, segundo informou o PT ao portal, e est\u00e1 documentado na presta\u00e7\u00e3o de contas eleitorais do Diret\u00f3rio Nacional do partido.\n<\/p>\n<p>O PT informou ao Metr\u00f3poles que os voos da FAB inclu\u00edram os seguintes compromissos:\n<\/p>\n<p>Conven\u00e7\u00e3o do PT para elei\u00e7\u00f5es em S\u00e3o Bernardo (SP);<br \/>Com\u00edcio na Pra\u00e7a do Ferreira, Fortaleza (CE);<br \/>Com\u00edcio na Avenida Paulistana, Natal (RN);<br \/>Com\u00edcio em Cama\u00e7ari (BA);<br \/>Com\u00edcios em Diadema (SP) e Mau\u00e1 (SP);<br \/>Conven\u00e7\u00e3o do PSOL para elei\u00e7\u00f5es em S\u00e3o Paulo (SP);<br \/>Conven\u00e7\u00e3o do PT para elei\u00e7\u00f5es em Fortaleza (CE);<br \/>Reuni\u00f5es pol\u00edticas no Campo Limpo e S\u00e3o Miguel Paulista (SP);<br \/>Caminhada na Avenida Paulista, S\u00e3o Paulo (SP).\n<\/p>\n<p>Al\u00e9m de voos da FAB, deslocamento por terra custou R$ 46,5 mil<br \/>Lula utilizou diferentes aeronaves da FAB, incluindo avi\u00f5es e helic\u00f3pteros, para agendas oficiais combinadas com compromissos eleitorais.\n<\/p>\n<p>O custo por quil\u00f4metro percorrido nos avi\u00f5es presidenciais \u2013 Airbus VC-1 (ACJ 319) e VC-2 (Embraer 190) \u2013 foi de R$ 182,48.<br \/>No caso dos helic\u00f3pteros, o custo variou entre R$ 24 mil e R$ 15 mil por hora de voo, dependendo do modelo.\n<\/p>\n<p>O \u00f3rg\u00e3o vinculado ao Minist\u00e9rio da Casa Civil, no entanto, n\u00e3o divulgou o total de quil\u00f4metros percorridos, as cidades de origem ou as datas espec\u00edficas dos voos.\n<\/p>\n<p>Al\u00e9m disso, o transporte terrestre para compromissos de campanha gerou um custo adicional de R$ 46,5 mil, que tamb\u00e9m foi reembolsado pelo PT.\n<\/p>\n<p>A legenda pagou duas Guias de Recolhimento da Uni\u00e3o (GRU): a primeira, no valor de R$ 31,1 mil, quitada em 4 de dezembro; e a segunda, de R$ 1,4 milh\u00e3o, paga em 12 de novembro.\n<\/p>\n<p>As guias foram emitidas, respectivamente, com o nome dos seguintes contribuintes: Diret\u00f3rio Nacional do Partido Nacional dos Trabalhadores e PT\/Psol Coliga\u00e7\u00e3o Amor por SP.\n<\/p>\n<p>Segundo uma resolu\u00e7\u00e3o do Tribunal Superior Eleitoral (TSE), partidos ou coliga\u00e7\u00f5es devem reembolsar os cofres da Uni\u00e3o quando o presidente utiliza transporte oficial para compromissos de campanha.<\/p>\n<p>Fonte: Revista Oeste              <\/p>\n<\/div>\n<p><br \/>\n<br \/><a href=\"https:\/\/diariodobrasilnoticias.com.br\/noticia\/veja-quanto-lula-gastou-em-voos-da-fab-para-fazer-palanque-nas-eleicoes-municipais-677bdb643e19f\">Source link <\/a><\/p>","protected":false},"excerpt":{"rendered":"<p>Os voos do presidente Luiz In\u00e1cio Lula da Silva (PT) em avi\u00f5es da For\u00e7a A\u00e9rea Brasileira (FAB) durante a campanha eleitoral de 2024 somaram um custo de R$ 1,4 milh\u00e3o.&hellip;<\/p>","protected":false},"author":1,"featured_media":88164,"comment_status":"closed","ping_status":"open","sticky":false,"template":"","format":"standard","meta":{"content-type":"","footnotes":""},"categories":[16],"tags":[123,2448,5313,1267],"class_list":["post-88163","post","type-post","status-publish","format-standard","has-post-thumbnail","hentry","category-noticias","tag-brasil","tag-diario","tag-noticia","tag-noticias"],"_links":{"self":[{"href":"https:\/\/tvbrazilusa.com\/pt\/wp-json\/wp\/v2\/posts\/88163","targetHints":{"allow":["GET"]}}],"collection":[{"href":"https:\/\/tvbrazilusa.com\/pt\/wp-json\/wp\/v2\/posts"}],"about":[{"href":"https:\/\/tvbrazilusa.com\/pt\/wp-json\/wp\/v2\/types\/post"}],"author":[{"embeddable":true,"href":"https:\/\/tvbrazilusa.com\/pt\/wp-json\/wp\/v2\/users\/1"}],"replies":[{"embeddable":true,"href":"https:\/\/tvbrazilusa.com\/pt\/wp-json\/wp\/v2\/comments?post=88163"}],"version-history":[{"count":1,"href":"https:\/\/tvbrazilusa.com\/pt\/wp-json\/wp\/v2\/posts\/88163\/revisions"}],"predecessor-version":[{"id":88165,"href":"https:\/\/tvbrazilusa.com\/pt\/wp-json\/wp\/v2\/posts\/88163\/revisions\/88165"}],"wp:featuredmedia":[{"embeddable":true,"href":"https:\/\/tvbrazilusa.com\/pt\/wp-json\/wp\/v2\/media\/88164"}],"wp:attachment":[{"href":"https:\/\/tvbrazilusa.com\/pt\/wp-json\/wp\/v2\/media?parent=88163"}],"wp:term":[{"taxonomy":"category","embeddable":true,"href":"https:\/\/tvbrazilusa.com\/pt\/wp-json\/wp\/v2\/categories?post=88163"},{"taxonomy":"post_tag","embeddable":true,"href":"https:\/\/tvbrazilusa.com\/pt\/wp-json\/wp\/v2\/tags?post=88163"}],"curies":[{"name":"wp","href":"https:\/\/api.w.org\/{rel}","templated":true}]}}