{"id":88177,"date":"2025-01-06T14:30:54","date_gmt":"2025-01-06T14:30:54","guid":{"rendered":"https:\/\/tvbrazilusa.com\/2025\/01\/06\/instagram-encerrara-servico-de-filtros-em-janeiro\/"},"modified":"2025-01-06T14:30:56","modified_gmt":"2025-01-06T14:30:56","slug":"instagram-encerrara-servico-de-filtros-em-janeiro","status":"publish","type":"post","link":"https:\/\/tvbrazilusa.com\/pt\/2025\/01\/06\/instagram-encerrara-servico-de-filtros-em-janeiro\/","title":{"rendered":"Instagram encerrar\u00e1 servi\u00e7o de filtros em janeiro"},"content":{"rendered":"<p> <script async src=\"https:\/\/pagead2.googlesyndication.com\/pagead\/js\/adsbygoogle.js?client=ca-pub-8864793242727901\"\r\n     crossorigin=\"anonymous\"><\/script><br \/>\n<\/p>\n<div id=\"taboola-read-more\" style=\"display:block; width:100%\">\n<p>Em 14 de janeiro de 2025, o Instagram deixar\u00e1 de disponibilizar filtros criados por usu\u00e1rios, como parte de uma reformula\u00e7\u00e3o financeira liderada pela Meta. Esse an\u00fancio j\u00e1 est\u00e1 estimulando discuss\u00f5es entre os usu\u00e1rios dedicados e criadores de conte\u00fado que usam essa funcionalidade extensivamente.\n<\/p>\n<p>Embora a mudan\u00e7a traga um impacto not\u00e1vel, especialmente para quem comercializa filtros personalizados, \u00e9 importante notar que os efeitos desenvolvidos pela pr\u00f3pria Meta permanecer\u00e3o dispon\u00edveis. Essa estrat\u00e9gia poder\u00e1 transformar a forma como os criadores de conte\u00fado utilizam a plataforma, mas n\u00e3o significa o fim dos filtros no Instagram.<\/p>\n<p>Meta e o Futuro dos Filtros: A Chegada do Move Gen\n<\/p>\n<p>Para preencher o vazio deixado pelos filtros personalizados, a Meta est\u00e1 trabalhando na cria\u00e7\u00e3o do Move Gen, uma intelig\u00eancia artificial inovadora. Essa ferramenta promete permitir a modifica\u00e7\u00e3o de quase todos os aspectos dos v\u00eddeos usando comandos de texto simples, introduzindo uma nova intera\u00e7\u00e3o na edi\u00e7\u00e3o de conte\u00fados digitais. Embora ainda sem data definida para lan\u00e7amento, espera-se que o Move Gen seja disponibilizado em 2025.\n<\/p>\n<p>Impacto nas Estrat\u00e9gias dos Criadores de Conte\u00fado<br \/>Com a remo\u00e7\u00e3o dos filtros personalizados, criadores de conte\u00fado e desenvolvedores que os utilizam para marketing ou como produtos comerciais enfrentam um impacto direto. A Meta sugere que esses criadores fa\u00e7am o download e organizem seus filtros em portfolios para exibir suas habilidades criativas e manter um registro de seu trabalho.\n<\/p>\n<p>O Que Muda para os Usu\u00e1rios do Instagram?<br \/>Para usu\u00e1rios que gostam de adicionar filtros de terceiros \u00e0s suas fotos e hist\u00f3rias, a mudan\u00e7a pode ser inicialmente decepcionante. No entanto, com a perman\u00eancia dos filtros oficiais da Meta e a introdu\u00e7\u00e3o potencial do Move Gen, a experi\u00eancia no Instagram pode n\u00e3o apenas se adaptar, mas melhorar ao longo do tempo.\n<\/p>\n<p>Embora haja incerteza sobre o impacto das mudan\u00e7as na din\u00e2mica da plataforma, a inova\u00e7\u00e3o da Meta sinaliza uma nova era de personaliza\u00e7\u00e3o e criatividade digital, garantindo que o Instagram continue a ser relevante e evolua constantemente.<\/p>\n<p>Fonte: O antagonista              <\/p>\n<\/div>\n<p><br \/>\n<br \/><a href=\"https:\/\/diariodobrasilnoticias.com.br\/noticia\/instagram-encerrara-servico-de-filtros-em-janeiro-677bcfcd23693\">Source link <\/a><\/p>","protected":false},"excerpt":{"rendered":"<p>Em 14 de janeiro de 2025, o Instagram deixar\u00e1 de disponibilizar filtros criados por usu\u00e1rios, como parte de uma reformula\u00e7\u00e3o financeira liderada pela Meta. Esse an\u00fancio j\u00e1 est\u00e1 estimulando discuss\u00f5es&hellip;<\/p>","protected":false},"author":1,"featured_media":88178,"comment_status":"closed","ping_status":"open","sticky":false,"template":"","format":"standard","meta":{"content-type":"","footnotes":""},"categories":[16],"tags":[123,2448,5313,1267],"class_list":["post-88177","post","type-post","status-publish","format-standard","has-post-thumbnail","hentry","category-noticias","tag-brasil","tag-diario","tag-noticia","tag-noticias"],"_links":{"self":[{"href":"https:\/\/tvbrazilusa.com\/pt\/wp-json\/wp\/v2\/posts\/88177","targetHints":{"allow":["GET"]}}],"collection":[{"href":"https:\/\/tvbrazilusa.com\/pt\/wp-json\/wp\/v2\/posts"}],"about":[{"href":"https:\/\/tvbrazilusa.com\/pt\/wp-json\/wp\/v2\/types\/post"}],"author":[{"embeddable":true,"href":"https:\/\/tvbrazilusa.com\/pt\/wp-json\/wp\/v2\/users\/1"}],"replies":[{"embeddable":true,"href":"https:\/\/tvbrazilusa.com\/pt\/wp-json\/wp\/v2\/comments?post=88177"}],"version-history":[{"count":1,"href":"https:\/\/tvbrazilusa.com\/pt\/wp-json\/wp\/v2\/posts\/88177\/revisions"}],"predecessor-version":[{"id":88179,"href":"https:\/\/tvbrazilusa.com\/pt\/wp-json\/wp\/v2\/posts\/88177\/revisions\/88179"}],"wp:featuredmedia":[{"embeddable":true,"href":"https:\/\/tvbrazilusa.com\/pt\/wp-json\/wp\/v2\/media\/88178"}],"wp:attachment":[{"href":"https:\/\/tvbrazilusa.com\/pt\/wp-json\/wp\/v2\/media?parent=88177"}],"wp:term":[{"taxonomy":"category","embeddable":true,"href":"https:\/\/tvbrazilusa.com\/pt\/wp-json\/wp\/v2\/categories?post=88177"},{"taxonomy":"post_tag","embeddable":true,"href":"https:\/\/tvbrazilusa.com\/pt\/wp-json\/wp\/v2\/tags?post=88177"}],"curies":[{"name":"wp","href":"https:\/\/api.w.org\/{rel}","templated":true}]}}