{"id":88183,"date":"2025-01-06T14:43:30","date_gmt":"2025-01-06T14:43:30","guid":{"rendered":"https:\/\/tvbrazilusa.com\/2025\/01\/06\/morre-sobrevivente-da-bomba-atomica-de-nagasaki\/"},"modified":"2025-01-06T14:43:32","modified_gmt":"2025-01-06T14:43:32","slug":"morre-sobrevivente-da-bomba-atomica-de-nagasaki","status":"publish","type":"post","link":"https:\/\/tvbrazilusa.com\/pt\/2025\/01\/06\/morre-sobrevivente-da-bomba-atomica-de-nagasaki\/","title":{"rendered":"Morre sobrevivente da Bomba At\u00f4mica de Nagasaki"},"content":{"rendered":"<p> <script async src=\"https:\/\/pagead2.googlesyndication.com\/pagead\/js\/adsbygoogle.js?client=ca-pub-8864793242727901\"\r\n     crossorigin=\"anonymous\"><\/script><br \/>\n<\/p>\n<div id=\"taboola-read-more\" style=\"display:block; width:100%\">\n<p>Shigemi Fukahori, um dos \u00faltimos sobreviventes do devastador bombardeio at\u00f4mico de Nagasaki em 1945, faleceu aos 93 anos, no \u00faltimo dia 3 de janeiro, em um hospital na cidade de Nagasaki, no sudoeste do Jap\u00e3o. A not\u00edcia foi confirmada pela Igreja Cat\u00f3lica Urakami, local onde Fukahori orava diariamente at\u00e9 o ano passado. De acordo com a m\u00eddia local, a causa de sua morte foi a velhice.\n<\/p>\n<p>Aos 14 anos, Fukahori testemunhou o horror do ataque nuclear que matou dezenas de milhares de pessoas, incluindo membros de sua pr\u00f3pria fam\u00edlia. O bombardeio aconteceu tr\u00eas dias ap\u00f3s o ataque a Hiroshima, que deixou 140 mil mortos, e foi um dos eventos decisivos para a rendi\u00e7\u00e3o do Jap\u00e3o e o fim da Segunda Guerra Mundial.<\/p>\n<p>Durante toda sua vida, Fukahori se dedicou a promover a paz e a mem\u00f3ria das v\u00edtimas da bomba at\u00f4mica. Por anos, ele foi incapaz de falar sobre os horrores que presenciou, mas com o tempo, se tornou um defensor ativo contra o uso de armas nucleares.\n<\/p>\n<p>Em 2019, como s\u00edmbolo de seu compromisso com a paz, ele entregou uma coroa de flores ao Papa Francisco durante a visita do pont\u00edfice a Nagasaki. No ano seguinte, Fukahori participou de uma cerim\u00f4nia significativa em que reafirmou sua promessa de tornar Nagasaki o \u00faltimo lugar a sofrer um ataque nuclear.<\/p>\n<p>Fonte: Gazeta Brasil              <\/p>\n<\/div>\n<p><br \/>\n<br \/><a href=\"https:\/\/diariodobrasilnoticias.com.br\/noticia\/morre-sobrevivente-da-bomba-atomica-de-nagasaki-677bd80dc5f6d\">Source link <\/a><\/p>","protected":false},"excerpt":{"rendered":"<p>Shigemi Fukahori, um dos \u00faltimos sobreviventes do devastador bombardeio at\u00f4mico de Nagasaki em 1945, faleceu aos 93 anos, no \u00faltimo dia 3 de janeiro, em um hospital na cidade de&hellip;<\/p>","protected":false},"author":1,"featured_media":88184,"comment_status":"closed","ping_status":"open","sticky":false,"template":"","format":"standard","meta":{"content-type":"","footnotes":""},"categories":[16],"tags":[123,2448,5313,1267],"class_list":["post-88183","post","type-post","status-publish","format-standard","has-post-thumbnail","hentry","category-noticias","tag-brasil","tag-diario","tag-noticia","tag-noticias"],"_links":{"self":[{"href":"https:\/\/tvbrazilusa.com\/pt\/wp-json\/wp\/v2\/posts\/88183","targetHints":{"allow":["GET"]}}],"collection":[{"href":"https:\/\/tvbrazilusa.com\/pt\/wp-json\/wp\/v2\/posts"}],"about":[{"href":"https:\/\/tvbrazilusa.com\/pt\/wp-json\/wp\/v2\/types\/post"}],"author":[{"embeddable":true,"href":"https:\/\/tvbrazilusa.com\/pt\/wp-json\/wp\/v2\/users\/1"}],"replies":[{"embeddable":true,"href":"https:\/\/tvbrazilusa.com\/pt\/wp-json\/wp\/v2\/comments?post=88183"}],"version-history":[{"count":1,"href":"https:\/\/tvbrazilusa.com\/pt\/wp-json\/wp\/v2\/posts\/88183\/revisions"}],"predecessor-version":[{"id":88185,"href":"https:\/\/tvbrazilusa.com\/pt\/wp-json\/wp\/v2\/posts\/88183\/revisions\/88185"}],"wp:featuredmedia":[{"embeddable":true,"href":"https:\/\/tvbrazilusa.com\/pt\/wp-json\/wp\/v2\/media\/88184"}],"wp:attachment":[{"href":"https:\/\/tvbrazilusa.com\/pt\/wp-json\/wp\/v2\/media?parent=88183"}],"wp:term":[{"taxonomy":"category","embeddable":true,"href":"https:\/\/tvbrazilusa.com\/pt\/wp-json\/wp\/v2\/categories?post=88183"},{"taxonomy":"post_tag","embeddable":true,"href":"https:\/\/tvbrazilusa.com\/pt\/wp-json\/wp\/v2\/tags?post=88183"}],"curies":[{"name":"wp","href":"https:\/\/api.w.org\/{rel}","templated":true}]}}