{"id":88186,"date":"2025-01-06T14:42:55","date_gmt":"2025-01-06T14:42:55","guid":{"rendered":"https:\/\/tvbrazilusa.com\/2025\/01\/06\/jacksonville-jaguars-demite-o-tecnico-doug-pederson-jacksonville-hoje\/"},"modified":"2025-01-06T14:47:09","modified_gmt":"2025-01-06T14:47:09","slug":"jacksonville-jaguars-demite-o-tecnico-doug-pederson-jacksonville-hoje","status":"publish","type":"post","link":"https:\/\/tvbrazilusa.com\/pt\/2025\/01\/06\/jacksonville-jaguars-demite-o-tecnico-doug-pederson-jacksonville-hoje\/","title":{"rendered":"Jacksonville Jaguars demite o t\u00e9cnico Doug Pederson | Jacksonville hoje"},"content":{"rendered":"<p> <script async src=\"https:\/\/pagead2.googlesyndication.com\/pagead\/js\/adsbygoogle.js?client=ca-pub-8864793242727901\"\r\n     crossorigin=\"anonymous\"><\/script><br \/>\n<\/p>\n<div>\n<p>O <a href=\"https:\/\/www.jaguars.com\/\" rel=\"nofollow noopener\" target=\"_blank\">Jaguares de Jacksonville<\/a> demitiram o t\u00e9cnico Doug Pederson ap\u00f3s uma decepcionante temporada de 4-13.<\/p>\n<p>O propriet\u00e1rio Shad Khan divulgou um comunicado na manh\u00e3 de segunda-feira dizendo que era \u201chora de convocar uma nova lideran\u00e7a\u201d.<\/p>\n<p>Pederson foi demitido um dia depois da derrota dos Jaguars <a href=\"https:\/\/jaxtoday.org\/2025\/01\/05\/sports-what-will-the-jaguars-do-next-after-4-13-season\/\">26-23 na prorroga\u00e7\u00e3o<\/a> para o Indian\u00e1polis Colts.<\/p>\n<p>Khan disse que tanto ele quanto Pederson esperavam por uma temporada melhor, mas \u201ctenho a obriga\u00e7\u00e3o, antes de mais nada, de servir os melhores interesses de nosso time e especialmente de nossos torcedores, que apoiam fielmente nosso time e j\u00e1 deveriam ser recompensados\u201d.<\/p>\n<p>Pederson treinou os Jaguars por tr\u00eas temporadas. Ele guiou o time em temporadas consecutivas de vit\u00f3rias, e Khan disse no in\u00edcio desta temporada que o time era o melhor que os Jaguars j\u00e1 haviam colocado em campo.<\/p>\n<p>Mas os Jaguares come\u00e7aram o ano com quatro derrotas consecutivas e nunca mais entraram no caminho certo. A equipe perdeu 10 jogos por um placar e terminou em terceiro lugar na divis\u00e3o AFC Sul.<\/p>\n<p>Em sua declara\u00e7\u00e3o na segunda-feira, Khan disse: \u201cAcredito fortemente que \u00e9 poss\u00edvel na pr\u00f3xima temporada restaurar o ambiente de vit\u00f3rias que t\u00ednhamos aqui h\u00e1 pouco tempo\u201d.<\/p>\n<p>Khan manteve o gerente geral Trent Baalke. Ele disse que trabalharia com Baalke e outros \u201cpara contratar um l\u00edder que compartilhe minha ambi\u00e7\u00e3o e esteja pronto para aproveitar a oportunidade extraordin\u00e1ria que ofereceremos em Jacksonville.<\/p>\n<\/div>\n<p><br \/>\n<br \/><a href=\"https:\/\/jaxtoday.org\/2025\/01\/06\/doug-pederson-fired-jaguars\/\">Source link <\/a><\/p>","protected":false},"excerpt":{"rendered":"<p>O Jaguares de Jacksonville demitiram o t\u00e9cnico Doug Pederson ap\u00f3s uma decepcionante temporada de 4-13. O propriet\u00e1rio Shad Khan divulgou um comunicado na manh\u00e3 de segunda-feira dizendo que era \u201chora&hellip;<\/p>","protected":false},"author":1,"featured_media":88187,"comment_status":"closed","ping_status":"open","sticky":false,"template":"","format":"standard","meta":{"content-type":"","footnotes":""},"categories":[1],"tags":[],"class_list":["post-88186","post","type-post","status-publish","format-standard","has-post-thumbnail","hentry","category-uncategorized"],"_links":{"self":[{"href":"https:\/\/tvbrazilusa.com\/pt\/wp-json\/wp\/v2\/posts\/88186","targetHints":{"allow":["GET"]}}],"collection":[{"href":"https:\/\/tvbrazilusa.com\/pt\/wp-json\/wp\/v2\/posts"}],"about":[{"href":"https:\/\/tvbrazilusa.com\/pt\/wp-json\/wp\/v2\/types\/post"}],"author":[{"embeddable":true,"href":"https:\/\/tvbrazilusa.com\/pt\/wp-json\/wp\/v2\/users\/1"}],"replies":[{"embeddable":true,"href":"https:\/\/tvbrazilusa.com\/pt\/wp-json\/wp\/v2\/comments?post=88186"}],"version-history":[{"count":1,"href":"https:\/\/tvbrazilusa.com\/pt\/wp-json\/wp\/v2\/posts\/88186\/revisions"}],"predecessor-version":[{"id":88188,"href":"https:\/\/tvbrazilusa.com\/pt\/wp-json\/wp\/v2\/posts\/88186\/revisions\/88188"}],"wp:featuredmedia":[{"embeddable":true,"href":"https:\/\/tvbrazilusa.com\/pt\/wp-json\/wp\/v2\/media\/88187"}],"wp:attachment":[{"href":"https:\/\/tvbrazilusa.com\/pt\/wp-json\/wp\/v2\/media?parent=88186"}],"wp:term":[{"taxonomy":"category","embeddable":true,"href":"https:\/\/tvbrazilusa.com\/pt\/wp-json\/wp\/v2\/categories?post=88186"},{"taxonomy":"post_tag","embeddable":true,"href":"https:\/\/tvbrazilusa.com\/pt\/wp-json\/wp\/v2\/tags?post=88186"}],"curies":[{"name":"wp","href":"https:\/\/api.w.org\/{rel}","templated":true}]}}