{"id":88189,"date":"2025-01-06T12:33:12","date_gmt":"2025-01-06T12:33:12","guid":{"rendered":"https:\/\/tvbrazilusa.com\/2025\/01\/06\/o-campeao-do-patriots-super-bowl-acredita-que-jerod-mayo-foi-armado\/"},"modified":"2025-01-06T14:49:13","modified_gmt":"2025-01-06T14:49:13","slug":"o-campeao-do-patriots-super-bowl-acredita-que-jerod-mayo-foi-armado","status":"publish","type":"post","link":"https:\/\/tvbrazilusa.com\/pt\/2025\/01\/06\/o-campeao-do-patriots-super-bowl-acredita-que-jerod-mayo-foi-armado\/","title":{"rendered":"O campe\u00e3o do Patriots Super Bowl acredita que Jerod Mayo foi &#8216;armado&#8217;"},"content":{"rendered":"<p> <script async src=\"https:\/\/pagead2.googlesyndication.com\/pagead\/js\/adsbygoogle.js?client=ca-pub-8864793242727901\"\r\n     crossorigin=\"anonymous\"><\/script><br \/>\n<\/p>\n<div id=\"\">\n<header class=\"m-article-header m-article-header--standard\">\n\t\t\t\t\t\t\t\t\t\t\t\t<span id=\"article-header-primary-term\"><br \/>\n\t\t\t\t\t\t\t\t<a class=\"a-term a-term--primary\" href=\"https:\/\/www.boston.com\/tag\/new-england-patriots\/\"><\/p>\n<p>\t\t\t\t\t\t\t\tPatriotas\t\t\t\t\t\t\t\t<\/a><br \/>\n\t\t\t\t\t\t\t<\/span><\/p>\n<h2 class=\"m-article-header__sub-headline\">&#8220;Que milagre esper\u00e1vamos que Jerod realizasse em 17 jogos?&#8221;<\/h2>\n<figure class=\"a-photo m-article-header__photo\"><figcaption class=\"a-photo__caption\">\n<p>\tJerod Mayo foi demitido no domingo. <em> Danielle Parhizkaran\/Equipe da Globo<\/em>\t<\/figcaption><\/figure>\n<div class=\"m-article-header__meta\">\n<div class=\"m-article-header__byline\">\n<p class=\"m-article-header__author\">\n<p>\t\t\t\t\t\t\t\tPor <a class=\"a-link a-link--inline\" href=\"https:\/\/www.boston.com\/author\/conor-ryan\/\">Conor Ryan<\/a>\t\t\t\t\t\t\t<\/p>\n<p>\t\t\t\t\t\t\t\t\t\t\t\t\t\t\t<time class=\"m-article-header__date\"><\/p>\n<p>\t\t\t\t\t\t\t\t\t6 de janeiro de 2025 | 7h33\t\t\t\t\t\t\t\t<\/time><\/p>\n<p><span>2 minutos para ler<\/span><\/p>\n<\/p><\/div>\n<\/p><\/div>\n<\/header>\n<p>Os Patriots fizeram a liga\u00e7\u00e3o menos de uma hora ap\u00f3s o t\u00e9rmino da temporada de 2024 para demitir Jerod Mayo. <\/p>\n<p>Mas mesmo que a Nova Inglaterra <a target=\"_blank\" href=\"https:\/\/www.boston.com\/sports\/new-england-patriots\/2025\/01\/05\/jerod-mayo-new-england-patriots-fired-nfl-robert-kraft-nfl\/\" rel=\"noreferrer noopener\">teve v\u00e1rios motivos convincentes<\/a> para deixar o cargo de t\u00e9cnico do primeiro ano, o ex-tight end do Patriots, Ben Watson, acredita que Mayo estava fadado ao fracasso em seu \u00fanico ano no cargo.<\/p>\n<p>\u201cJerod Mayo foi armado\u201d, postou Watson no X. \u201cBill [Belichick] vai 4-13 em sua \u00faltima temporada com um elenco sem talentos de primeira linha. Que milagre esper\u00e1vamos que Jerod realizasse em 17 jogos? Se ele n\u00e3o teria uma chance adequada de construir uma escala\u00e7\u00e3o, ent\u00e3o por que contrat\u00e1-lo?\u201d<\/p>\n<p>As falhas de tiro de Mayo durante as trocas com a m\u00eddia, a severa regress\u00e3o da Nova Inglaterra no lado defensivo da bola e a falta de agressividade dos Patriots nas situa\u00e7\u00f5es de quarta descida e no final do jogo, tudo isso contribuiu para o curto mandato do t\u00e9cnico em Foxborough.<\/p>\n<p>Mas Watson tem raz\u00e3o em termos de m\u00e1 constru\u00e7\u00e3o do elenco que deu a Mayo uma margem limitada para erro. <\/p>\n<p>Apesar do potencial que Drake Maye apresentou em sua temporada de estreia, o GM de fato Eliot Wolf fez pouco durante o per\u00edodo de entressafra para corrigir defici\u00eancias cr\u00edticas no gr\u00e1fico de profundidade da Nova Inglaterra. <\/p>\n<p>Depois de superar as persegui\u00e7\u00f5es fora de temporada de Calvin Ridley e Brandon Aiyuk, a Nova Inglaterra fez atualiza\u00e7\u00f5es limitadas nas armas ofensivas \u2013 com KJ Osborn sendo um fracasso e Austin Hooper e Antonio Gibson (embora adi\u00e7\u00f5es s\u00f3lidas) n\u00e3o fazendo o suficiente para mover a agulha. <\/p>\n<p>Na linha ofensiva, os Patriots entregaram um contrato a Chukwuma Okorafor na esperan\u00e7a de que ele fosse o left tackle titular do time \u2013 mas ele registrou apenas 12 snaps antes de deixar o time no in\u00edcio de setembro.<\/p>\n<p>A sa\u00edda de Okorafor e a incapacidade de Wolf de adicionar qualquer profundidade adicional for\u00e7aram a Nova Inglaterra a lan\u00e7ar um grupo de tackle poroso encabe\u00e7ado por Vederian Lowe e Demontrey Jacobs. <\/p>\n<p>Adicione os cheiros de Wolf no Draft da NFL de 2024 depois de Maye (Ja&#8217;Lynn Polk sobre Ladd McConkey), e Mayo n\u00e3o tinha exatamente um arm\u00e1rio cheio para trabalhar quando se tratava de gerar qualquer tipo de impulso ao entrar na temporada de 2025. <\/p>\n<p>Ainda assim, quando se trata de desenvolver qualquer talento que a Nova Inglaterra possa ostentar em sua lista de reconstru\u00e7\u00e3o, Robert Kraft acreditava que era necess\u00e1ria uma nova voz para liderar os Patriots em 2025 e al\u00e9m.<\/p>\n<div class=\"o-author-single has-avatar\">\n<header class=\"m-author-card\">\n<div class=\"a-image a-image--square m-author-card__image\">\n\t\t<img decoding=\"async\" class=\"\" src=\"https:\/\/www.boston.com\/wp-content\/uploads\/2023\/05\/Headshot_Conor-645c0406ed6cb-scaled.jpg\" alt=\"Imagem do perfil de Conor Ryan\"\/>\t<\/div>\n<\/header>\n<section class=\"author-info\">\n<div class=\"m-author__section\">\n<p>Conor Ryan \u00e9 redator da equipe que cobre Bruins, Celtics, Patriots e Red Sox para Boston.com, fun\u00e7\u00e3o que ocupa desde 2023.<\/p>\n<\/div>\n<\/section>\n<\/div>\n<div class=\"m-block m-generic-cta\t m-generic-cta--post-content\t m-generic-cta--dark\t m-generic-cta--homepage\t m-generic-cta--email-signup\t\t m-generic-cta-block-style--default \tt-amp__generic-cta\"><\/p>\n<div class=\"m-generic-cta__wrap\">\n<div class=\"m-generic-cta__content\">\n<h3 class=\"m-generic-cta__title\">Inscreva-se para receber atualiza\u00e7\u00f5es do Patriots\ud83c\udfc8<\/h3>\n<p class=\"m-generic-cta__subtitle\">Receba as \u00faltimas not\u00edcias e an\u00e1lises em sua caixa de entrada durante a temporada de futebol.<\/p>\n<\/p><\/div>\n<\/p><\/div>\n<\/div><\/div>\n<p><script>\n\t\tvar consent=\"grant\";\n\t\t\/* The above code is parsing the JSON data from the local storage and storing it in a variable. *\/\n\t\t\t\t\tconst onetrustStorageConsent = JSON.parse(localStorage.getItem( 'consent_one_trust_bdc' ) );\n\t\t\tif ( ( onetrustStorageConsent !== null ) ) {\n\t\t\t\t\/* Checking to see if the user has consented to the use of cookies.\n\t\t\t\t* If they have not, it is deleting the cookie.\n\t\t\t\t* This will comment for now, until further notice.\n\t\t\t\t*\/\n\t\t\t\t\/\/if ( onetrustStorageConsent.C0002 === false ) {\n\t\t\t\t\/\/\tdocument.cookie=\"_fbp=;expires=Thu, 01 Jan 2010 00:00:00 UTC; path=\/; domain=.boston.com\";\n\t\t\t\t\/\/}\n\t\t\t\t\/* Checking if the user has given consent for the cookie C0002.\n\t\t\t\t* If the user has given consent, the variable consent will be set to 'grant'.\n\t\t\t\t* If the user has not given consent,the variable consent will be set to 'revoke'.\n\t\t\t\t* Documentation https:\/\/developers.facebook.com\/docs\/meta-pixel\/implementation\/gdpr\n\t\t\t\t*\/\n\t\t\t\tif ( onetrustStorageConsent.C0002 !== true ) {\n\t\t\t\t\tconsent=\"revoke\";\n\t\t\t\t}\n\t\t\t}\n\t\t\t\t!function(f,b,e,v,n,t,s)\n\t\t{if(f.fbq)return;n=f.fbq=function(){n.callMethod?\n\t\tn.callMethod.apply(n,arguments):n.queue.push(arguments)};\n\t\tif(!f._fbq)f._fbq=n;n.push=n;n.loaded=!0;n.version='2.0';\n\t\tn.queue=[];t=b.createElement(e);t.async=!0;\n\t\tt.src=v;s=b.getElementsByTagName(e)[0];\n\t\ts.parentNode.insertBefore(t,s)}(window, document,'script',\n\t\t'https:\/\/connect.facebook.net\/en_US\/fbevents.js');\n\t\tfbq('consent', consent);\n\t\tfbq('init', '989222871864976');\n\t\tfbq('track', 'PageView');\n\t<\/script><script type=\"module\">\n\t\tvar consent=\"grant\";\n\t\t\/* The above code is parsing the JSON data from the local storage and storing it in a variable. *\/\n\t\t\tconst onetrustStorageConsent = JSON.parse(localStorage.getItem( 'consent_one_trust_bdc' ) );\n\t\t\t\/* Checking to see if the user has consented to the use of cookies.\n\t\t\t* If they have not, it is deleting the cookie.\n\t\t\t* This will comment for now, until further notice.\n\t\t\t*\/\n\t\t\t\/\/if ( onetrustStorageConsent.C0002 === false ) {\n\t\t\t\/\/\tdocument.cookie=\"_fbp=;expires=Thu, 01 Jan 2010 00:00:00 UTC; path=\/; domain=.boston.com\";\n\t\t\t\/\/}\n\t\t\t\/* Checking if the user has given consent for the cookie C0002.\n\t\t\t* If the user has given consent, the variable consent will be set to 'grant'.\n\t\t\t* If the user has not given consent,the variable consent will be set to 'revoke'.\n\t\t\t* Documentation https:\/\/developers.facebook.com\/docs\/meta-pixel\/implementation\/gdpr\n\t\t\t*\/\n\t\t\tif ( ( onetrustStorageConsent !== null ) && (onetrustStorageConsent.C0002 !== true ) ) {\n\t\t\t\tconsent=\"revoke\";\n\t\t\t}\n\t\t\t\t!function(f,b,e,v,n,t,s){if(f.fbq)return;n=f.fbq=function()\n\t\t{n.callMethod? n.callMethod.apply(n,arguments):n.queue.push(arguments)}\n\t\t;if(!f._fbq)f._fbq=n;\n\t\tn.push=n;n.loaded=!0;n.version='2.0';n.queue=[];t=b.createElement(e);t.async=!0;\n\t\tt.src=v;s=b.getElementsByTagName(e)[0];s.parentNode.insertBefore(t,s)}(window,\n\t\tdocument,'script','https:\/\/connect.facebook.net\/en_US\/fbevents.js');\n\t\tfbq('consent', consent);\n\t\tfbq('init', '813236348753005');\n\t\tfbq('track', \"PageView\");\n\t<\/script><br \/>\n<br \/><br \/>\n<br \/><a href=\"https:\/\/www.boston.com\/sports\/new-england-patriots\/2025\/01\/06\/jerod-mayo-new-england-patriots-ben-watson\/\">Source link <\/a><\/p>","protected":false},"excerpt":{"rendered":"<p>Patriotas &#8220;Que milagre esper\u00e1vamos que Jerod realizasse em 17 jogos?&#8221; Jerod Mayo foi demitido no domingo. Danielle Parhizkaran\/Equipe da Globo Por Conor Ryan 6 de janeiro de 2025 | 7h33&hellip;<\/p>","protected":false},"author":1,"featured_media":86819,"comment_status":"closed","ping_status":"open","sticky":false,"template":"","format":"standard","meta":{"content-type":"","footnotes":""},"categories":[1],"tags":[],"class_list":["post-88189","post","type-post","status-publish","format-standard","has-post-thumbnail","hentry","category-uncategorized"],"_links":{"self":[{"href":"https:\/\/tvbrazilusa.com\/pt\/wp-json\/wp\/v2\/posts\/88189","targetHints":{"allow":["GET"]}}],"collection":[{"href":"https:\/\/tvbrazilusa.com\/pt\/wp-json\/wp\/v2\/posts"}],"about":[{"href":"https:\/\/tvbrazilusa.com\/pt\/wp-json\/wp\/v2\/types\/post"}],"author":[{"embeddable":true,"href":"https:\/\/tvbrazilusa.com\/pt\/wp-json\/wp\/v2\/users\/1"}],"replies":[{"embeddable":true,"href":"https:\/\/tvbrazilusa.com\/pt\/wp-json\/wp\/v2\/comments?post=88189"}],"version-history":[{"count":1,"href":"https:\/\/tvbrazilusa.com\/pt\/wp-json\/wp\/v2\/posts\/88189\/revisions"}],"predecessor-version":[{"id":88190,"href":"https:\/\/tvbrazilusa.com\/pt\/wp-json\/wp\/v2\/posts\/88189\/revisions\/88190"}],"wp:featuredmedia":[{"embeddable":true,"href":"https:\/\/tvbrazilusa.com\/pt\/wp-json\/wp\/v2\/media\/86819"}],"wp:attachment":[{"href":"https:\/\/tvbrazilusa.com\/pt\/wp-json\/wp\/v2\/media?parent=88189"}],"wp:term":[{"taxonomy":"category","embeddable":true,"href":"https:\/\/tvbrazilusa.com\/pt\/wp-json\/wp\/v2\/categories?post=88189"},{"taxonomy":"post_tag","embeddable":true,"href":"https:\/\/tvbrazilusa.com\/pt\/wp-json\/wp\/v2\/tags?post=88189"}],"curies":[{"name":"wp","href":"https:\/\/api.w.org\/{rel}","templated":true}]}}