{"id":88194,"date":"2025-01-06T15:01:48","date_gmt":"2025-01-06T15:01:48","guid":{"rendered":"https:\/\/tvbrazilusa.com\/2025\/01\/06\/inss-vai-revisar-aposentadorias-por-invalidez\/"},"modified":"2025-01-06T15:01:50","modified_gmt":"2025-01-06T15:01:50","slug":"inss-vai-revisar-aposentadorias-por-invalidez","status":"publish","type":"post","link":"https:\/\/tvbrazilusa.com\/pt\/2025\/01\/06\/inss-vai-revisar-aposentadorias-por-invalidez\/","title":{"rendered":"INSS vai revisar aposentadorias por invalidez"},"content":{"rendered":"<p> <script async src=\"https:\/\/pagead2.googlesyndication.com\/pagead\/js\/adsbygoogle.js?client=ca-pub-8864793242727901\"\r\n     crossorigin=\"anonymous\"><\/script><br \/>\n<\/p>\n<div id=\"taboola-read-more\" style=\"display:block; width:100%\">\n<p>O INSS (Instituto Nacional de Seguro Social) e Previd\u00eancia Social v\u00e3o dar in\u00edcio a um pente-fino para revisar 802 mil aposentadorias por invalidez, hoje chamada de aposentadoria por incapacidade permanente.\n<\/p>\n<p>A revis\u00e3o seguir\u00e1 regra legal e convocar\u00e1 benefici\u00e1rios que n\u00e3o passam por per\u00edcia m\u00e9dica h\u00e1 mais de 24 meses, ou seja, dois anos. A medida integra os esfor\u00e7os do governo federal para economizar R$ 10 bilh\u00f5es com cortes de benef\u00edcios indevidos, anunciado em 2024.<\/p>\n<p>\u201cA lei mandar fazer, e eu cumpro a lei\u201d, afirmou o presidente do INSS, Alessandro Stefanutto, em entrevista \u00e0 Folha.\n<\/p>\n<p>\u201cEu n\u00e3o gosto de falar pente-fino, eu falo revis\u00e3o. \u00c9 uma revis\u00e3o dos requisitos. E vamos revisar o que a lei manda revisar. \u00c9 fazer o que presidente Lula falou. Quem tem direito tem que dar o benef\u00edcio r\u00e1pido, sem que minhas inefici\u00eancias atrapalhem o segurado. Quem n\u00e3o tem direito n\u00e3o \u00e9 para dar benef\u00edcio, porque sen\u00e3o falta dinheiro.\u201d\n<\/p>\n<p>O instituto n\u00e3o divulgou a data de in\u00edcio, mas fontes disseram \u00e0 reportagem que as convoca\u00e7\u00f5es devem come\u00e7ar em mar\u00e7o. Elas ser\u00e3o feitas por meio da rede banc\u00e1ria, quando o cidad\u00e3o for receber seu benef\u00edcio mensal. No extrato dever\u00e1 vir a informa\u00e7\u00e3o de que \u00e9 necess\u00e1rio marcar uma per\u00edcia de revis\u00e3o.\n<\/p>\n<p>A convoca\u00e7\u00e3o tamb\u00e9m poder\u00e1 ser pelo aplicativo ou site\u00a0Meu INSS, por carta, SMS ou, at\u00e9 mesmo, por meio de edital publicado no \u201cDi\u00e1rio Oficial da Uni\u00e3o\u201d.\n<\/p>\n<p>Antes de come\u00e7ar a convocar os aposentados, a Previd\u00eancia e o INSS devem publicar as regras da revis\u00e3o, a exemplo do que fizeram com o pente-fino no aux\u00edlio-doen\u00e7a e no BPC (Benef\u00edcio de Presta\u00e7\u00e3o Continuada) em 2024.\n<\/p>\n<p>A revis\u00e3o do aux\u00edlio-doen\u00e7a ocorreu entre agosto e dezembro de 2024. Segundo o INSS, foram realizadas 595.995 per\u00edcias de revis\u00e3o, que resultaram em 323.651 benef\u00edcios cortados, o que representa 54% do total. O n\u00famero \u00e9 quase o total de concess\u00f5es mensais nos \u00faltimos meses do ano passado.\n<\/p>\n<p>Al\u00e9m disso, 42.160 aux\u00edlios foram convertidos em aposentadoria por invalidez (7% do total), e os demais foram mantidos como aux\u00edlio-doen\u00e7a, hoje chamado de benef\u00edcio por incapacidade tempor\u00e1ria. Eles dever\u00e3o ser \u201creavaliados novamente no prazo prescrito pelo perito m\u00e9dico federal\u201d, diz nota do INSS enviada \u00e0 Folha.\n<\/p>\n<p>QUEM PODE TER O BENEF\u00cdCIO CORTADO NO PENTE-FINO DO INSS?\n<\/p>\n<div class=\"c-news__body\" data-news-content-text=\"data-news-content-text\" data-disable-copy=\"data-disable-copy\" data-continue-reading=\"data-continue-reading\" data-continue-reading-hide-others=\".js-continue-reading-hidden\" data-age-rating=\"\">\n<p>Segurados que n\u00e3o se encaixam nas regras de pagamento poder\u00e3o perder o benef\u00edcio no pente-fino. \u00c9 preciso comprovar a condi\u00e7\u00e3o de sa\u00fade. Laudos m\u00e9dicos, exames, receitas de medicamentos e indica\u00e7\u00f5es de procedimentos ajudam na avalia\u00e7\u00e3o do perito. Ter um atestado com data atualizada tamb\u00e9m \u00e9 importante. O documento deve conter CID (Classifica\u00e7\u00e3o Internacional de Doen\u00e7as).\n<\/p>\n<p><strong>QUEM DEVE FICAR DE FORA DO PENTE-FINO DO INSS?<\/strong>\n<\/p>\n<p>Por lei, h\u00e1 tr\u00eas perfis de segurado que n\u00e3o devem ser convocados para o pente-fino:\n<\/p>\n<ol>\n<li>Segurados a partir de 55 anos e que recebem o benef\u00edcio por incapacidade h\u00e1 mais de 15 anos<\/li>\n<li>Segurados a partir de 60 anos de idade, protegidos pelo Estatuto do Idoso<\/li>\n<li>Segurado aposentado por incapacidade permanente por HIV<\/li>\n<\/ol>\n<p>Fonte: Folhapress\n<\/p>\n<\/div><\/div>\n<p><br \/>\n<br \/><a href=\"https:\/\/diariodobrasilnoticias.com.br\/noticia\/inss-vai-revisar-aposentadorias-por-invalidez-677bd27ee60d5\">Source link <\/a><\/p>","protected":false},"excerpt":{"rendered":"<p>O INSS (Instituto Nacional de Seguro Social) e Previd\u00eancia Social v\u00e3o dar in\u00edcio a um pente-fino para revisar 802 mil aposentadorias por invalidez, hoje chamada de aposentadoria por incapacidade permanente.&hellip;<\/p>","protected":false},"author":1,"featured_media":88195,"comment_status":"closed","ping_status":"open","sticky":false,"template":"","format":"standard","meta":{"content-type":"","footnotes":""},"categories":[16],"tags":[123,2448,5313,1267],"class_list":["post-88194","post","type-post","status-publish","format-standard","has-post-thumbnail","hentry","category-noticias","tag-brasil","tag-diario","tag-noticia","tag-noticias"],"_links":{"self":[{"href":"https:\/\/tvbrazilusa.com\/pt\/wp-json\/wp\/v2\/posts\/88194","targetHints":{"allow":["GET"]}}],"collection":[{"href":"https:\/\/tvbrazilusa.com\/pt\/wp-json\/wp\/v2\/posts"}],"about":[{"href":"https:\/\/tvbrazilusa.com\/pt\/wp-json\/wp\/v2\/types\/post"}],"author":[{"embeddable":true,"href":"https:\/\/tvbrazilusa.com\/pt\/wp-json\/wp\/v2\/users\/1"}],"replies":[{"embeddable":true,"href":"https:\/\/tvbrazilusa.com\/pt\/wp-json\/wp\/v2\/comments?post=88194"}],"version-history":[{"count":1,"href":"https:\/\/tvbrazilusa.com\/pt\/wp-json\/wp\/v2\/posts\/88194\/revisions"}],"predecessor-version":[{"id":88196,"href":"https:\/\/tvbrazilusa.com\/pt\/wp-json\/wp\/v2\/posts\/88194\/revisions\/88196"}],"wp:featuredmedia":[{"embeddable":true,"href":"https:\/\/tvbrazilusa.com\/pt\/wp-json\/wp\/v2\/media\/88195"}],"wp:attachment":[{"href":"https:\/\/tvbrazilusa.com\/pt\/wp-json\/wp\/v2\/media?parent=88194"}],"wp:term":[{"taxonomy":"category","embeddable":true,"href":"https:\/\/tvbrazilusa.com\/pt\/wp-json\/wp\/v2\/categories?post=88194"},{"taxonomy":"post_tag","embeddable":true,"href":"https:\/\/tvbrazilusa.com\/pt\/wp-json\/wp\/v2\/tags?post=88194"}],"curies":[{"name":"wp","href":"https:\/\/api.w.org\/{rel}","templated":true}]}}