{"id":88217,"date":"2025-01-06T14:16:00","date_gmt":"2025-01-06T14:16:00","guid":{"rendered":"https:\/\/tvbrazilusa.com\/2025\/01\/06\/cinco-novas-estacoes-de-carregamento-de-ev-serao-instaladas-em-mcdonough\/"},"modified":"2025-01-06T16:05:17","modified_gmt":"2025-01-06T16:05:17","slug":"cinco-novas-estacoes-de-carregamento-de-ev-serao-instaladas-em-mcdonough","status":"publish","type":"post","link":"https:\/\/tvbrazilusa.com\/pt\/2025\/01\/06\/cinco-novas-estacoes-de-carregamento-de-ev-serao-instaladas-em-mcdonough\/","title":{"rendered":"Cinco novas esta\u00e7\u00f5es de carregamento de EV ser\u00e3o instaladas em McDonough"},"content":{"rendered":"<script async src=\"https:\/\/pagead2.googlesyndication.com\/pagead\/js\/adsbygoogle.js?client=ca-pub-8864793242727901\"\r\n     crossorigin=\"anonymous\"><\/script>\n<p>A cidade de McDonough ter\u00e1 em breve quatro novas esta\u00e7\u00f5es de carregamento de ve\u00edculos el\u00e9tricos depois que a C\u00e2mara Municipal aprovou a instala\u00e7\u00e3o durante a sua primeira reuni\u00e3o do novo ano. As esta\u00e7\u00f5es de carregamento estar\u00e3o dispon\u00edveis para uso p\u00fablico, e cada local\u2026<br \/>\n<br \/><br \/>\n<br \/><a href=\"https:\/\/www.henryherald.com\/news\/five-new-ev-charging-stations-to-be-installed-in-mcdonough\/article_c7612796-cc38-11ef-baed-2f05c0e4df31.html\">Source link <\/a><\/p>","protected":false},"excerpt":{"rendered":"<p>A cidade de McDonough ter\u00e1 em breve quatro novas esta\u00e7\u00f5es de carregamento de ve\u00edculos el\u00e9tricos depois que a C\u00e2mara Municipal aprovou a instala\u00e7\u00e3o durante a sua primeira reuni\u00e3o do novo&hellip;<\/p>","protected":false},"author":1,"featured_media":88218,"comment_status":"closed","ping_status":"open","sticky":false,"template":"","format":"standard","meta":{"content-type":"","footnotes":""},"categories":[1],"tags":[1267],"class_list":["post-88217","post","type-post","status-publish","format-standard","has-post-thumbnail","hentry","category-uncategorized","tag-noticias"],"_links":{"self":[{"href":"https:\/\/tvbrazilusa.com\/pt\/wp-json\/wp\/v2\/posts\/88217","targetHints":{"allow":["GET"]}}],"collection":[{"href":"https:\/\/tvbrazilusa.com\/pt\/wp-json\/wp\/v2\/posts"}],"about":[{"href":"https:\/\/tvbrazilusa.com\/pt\/wp-json\/wp\/v2\/types\/post"}],"author":[{"embeddable":true,"href":"https:\/\/tvbrazilusa.com\/pt\/wp-json\/wp\/v2\/users\/1"}],"replies":[{"embeddable":true,"href":"https:\/\/tvbrazilusa.com\/pt\/wp-json\/wp\/v2\/comments?post=88217"}],"version-history":[{"count":1,"href":"https:\/\/tvbrazilusa.com\/pt\/wp-json\/wp\/v2\/posts\/88217\/revisions"}],"predecessor-version":[{"id":88219,"href":"https:\/\/tvbrazilusa.com\/pt\/wp-json\/wp\/v2\/posts\/88217\/revisions\/88219"}],"wp:featuredmedia":[{"embeddable":true,"href":"https:\/\/tvbrazilusa.com\/pt\/wp-json\/wp\/v2\/media\/88218"}],"wp:attachment":[{"href":"https:\/\/tvbrazilusa.com\/pt\/wp-json\/wp\/v2\/media?parent=88217"}],"wp:term":[{"taxonomy":"category","embeddable":true,"href":"https:\/\/tvbrazilusa.com\/pt\/wp-json\/wp\/v2\/categories?post=88217"},{"taxonomy":"post_tag","embeddable":true,"href":"https:\/\/tvbrazilusa.com\/pt\/wp-json\/wp\/v2\/tags?post=88217"}],"curies":[{"name":"wp","href":"https:\/\/api.w.org\/{rel}","templated":true}]}}