{"id":88241,"date":"2025-01-06T00:02:14","date_gmt":"2025-01-06T00:02:14","guid":{"rendered":"https:\/\/tvbrazilusa.com\/2025\/01\/06\/questoes-juridicas-acompanharao-trump-na-posse-com-sentenca-definida-em-nova-york\/"},"modified":"2025-01-06T16:48:57","modified_gmt":"2025-01-06T16:48:57","slug":"questoes-juridicas-acompanharao-trump-na-posse-com-sentenca-definida-em-nova-york","status":"publish","type":"post","link":"https:\/\/tvbrazilusa.com\/pt\/2025\/01\/06\/questoes-juridicas-acompanharao-trump-na-posse-com-sentenca-definida-em-nova-york\/","title":{"rendered":"Quest\u00f5es jur\u00eddicas acompanhar\u00e3o Trump na posse, com senten\u00e7a definida em Nova York"},"content":{"rendered":"<p> <script async src=\"https:\/\/pagead2.googlesyndication.com\/pagead\/js\/adsbygoogle.js?client=ca-pub-8864793242727901\"\r\n     crossorigin=\"anonymous\"><\/script><br \/>\n<\/p>\n<div data-testid=\"companionColumn-0\">\n<div class=\"css-53u6y8\">\n<p class=\"css-at9mc1 evys1bk0\">Enquanto o presidente eleito Donald J. Trump se prepara para a sua tomada de posse, alguns dos processos judiciais que surgiram desde a primeira presid\u00eancia de Trump ir\u00e3o acompanh\u00e1-lo at\u00e9 \u00e0 segunda.<\/p>\n<p class=\"css-at9mc1 evys1bk0\">Trump sinalizou que planeja lutar para adiar a senten\u00e7a programada para sua condena\u00e7\u00e3o criminal, marcada pelo juiz Juan M. Merchan, da Suprema Corte de Nova York, para sexta-feira. Em postagens nas redes sociais neste fim de semana, Trump criticou a justi\u00e7a, dizendo que deveria ser expulso.<\/p>\n<p class=\"css-at9mc1 evys1bk0\">O juiz Merchan deixou claro que mesmo que a senten\u00e7a fosse adiante, ele n\u00e3o recomendaria qualquer tipo de pena de pris\u00e3o ou confinamento domiciliar. Em <a class=\"css-yywogo\" href=\"https:\/\/www.nytimes.com\/2025\/01\/03\/nyregion\/trump-sentencing-hush-money-case-ny.html\" title=\"\">anunciando a data da senten\u00e7a<\/a>o juiz sinalizou que planejava dar a Trump uma dispensa incondicional do caso, permitindo-lhe sair em liberdade, mas deixando-o com ficha criminal.<\/p>\n<p class=\"css-at9mc1 evys1bk0\">Em maio, Trump foi condenado por 34 acusa\u00e7\u00f5es criminais de falsifica\u00e7\u00e3o de registros comerciais em conex\u00e3o com um pagamento secreto no ano eleitoral de 2016 a uma atriz porn\u00f4 que disse ter tido uma liga\u00e7\u00e3o sexual com ele.<\/p>\n<\/div>\n<aside class=\"css-ew4tgv\" aria-label=\"companion column\"\/><\/div>\n<div data-testid=\"companionColumn-1\">\n<div class=\"css-53u6y8\">\n<p class=\"css-at9mc1 evys1bk0\">Mas mesmo na aus\u00eancia de quaisquer san\u00e7\u00f5es reais, o veredicto do j\u00fari \u00e9 a sua pr\u00f3pria forma de puni\u00e7\u00e3o para Trump, uma medida de responsabilidade que ele continua ansioso por apagar. Uma dispensa incondicional \u2013 na aus\u00eancia de uma decis\u00e3o de um tribunal superior que anule o veredicto do j\u00fari \u2013 ainda marcaria formalmente Trump como criminoso, o primeiro presidente a assumir esse estatuto.<\/p>\n<p class=\"css-at9mc1 evys1bk0\">Questionado sobre os casos que continuaram durante a presid\u00eancia, o diretor de comunica\u00e7\u00f5es de Trump, Steven Cheung, disse em comunicado que o p\u00fablico deu a Trump um \u201cmandato\u201d que \u201cexige o fim imediato da arma\u00e7\u00e3o pol\u00edtica do nosso sistema de justi\u00e7a e todas as ca\u00e7as \u00e0s bruxas em geral.\u201d<\/p>\n<p class=\"css-at9mc1 evys1bk0\">Ao definir a data da senten\u00e7a e rejeitar o pedido de Trump para anular o veredicto, o juiz Merchan n\u00e3o se comoveu com os argumentos de Trump, incluindo uma reivindica\u00e7\u00e3o de imunidade presidencial.<\/p>\n<p class=\"css-at9mc1 evys1bk0\">\u201cO r\u00e9u argumenta que uma demiss\u00e3o &#8216;melhorar\u00e1 a confian\u00e7a do p\u00fablico&#8217; no sistema de justi\u00e7a criminal porque qualquer coisa que n\u00e3o seja uma demiss\u00e3o total interferir\u00e1 na presid\u00eancia\u201d, escreveu o juiz Merchan. \u201cA perspectiva deste tribunal \u00e9 diferente.\u201d<\/p>\n<p class=\"css-at9mc1 evys1bk0\">O juiz escreveu que anular o veredicto do j\u00fari \u201cn\u00e3o serviria as preocupa\u00e7\u00f5es expostas pelo Supremo Tribunal nos seus poucos casos que abordam a imunidade presidencial, nem serviria o Estado de Direito\u201d. Em vez disso, escreveu ele, \u201cminaria o Estado de direito de maneiras incomensur\u00e1veis\u201d.<\/p>\n<\/div>\n<aside class=\"css-ew4tgv\" aria-label=\"companion column\"\/><\/div>\n<div data-testid=\"companionColumn-2\">\n<div class=\"css-53u6y8\">\n<p class=\"css-at9mc1 evys1bk0\">Trump foi indiciado quatro vezes no per\u00edodo de alguns meses em 2023, duas vezes por acusa\u00e7\u00f5es federais, uma vez no condado de Fulton, Ge\u00f3rgia, e uma vez em Nova York.<\/p>\n<p class=\"css-at9mc1 evys1bk0\">Os dois <a class=\"css-yywogo\" href=\"https:\/\/www.nytimes.com\/2024\/11\/25\/us\/politics\/jack-smith-trump-election-documents-charges.html\" title=\"\">casos federais foram retirados<\/a> desde que o Sr. Trump ganhou a elei\u00e7\u00e3o, e o <a class=\"css-yywogo\" href=\"https:\/\/www.nytimes.com\/2024\/12\/19\/us\/fani-willis-georgia-trump-case.html\" title=\"\">Caso Ge\u00f3rgia<\/a> est\u00e1 parado h\u00e1 meses. Em dezembro, a promotora distrital do condado de Fulton, Fani Willis, foi afastada do caso de interfer\u00eancia eleitoral contra Trump e outros r\u00e9us, citando seu relacionamento rom\u00e2ntico com Nathan Wade, o promotor especial que ela escolheu para o caso.<\/p>\n<p class=\"css-at9mc1 evys1bk0\">Embora a pol\u00edtica de longa data do Departamento de Justi\u00e7a contra processar um presidente em exerc\u00edcio n\u00e3o se aplique a acusa\u00e7\u00f5es estatais, a maioria dos juristas afirma que seria dif\u00edcil prosseguir com o caso contra Trump na Ge\u00f3rgia enquanto ele estiver no cargo.<\/p>\n<p class=\"css-at9mc1 evys1bk0\">Mas Trump provavelmente continuar\u00e1 a enfrentar processos civis. Ele recentemente <a class=\"css-yywogo\" href=\"https:\/\/www.nytimes.com\/2024\/12\/30\/nyregion\/trump-carroll-appeal-denied.html\" title=\"\">perdeu uma licita\u00e7\u00e3o para um novo julgamento federal<\/a> em um caso movido por um escritor nova-iorquino, E. Jean Carroll. Esse caso centrou-se na alega\u00e7\u00e3o de Carroll de que Trump a havia agredido sexualmente d\u00e9cadas atr\u00e1s no camarim de uma loja de departamentos.<\/p>\n<p class=\"css-at9mc1 evys1bk0\">A procuradora-geral de Nova York, Letitia James, disse que n\u00e3o tentaria rejeitar uma senten\u00e7a separada de fraude civil de US$ 486 milh\u00f5es contra ele, observando sua inten\u00e7\u00e3o em uma carta no m\u00eas passado ao advogado de Trump, John Sauer, que \u00e9 o escolhido do presidente eleito para o procurador-geral do Departamento de Justi\u00e7a.<\/p>\n<\/div>\n<aside class=\"css-ew4tgv\" aria-label=\"companion column\"\/><\/div>\n<div data-testid=\"companionColumn-3\">\n<div class=\"css-53u6y8\">\n<p class=\"css-at9mc1 evys1bk0\">Espera-se que um tribunal de recurso decida em breve se deve manter a decis\u00e3o, que foi imposta na sequ\u00eancia de um julgamento em que Trump foi acusado de manipular o seu patrim\u00f3nio l\u00edquido e de mentir sobre o valor das suas propriedades para obter condi\u00e7\u00f5es de empr\u00e9stimos mais favor\u00e1veis.<\/p>\n<p class=\"css-at9mc1 evys1bk0\">H\u00e1 tamb\u00e9m oito a\u00e7\u00f5es civis acusando Trump de incitar seus apoiadores a invadir o edif\u00edcio do Capit\u00f3lio em 6 de janeiro de 2021, enquanto a vit\u00f3ria do presidente Biden no Col\u00e9gio Eleitoral estava sendo certificada por uma sess\u00e3o conjunta do Congresso.<\/p>\n<p class=\"css-at9mc1 evys1bk0\">No caso criminal de Nova Iorque, os advogados do Sr. Trump conseguiram adiar a senten\u00e7a para al\u00e9m do dia da elei\u00e7\u00e3o. Mas a equipe jur\u00eddica de Trump \u2013 liderada pela escolha de Trump para o vice-procurador-geral, Todd Blanche, e para o principal vice-procurador-geral, Emil Bove \u2013 argumentou que o caso deveria ser rapidamente arquivado, citando a vit\u00f3ria do presidente em novembro e o amplo <a class=\"css-yywogo\" href=\"https:\/\/www.nytimes.com\/2024\/07\/01\/us\/politics\/supreme-court-trump-immunity.html\" title=\"\">imunidade que a Suprema Corte dos EUA concedeu aos presidentes por atos oficiais<\/a> cometidos durante o mandato.<\/p>\n<p class=\"css-at9mc1 evys1bk0\">A incapacidade de anular a condena\u00e7\u00e3o criminal continua a ser uma fonte de irrita\u00e7\u00e3o para Trump, de acordo com pessoas que falaram com ele sobre o assunto, mesmo que o caso n\u00e3o pare\u00e7a preparado para definir as fases iniciais do seu segundo mandato na forma como a R\u00fassia investiga\u00e7\u00e3o fez em seu primeiro mandato.<\/p>\n<\/div>\n<aside class=\"css-ew4tgv\" aria-label=\"companion column\"\/><\/div>\n<p><br \/>\n<br \/><a href=\"https:\/\/www.nytimes.com\/2025\/01\/05\/us\/politics\/new-york-case-trump-merchan-inauguration.html\">Source link <\/a><\/p>","protected":false},"excerpt":{"rendered":"<p>Enquanto o presidente eleito Donald J. Trump se prepara para a sua tomada de posse, alguns dos processos judiciais que surgiram desde a primeira presid\u00eancia de Trump ir\u00e3o acompanh\u00e1-lo at\u00e9&hellip;<\/p>","protected":false},"author":1,"featured_media":88242,"comment_status":"closed","ping_status":"open","sticky":false,"template":"","format":"standard","meta":{"content-type":"","footnotes":""},"categories":[1],"tags":[32243,32240,32182,29780,32244,29841,32242,6279,32241,32181,32239,32238,32237,1397],"class_list":["post-88241","post","type-post","status-publish","format-standard","has-post-thumbnail","hentry","category-uncategorized","tag-carrol","tag-comerciante","tag-departamento-de-justica","tag-donald-j","tag-e-jean","tag-eleicoes-presidenciais-de-2024","tag-estado-de-nova-york","tag-georgia","tag-joao-m","tag-politica-e-governo-dos-estados-unidos","tag-processo-civil-do-estado-de-nova-york-contra-trump-452564-2022","tag-processo-criminal-da-georgia-contra-trump-eleicoes-de-2020","tag-processo-criminal-do-estado-de-nova-york-contra-trump-71543-23","tag-trunfo"],"_links":{"self":[{"href":"https:\/\/tvbrazilusa.com\/pt\/wp-json\/wp\/v2\/posts\/88241","targetHints":{"allow":["GET"]}}],"collection":[{"href":"https:\/\/tvbrazilusa.com\/pt\/wp-json\/wp\/v2\/posts"}],"about":[{"href":"https:\/\/tvbrazilusa.com\/pt\/wp-json\/wp\/v2\/types\/post"}],"author":[{"embeddable":true,"href":"https:\/\/tvbrazilusa.com\/pt\/wp-json\/wp\/v2\/users\/1"}],"replies":[{"embeddable":true,"href":"https:\/\/tvbrazilusa.com\/pt\/wp-json\/wp\/v2\/comments?post=88241"}],"version-history":[{"count":1,"href":"https:\/\/tvbrazilusa.com\/pt\/wp-json\/wp\/v2\/posts\/88241\/revisions"}],"predecessor-version":[{"id":88243,"href":"https:\/\/tvbrazilusa.com\/pt\/wp-json\/wp\/v2\/posts\/88241\/revisions\/88243"}],"wp:featuredmedia":[{"embeddable":true,"href":"https:\/\/tvbrazilusa.com\/pt\/wp-json\/wp\/v2\/media\/88242"}],"wp:attachment":[{"href":"https:\/\/tvbrazilusa.com\/pt\/wp-json\/wp\/v2\/media?parent=88241"}],"wp:term":[{"taxonomy":"category","embeddable":true,"href":"https:\/\/tvbrazilusa.com\/pt\/wp-json\/wp\/v2\/categories?post=88241"},{"taxonomy":"post_tag","embeddable":true,"href":"https:\/\/tvbrazilusa.com\/pt\/wp-json\/wp\/v2\/tags?post=88241"}],"curies":[{"name":"wp","href":"https:\/\/api.w.org\/{rel}","templated":true}]}}