{"id":88345,"date":"2025-01-06T19:47:23","date_gmt":"2025-01-06T19:47:23","guid":{"rendered":"https:\/\/tvbrazilusa.com\/2025\/01\/06\/o-que-bill-belichick-disse-sobre-a-decisao-dos-patriots-de-demitir-jerod-mayo\/"},"modified":"2025-01-06T20:00:00","modified_gmt":"2025-01-06T20:00:00","slug":"o-que-bill-belichick-disse-sobre-a-decisao-dos-patriots-de-demitir-jerod-mayo","status":"publish","type":"post","link":"https:\/\/tvbrazilusa.com\/pt\/2025\/01\/06\/o-que-bill-belichick-disse-sobre-a-decisao-dos-patriots-de-demitir-jerod-mayo\/","title":{"rendered":"O que Bill Belichick disse sobre a decis\u00e3o dos Patriots de demitir Jerod Mayo"},"content":{"rendered":"<p> <script async src=\"https:\/\/pagead2.googlesyndication.com\/pagead\/js\/adsbygoogle.js?client=ca-pub-8864793242727901\"\r\n     crossorigin=\"anonymous\"><\/script><br \/>\n<\/p>\n<div id=\"\">\n<header class=\"m-article-header m-article-header--standard\">\n\t\t\t\t\t\t\t\t\t\t\t\t<span id=\"article-header-primary-term\"><br \/>\n\t\t\t\t\t\t\t\t<a class=\"a-term a-term--primary\" href=\"https:\/\/www.boston.com\/tag\/new-england-patriots\/\"><\/p>\n<p>\t\t\t\t\t\t\t\tPatriotas\t\t\t\t\t\t\t\t<\/a><br \/>\n\t\t\t\t\t\t\t<\/span><\/p>\n<h2 class=\"m-article-header__sub-headline\">&#8220;Quando voc\u00ea troca de coordenador e de treinador o tempo todo, fica dif\u00edcil.&#8221;<\/h2>\n<figure class=\"a-photo m-article-header__photo\"><figcaption class=\"a-photo__caption\">\n<p>\tBill Belichick discutiu a decis\u00e3o dos Patriots de deixar Jerod Mayo no \u201cThe Pat McAfee Show\u201d. <em> (Foto AP \/ Steven Senne, Arquivo)<\/em>\t<\/figcaption><\/figure>\n<div class=\"m-article-header__meta\">\n<div class=\"m-article-header__byline\">\n<p class=\"m-article-header__author\">\n<p>\t\t\t\t\t\t\t\tPor <a class=\"a-link a-link--inline\" href=\"https:\/\/www.boston.com\/author\/conor-ryan\/\">Conor Ryan<\/a>\t\t\t\t\t\t\t<\/p>\n<p>\t\t\t\t\t\t\t\t\t\t\t\t\t\t\t<time class=\"m-article-header__date\"><\/p>\n<p>\t\t\t\t\t\t\t\t\t6 de janeiro de 2025 | 14h47\t\t\t\t\t\t\t\t<\/time><\/p>\n<p><span>2 minutos para ler<\/span><\/p>\n<\/p><\/div>\n<\/p><\/div>\n<\/header>\n<p>A decis\u00e3o dos Patriots de demitir Jerod Mayo pouco mais de uma hora ap\u00f3s o t\u00e9rmino da temporada regular de 2024 levou a v\u00e1rias rea\u00e7\u00f5es fortes de ex-jogadores dos Patriots \u2013 muitos dos quais acreditam que o t\u00e9cnico do primeiro ano<a target=\"_blank\" href=\"https:\/\/www.boston.com\/sports\/new-england-patriots\/2025\/01\/05\/rob-gronkowski-blasts-patriots-for-unfair-jerod-mayo-firing\/\" rel=\"noreferrer noopener\"> foi colocado em uma situa\u00e7\u00e3o ruim por Robert Kraft e Eliot Wolf. <\/a><\/p>\n<p>\u00c9 verdade que se h\u00e1 algu\u00e9m que possa gostar da disfun\u00e7\u00e3o hoje em dia em Foxborough, \u00e9 o ex-t\u00e9cnico Bill Belichick.<\/p>\n<p>Seja Jerod Mayo sendo apontado como seu sucessor enquanto Belichick ainda estava sob contrato ou a decis\u00e3o de Kraft de demitir Belichick explodindo imediatamente na sua cara, Belichick tinha v\u00e1rios motivos para dar uma volta da vit\u00f3ria durante sua apari\u00e7\u00e3o semanal no <a href=\"https:\/\/www.youtube.com\/watch?v=3k5vI6ekWl0\" target=\"_blank\" rel=\"noreferrer noopener\">\u201cThe Pat McAfee Show\u201d na segunda-feira. <\/a><\/p>\n<p>Mas, em vez de dan\u00e7ar no t\u00famulo de uma temporada sombria de 2024 na Nova Inglaterra, Belichick optou por deixar de lado qualquer cr\u00edtica incisiva \u00e0 decis\u00e3o da Nova Inglaterra de deixar Mayo depois de apenas um ano no cargo. <\/p>\n<p>\u201cA situa\u00e7\u00e3o do Patriot \u2013 quero dizer, honestamente, n\u00e3o tenho muitos coment\u00e1rios sobre isso\u201d, disse Belichick. \u201cVoc\u00ea sabe \u2013 Robert Kraft, Jonathan Kraft, Robyn Glaser, eles s\u00e3o os tomadores de decis\u00e3o, quem exatamente faz o qu\u00ea e assim por diante. Mayo foi escolhido a dedo por Robert. <\/p>\n<p>\u201cMas no final, a tomada de decis\u00e3o \u00e9 algo que eles teriam que comentar e identificar. S\u00e3o eles que realmente est\u00e3o fazendo as liga\u00e7\u00f5es para l\u00e1. Ent\u00e3o s\u00e3o eles que deveriam comentar isso, n\u00e3o sei mesmo, olhando de fora. Eles n\u00e3o me ligaram e perguntaram, ent\u00e3o n\u00e3o sei.\u201d<\/p>\n<figure class=\"wp-block-embed is-type-rich is-provider-twitter wp-block-embed-twitter\">\n<div class=\"wp-block-embed__wrapper\">\n<blockquote class=\"twitter-tweet\" data-width=\"500\" data-dnt=\"true\">\n<p lang=\"en\" dir=\"ltr\">\u201cN\u00e3o tenho muitos coment\u00e1rios sobre a situa\u00e7\u00e3o dos Patriots.<\/p>\n<p>Eles t\u00eam seus tomadores de decis\u00e3o e Mayo foi escolhido a dedo por Robert Kraft.<\/p>\n<p>Eles n\u00e3o me ligaram e perguntaram&#8221; \ud83d\ude02\ud83d\ude02<\/p>\n<p>Treinador Belichick <a href=\"https:\/\/twitter.com\/hashtag\/PMSLive?src=hash&#038;ref_src=twsrc%5Etfw\">#PMSLive<\/a> <a href=\"https:\/\/t.co\/0zFLFep0ie\">pic.twitter.com\/0zFLFep0ie<\/a><\/p>\n<p>-Pat McAfee (@PatMcAfeeShow) <a href=\"https:\/\/twitter.com\/PatMcAfeeShow\/status\/1876339190239314407?ref_src=twsrc%5Etfw\">6 de janeiro de 2025<\/a><\/p><\/blockquote>\n<\/div>\n<\/figure>\n<p>Embora Belichick n\u00e3o tenha acertado exatamente o alto escal\u00e3o dos Patriots, a McAfee fez as honras logo ap\u00f3s os coment\u00e1rios de Belichick. <\/p>\n<p>\u201cPensamos que talvez isso acontecesse depois da forma como este ano passou\u201d, respondeu McAfee. \u201cPode haver uma chance de eles pensarem: &#8216;Uau, talvez vencer por muito tempo n\u00e3o seja t\u00e3o f\u00e1cil quanto um cara que est\u00e1 treinando na faculdade agora fez parecer por um tempo.&#8217; Esperan\u00e7osamente, h\u00e1 uma chance de essa conversa acontecer.\u201d<\/p>\n<p>Embora Belichick n\u00e3o tenha destacado abertamente a forma como os Patriots lidaram com sua situa\u00e7\u00e3o de treinador nos \u00faltimos anos, ele lan\u00e7ou alguma sombra quando questionado sobre o qu\u00e3o importante \u00e9 para a equipe t\u00e9cnica e a diretoria de um time da NFL estarem na mesma p\u00e1gina que o grupo de propriedade. <\/p>\n<p>\u201cAcho que o relacionamento mais importante \u00e9\u2026 ter uma vis\u00e3o compartilhada com propriedade entre o treinador principal e o gerente geral em termos do que a organiza\u00e7\u00e3o est\u00e1 realmente tentando fazer e como o est\u00e1 fazendo\u201d, disse Belichick, referindo-se a equipes como os Steelers, Chiefs e Eagles. <\/p>\n<p>Belichick ent\u00e3o destacou como as equipes que frequentemente trocam de treinadores e coordenadores a cada poucos anos lutam para encontrar o mesmo n\u00edvel de consist\u00eancia e s\u00e3o incapazes de manter qualquer vis\u00e3o ou identidade que est\u00e3o tra\u00e7ando, ano ap\u00f3s ano.  <\/p>\n<p>\u201cEnt\u00e3o voc\u00ea v\u00ea situa\u00e7\u00f5es como essa, e quando todos est\u00e3o alinhados e unidos, voc\u00ea pode n\u00e3o ganhar o campeonato todos os anos, o que n\u00e3o aconteceu\u201d, acrescentou Belichick. \u201cMas voc\u00ea est\u00e1 nisso todos os anos e tem uma equipe forte e pode continuar a construir. . \u2026. E quando voc\u00ea troca de coordenador e de treinador o tempo todo, fica dif\u00edcil. \u2026\u00c9 simplesmente dif\u00edcil construir qualquer continuidade quando voc\u00ea faz isso dessa maneira. <\/p>\n<p>\u201cEnt\u00e3o, para mim, se voc\u00ea tiver essa vis\u00e3o compartilhada por toda a organiza\u00e7\u00e3o, que tivemos por 20 anos na Nova Inglaterra, voc\u00ea ter\u00e1 a chance de ser competitivo e ter sucesso.\u201d<\/p>\n<div class=\"o-author-single has-avatar\">\n<header class=\"m-author-card\">\n<div class=\"a-image a-image--square m-author-card__image\">\n\t\t<img decoding=\"async\" class=\"\" src=\"https:\/\/www.boston.com\/wp-content\/uploads\/2023\/05\/Headshot_Conor-645c0406ed6cb-scaled.jpg\" alt=\"Imagem do perfil de Conor Ryan\"\/>\t<\/div>\n<\/header>\n<section class=\"author-info\">\n<div class=\"m-author__section\">\n<p>Conor Ryan \u00e9 redator da equipe que cobre Bruins, Celtics, Patriots e Red Sox para Boston.com, fun\u00e7\u00e3o que ocupa desde 2023.<\/p>\n<\/div>\n<\/section>\n<\/div>\n<div class=\"m-block m-generic-cta\t m-generic-cta--post-content\t m-generic-cta--dark\t m-generic-cta--homepage\t m-generic-cta--email-signup\t\t m-generic-cta-block-style--default \tt-amp__generic-cta\"><\/p>\n<div class=\"m-generic-cta__wrap\">\n<div class=\"m-generic-cta__content\">\n<h3 class=\"m-generic-cta__title\">Receba as \u00faltimas not\u00edcias esportivas de Boston<\/h3>\n<p class=\"m-generic-cta__subtitle\">Receba atualiza\u00e7\u00f5es sobre seus times favoritos de Boston, direto da nossa reda\u00e7\u00e3o para sua caixa de entrada.<\/p>\n<\/p><\/div>\n<\/p><\/div>\n<\/div><\/div>\n<p><script async src=\"\/\/platform.twitter.com\/widgets.js\" charset=\"utf-8\"><\/script><script>\n\t\tvar consent=\"grant\";\n\t\t\/* The above code is parsing the JSON data from the local storage and storing it in a variable. *\/\n\t\t\t\t\tconst onetrustStorageConsent = JSON.parse(localStorage.getItem( 'consent_one_trust_bdc' ) );\n\t\t\tif ( ( onetrustStorageConsent !== null ) ) {\n\t\t\t\t\/* Checking to see if the user has consented to the use of cookies.\n\t\t\t\t* If they have not, it is deleting the cookie.\n\t\t\t\t* This will comment for now, until further notice.\n\t\t\t\t*\/\n\t\t\t\t\/\/if ( onetrustStorageConsent.C0002 === false ) {\n\t\t\t\t\/\/\tdocument.cookie=\"_fbp=;expires=Thu, 01 Jan 2010 00:00:00 UTC; path=\/; domain=.boston.com\";\n\t\t\t\t\/\/}\n\t\t\t\t\/* Checking if the user has given consent for the cookie C0002.\n\t\t\t\t* If the user has given consent, the variable consent will be set to 'grant'.\n\t\t\t\t* If the user has not given consent,the variable consent will be set to 'revoke'.\n\t\t\t\t* Documentation https:\/\/developers.facebook.com\/docs\/meta-pixel\/implementation\/gdpr\n\t\t\t\t*\/\n\t\t\t\tif ( onetrustStorageConsent.C0002 !== true ) {\n\t\t\t\t\tconsent=\"revoke\";\n\t\t\t\t}\n\t\t\t}\n\t\t\t\t!function(f,b,e,v,n,t,s)\n\t\t{if(f.fbq)return;n=f.fbq=function(){n.callMethod?\n\t\tn.callMethod.apply(n,arguments):n.queue.push(arguments)};\n\t\tif(!f._fbq)f._fbq=n;n.push=n;n.loaded=!0;n.version='2.0';\n\t\tn.queue=[];t=b.createElement(e);t.async=!0;\n\t\tt.src=v;s=b.getElementsByTagName(e)[0];\n\t\ts.parentNode.insertBefore(t,s)}(window, document,'script',\n\t\t'https:\/\/connect.facebook.net\/en_US\/fbevents.js');\n\t\tfbq('consent', consent);\n\t\tfbq('init', '989222871864976');\n\t\tfbq('track', 'PageView');\n\t<\/script><script type=\"module\">\n\t\tvar consent=\"grant\";\n\t\t\/* The above code is parsing the JSON data from the local storage and storing it in a variable. *\/\n\t\t\tconst onetrustStorageConsent = JSON.parse(localStorage.getItem( 'consent_one_trust_bdc' ) );\n\t\t\t\/* Checking to see if the user has consented to the use of cookies.\n\t\t\t* If they have not, it is deleting the cookie.\n\t\t\t* This will comment for now, until further notice.\n\t\t\t*\/\n\t\t\t\/\/if ( onetrustStorageConsent.C0002 === false ) {\n\t\t\t\/\/\tdocument.cookie=\"_fbp=;expires=Thu, 01 Jan 2010 00:00:00 UTC; path=\/; domain=.boston.com\";\n\t\t\t\/\/}\n\t\t\t\/* Checking if the user has given consent for the cookie C0002.\n\t\t\t* If the user has given consent, the variable consent will be set to 'grant'.\n\t\t\t* If the user has not given consent,the variable consent will be set to 'revoke'.\n\t\t\t* Documentation https:\/\/developers.facebook.com\/docs\/meta-pixel\/implementation\/gdpr\n\t\t\t*\/\n\t\t\tif ( ( onetrustStorageConsent !== null ) && (onetrustStorageConsent.C0002 !== true ) ) {\n\t\t\t\tconsent=\"revoke\";\n\t\t\t}\n\t\t\t\t!function(f,b,e,v,n,t,s){if(f.fbq)return;n=f.fbq=function()\n\t\t{n.callMethod? n.callMethod.apply(n,arguments):n.queue.push(arguments)}\n\t\t;if(!f._fbq)f._fbq=n;\n\t\tn.push=n;n.loaded=!0;n.version='2.0';n.queue=[];t=b.createElement(e);t.async=!0;\n\t\tt.src=v;s=b.getElementsByTagName(e)[0];s.parentNode.insertBefore(t,s)}(window,\n\t\tdocument,'script','https:\/\/connect.facebook.net\/en_US\/fbevents.js');\n\t\tfbq('consent', consent);\n\t\tfbq('init', '813236348753005');\n\t\tfbq('track', \"PageView\");\n\t<\/script><br \/>\n<br \/><br \/>\n<br \/><a href=\"https:\/\/www.boston.com\/sports\/new-england-patriots\/2025\/01\/06\/what-bill-belichick-said-about-patriots-decision-to-fire-jerod-mayo\/\">Source link <\/a><\/p>","protected":false},"excerpt":{"rendered":"<p>Patriotas &#8220;Quando voc\u00ea troca de coordenador e de treinador o tempo todo, fica dif\u00edcil.&#8221; Bill Belichick discutiu a decis\u00e3o dos Patriots de deixar Jerod Mayo no \u201cThe Pat McAfee Show\u201d.&hellip;<\/p>","protected":false},"author":1,"featured_media":88346,"comment_status":"closed","ping_status":"open","sticky":false,"template":"","format":"standard","meta":{"content-type":"","footnotes":""},"categories":[1],"tags":[],"class_list":["post-88345","post","type-post","status-publish","format-standard","has-post-thumbnail","hentry","category-uncategorized"],"_links":{"self":[{"href":"https:\/\/tvbrazilusa.com\/pt\/wp-json\/wp\/v2\/posts\/88345","targetHints":{"allow":["GET"]}}],"collection":[{"href":"https:\/\/tvbrazilusa.com\/pt\/wp-json\/wp\/v2\/posts"}],"about":[{"href":"https:\/\/tvbrazilusa.com\/pt\/wp-json\/wp\/v2\/types\/post"}],"author":[{"embeddable":true,"href":"https:\/\/tvbrazilusa.com\/pt\/wp-json\/wp\/v2\/users\/1"}],"replies":[{"embeddable":true,"href":"https:\/\/tvbrazilusa.com\/pt\/wp-json\/wp\/v2\/comments?post=88345"}],"version-history":[{"count":1,"href":"https:\/\/tvbrazilusa.com\/pt\/wp-json\/wp\/v2\/posts\/88345\/revisions"}],"predecessor-version":[{"id":88347,"href":"https:\/\/tvbrazilusa.com\/pt\/wp-json\/wp\/v2\/posts\/88345\/revisions\/88347"}],"wp:featuredmedia":[{"embeddable":true,"href":"https:\/\/tvbrazilusa.com\/pt\/wp-json\/wp\/v2\/media\/88346"}],"wp:attachment":[{"href":"https:\/\/tvbrazilusa.com\/pt\/wp-json\/wp\/v2\/media?parent=88345"}],"wp:term":[{"taxonomy":"category","embeddable":true,"href":"https:\/\/tvbrazilusa.com\/pt\/wp-json\/wp\/v2\/categories?post=88345"},{"taxonomy":"post_tag","embeddable":true,"href":"https:\/\/tvbrazilusa.com\/pt\/wp-json\/wp\/v2\/tags?post=88345"}],"curies":[{"name":"wp","href":"https:\/\/api.w.org\/{rel}","templated":true}]}}