{"id":88365,"date":"2025-01-06T20:35:03","date_gmt":"2025-01-06T20:35:03","guid":{"rendered":"https:\/\/tvbrazilusa.com\/2025\/01\/06\/o-que-os-atuais-ex-patriotas-estao-dizendo-sobre-a-demissao-de-jerod-mayo\/"},"modified":"2025-01-06T20:41:19","modified_gmt":"2025-01-06T20:41:19","slug":"o-que-os-atuais-ex-patriotas-estao-dizendo-sobre-a-demissao-de-jerod-mayo","status":"publish","type":"post","link":"https:\/\/tvbrazilusa.com\/pt\/2025\/01\/06\/o-que-os-atuais-ex-patriotas-estao-dizendo-sobre-a-demissao-de-jerod-mayo\/","title":{"rendered":"O que os atuais ex-patriotas est\u00e3o dizendo sobre a demiss\u00e3o de Jerod Mayo"},"content":{"rendered":"<p> <script async src=\"https:\/\/pagead2.googlesyndication.com\/pagead\/js\/adsbygoogle.js?client=ca-pub-8864793242727901\"\r\n     crossorigin=\"anonymous\"><\/script><br \/>\n<\/p>\n<div id=\"\">\n<header class=\"m-article-header m-article-header--standard\">\n\t\t\t\t\t\t\t\t\t\t\t\t<span id=\"article-header-primary-term\"><br \/>\n\t\t\t\t\t\t\t\t<a class=\"a-term a-term--primary\" href=\"https:\/\/www.boston.com\/tag\/new-england-patriots\/\"><\/p>\n<p>\t\t\t\t\t\t\t\tPatriotas\t\t\t\t\t\t\t\t<\/a><br \/>\n\t\t\t\t\t\t\t<\/span><\/p>\n<h2 class=\"m-article-header__sub-headline\">\u201cAcho que foi injusto com o t\u00e9cnico Jerod Mayo.\u201d<\/h2>\n<figure class=\"a-photo m-article-header__photo\"><figcaption class=\"a-photo__caption\">\n<p>\tJerod Mayo foi demitido logo ap\u00f3s o t\u00e9rmino da temporada de 2024 dos Patriots. <em> (Foto AP\/Steven Senne)<\/em>\t<\/figcaption><\/figure>\n<div class=\"m-article-header__meta\">\n<div class=\"m-article-header__byline\">\n<p class=\"m-article-header__author\">\n<p>\t\t\t\t\t\t\t\tPor <a class=\"a-link a-link--inline\" href=\"https:\/\/www.boston.com\/author\/conor-ryan\/\">Conor Ryan<\/a>\t\t\t\t\t\t\t<\/p>\n<p>\t\t\t\t\t\t\t\t\t\t\t\t\t\t\t<time class=\"m-article-header__date\"><\/p>\n<p>\t\t\t\t\t\t\t\t\t6 de janeiro de 2025 | 15h35\t\t\t\t\t\t\t\t<\/time><\/p>\n<p><span>5 minutos para ler<\/span><\/p>\n<\/p><\/div>\n<\/p><\/div>\n<\/header>\n<p>Os Patriots n\u00e3o esperaram tudo isso para deixar Jerod Mayo &#8211; <a href=\"https:\/\/www.boston.com\/sports\/new-england-patriots\/2025\/01\/05\/jerod-mayo-new-england-patriots-fired-nfl-robert-kraft-nfl\/\">demitindo o treinador principal do primeiro ano<\/a> pouco mais de uma hora ap\u00f3s o fim da temporada regular de 2024 do time. <\/p>\n<p>Embora aparentemente estivesse escrito na parede que os Patriots estavam preparados para uma mudan\u00e7a dr\u00e1stica ap\u00f3s uma temporada desastrosa de 2024, a curta vida \u00fatil de Mayo em Foxborough &#8211; juntamente com falhas na organiza\u00e7\u00e3o fora do controle da equipe t\u00e9cnica &#8211; gerou rea\u00e7\u00f5es de antigos e atuais Jogadores do Patriots, bem como outras figuras do mundo dos esportes. <\/p>\n<p>Aqui est\u00e1 um resumo de algumas das principais rea\u00e7\u00f5es ap\u00f3s a demiss\u00e3o de Mayo, ap\u00f3s apenas um ano no cargo.<\/p>\n<p><em>Esta postagem ser\u00e1 atualizada regularmente.<\/em><\/p>\n<h2 class=\"wp-block-heading\" id=\"h-bill-belichick\"><strong>Bill Belichick<\/strong><\/h2>\n<p>Em meio a toda a disfun\u00e7\u00e3o que emana de Foxborough atualmente, Bill Belichick teve v\u00e1rias oportunidades de dar a volta da vit\u00f3ria na segunda-feira. <a href=\"https:\/\/www.boston.com\/sports\/new-england-patriots\/2025\/01\/06\/what-bill-belichick-said-about-patriots-decision-to-fire-jerod-mayo\/\">durante sua apari\u00e7\u00e3o semanal no \u201cThe Pat McAfee Show\u201d. <\/a><\/p>\n<p>Mas, em vez de torcer a faca sobre a decis\u00e3o de Robert Kraft de classificar Mayo como sucessor de Belichick enquanto o primeiro ainda estava sob contrato, Belichick tomou o caminho certo quando questionado sobre o apelo da Nova Inglaterra para deixar Mayo.  <\/p>\n<p>\u201cA situa\u00e7\u00e3o do Patriot \u2013 quero dizer, honestamente, n\u00e3o tenho muitos coment\u00e1rios sobre isso\u201d, disse Belichick. \u201cVoc\u00ea sabe \u2013 Robert Kraft, Jonathan Kraft, Robyn Glaser, eles s\u00e3o os tomadores de decis\u00e3o, quem exatamente faz o qu\u00ea e assim por diante. Mayo foi escolhido a dedo por Robert. <\/p>\n<p>\u201cMas no final, a tomada de decis\u00e3o \u00e9 algo que eles teriam que comentar e identificar. S\u00e3o eles que realmente est\u00e3o fazendo as liga\u00e7\u00f5es para l\u00e1. Ent\u00e3o s\u00e3o eles que deveriam comentar isso, n\u00e3o sei mesmo, olhando de fora. Eles n\u00e3o me ligaram e perguntaram, ent\u00e3o n\u00e3o sei.\u201d<\/p>\n<figure class=\"wp-block-embed is-type-rich is-provider-twitter wp-block-embed-twitter\">\n<div class=\"wp-block-embed__wrapper\">\n<blockquote class=\"twitter-tweet\" data-width=\"500\" data-dnt=\"true\">\n<p lang=\"en\" dir=\"ltr\">\u201cN\u00e3o tenho muitos coment\u00e1rios sobre a situa\u00e7\u00e3o dos Patriots.<\/p>\n<p>Eles t\u00eam seus tomadores de decis\u00e3o e Mayo foi escolhido a dedo por Robert Kraft.<\/p>\n<p>Eles n\u00e3o me ligaram e perguntaram&#8221; \ud83d\ude02\ud83d\ude02<\/p>\n<p>Treinador Belichick <a href=\"https:\/\/twitter.com\/hashtag\/PMSLive?src=hash&#038;ref_src=twsrc%5Etfw\">#PMSLive<\/a> <a href=\"https:\/\/t.co\/0zFLFep0ie\">pic.twitter.com\/0zFLFep0ie<\/a><\/p>\n<p>-Pat McAfee (@PatMcAfeeShow) <a href=\"https:\/\/twitter.com\/PatMcAfeeShow\/status\/1876339190239314407?ref_src=twsrc%5Etfw\">6 de janeiro de 2025<\/a><\/p><\/blockquote>\n<\/div>\n<\/figure>\n<h2 class=\"wp-block-heading\" id=\"h-rob-gronkowski\"><strong>Rob Gronkowski<\/strong><\/h2>\n<p>O ex-tight end dos Patriots <a href=\"https:\/\/www.boston.com\/sports\/new-england-patriots\/2025\/01\/05\/rob-gronkowski-blasts-patriots-for-unfair-jerod-mayo-firing\/\">foi mais contundente em suas cr\u00edticas aos Patriots<\/a>observando na cobertura da Fox na NFL que Mayo n\u00e3o teve muito tempo para provar seu valor como t\u00e9cnico da NFL. <\/p>\n<p>\u201cFiquei chocado com isso, e acontecer isso logo foi um choque para muitas pessoas, especialmente aqui na mesa\u201d, disse Gronkowski durante a NFL na FOX. \u201cFicamos todos surpresos com isso. Acho que foi injusto com o t\u00e9cnico Jerod Mayo. Ele nunca teve a chance de se desenvolver como treinador principal. Ele era apenas um novato nesse departamento, e se voc\u00ea julgar um treinador pelo primeiro ano, isso n\u00e3o \u00e9 apropriado.\u201d<\/p>\n<figure class=\"wp-block-embed is-type-rich is-provider-twitter wp-block-embed-twitter\"\/>\n<p>Gronkowski tamb\u00e9m especulou que a nova comiss\u00e3o t\u00e9cnica dos Patriots <a href=\"https:\/\/www.boston.com\/sports\/new-england-patriots\/2025\/01\/05\/rob-gronkowski-believes-vrabel-mcdaniels-could-coach-together-with-patriots\/\">poderia apresentar v\u00e1rios rostos familiares em Foxborough. <\/a><\/p>\n<p>\u201cObviamente, o Sr. Kraft tamb\u00e9m tem um plano para o futuro\u201d, disse Gronkowski. \u201cProvavelmente esperando conseguir Mike Vrabel. H\u00e1 rumores de que Josh McDaniels pode voltar como coordenador ofensivo.\u201d<\/p>\n<h2 class=\"wp-block-heading\" id=\"h-ben-watson\"><strong>Ben Watson<\/strong><\/h2>\n<p>Watson, que ganhou um Super Bowl com os Patriots ao longo de suas sete temporadas na Nova Inglaterra, recorreu \u00e0s redes sociais para criticar a franquia por colocar Mayo em uma situa\u00e7\u00e3o de perda ou perda em 2024. <\/p>\n<p>\u201cJerod Mayo foi armado\u201d, postou Watson no X. \u201cBill [Belichick] vai 4-13 em sua \u00faltima temporada com um elenco sem talentos de primeira linha. Que milagre esper\u00e1vamos que Jerod realizasse em 17 jogos? Se ele n\u00e3o teria uma chance adequada de construir uma escala\u00e7\u00e3o, ent\u00e3o por que contrat\u00e1-lo?\u201d<\/p>\n<figure class=\"wp-block-embed is-type-rich is-provider-twitter wp-block-embed-twitter\">\n<div class=\"wp-block-embed__wrapper\">\n<blockquote class=\"twitter-tweet\" data-width=\"500\" data-dnt=\"true\">\n<p lang=\"en\" dir=\"ltr\">Jerod Mayo foi armado. Bill vai de 4 a 13 em sua \u00faltima temporada com um elenco sem talentos de primeira linha. Que milagre esper\u00e1vamos que Jerod realizasse em 17 jogos? Se ele n\u00e3o teria uma chance adequada de construir uma escala\u00e7\u00e3o, por que contrat\u00e1-lo?<\/p>\n<p>-Benjamin Watson (@BenjaminSWatson) <a href=\"https:\/\/twitter.com\/BenjaminSWatson\/status\/1876045001169449400?ref_src=twsrc%5Etfw\">5 de janeiro de 2025<\/a><\/p><\/blockquote>\n<\/div>\n<\/figure>\n<h2 class=\"wp-block-heading\" id=\"h-rodney-harrison\"><strong>Rodney Harrison<\/strong><\/h2>\n<p>Assim como Watson, o ex-seguran\u00e7a do Patriots, Rodney Harrison, enfatizou que a m\u00e1 constru\u00e7\u00e3o do elenco da Nova Inglaterra sob o comando de Eliot Wolf tornou dif\u00edcil para qualquer t\u00e9cnico ter sucesso em 2024 \u2013 muito menos para um t\u00e9cnico do primeiro ano como Mayo. <\/p>\n<p>\u201cEu n\u00e3o gosto disso,\u201d <a href=\"https:\/\/www.boston.com\/sports\/new-england-patriots\/2025\/01\/06\/jerod-mayo-fired-rodney-harrison-quotes-robert-kraft-mismanagement\/\">Harrison disse durante a transmiss\u00e3o do Sunday Night Football da NBC.<\/a> \u201cAchei que era falso por parte da propriedade. Eles nunca deveriam ter contratado o cara e dado a ele um ano. Voc\u00ea n\u00e3o d\u00e1 a algu\u00e9m a oportunidade de um ano para mudar os Patriots.\u201d<\/p>\n<p>\u201cEles n\u00e3o t\u00eam ningu\u00e9m. Eles n\u00e3o t\u00eam nenhuma linha ofensiva\u201d, acrescentou. \u201cEles n\u00e3o t\u00eam grandes armas. Eles t\u00eam um jovem quarterback que tem potencial, mas voc\u00ea precisa dar a ele uma oportunidade.\u201d<\/p>\n<figure class=\"wp-block-embed is-type-video is-provider-youtube wp-block-embed-youtube wp-embed-aspect-16-9 wp-has-aspect-ratio\">\n<p>\n<iframe title=\"New England Patriots firing Jerod Mayo after one year is \u2018mismanagement\u2019 | PSNFF | NFL on NBC\" width=\"1170\" height=\"658\" src=\"https:\/\/www.youtube.com\/embed\/q-jVYjTSXbE?feature=oembed\" frameborder=\"0\" allow=\"accelerometer; autoplay; clipboard-write; encrypted-media; gyroscope; picture-in-picture; web-share\" referrerpolicy=\"strict-origin-when-cross-origin\" allowfullscreen><\/iframe>\n<\/p>\n<\/figure>\n<h2 class=\"wp-block-heading\" id=\"h-robert-kraft\"><strong>Roberto Kraft<\/strong><\/h2>\n<p>Antes de responder a perguntas da m\u00eddia na segunda-feira, o propriet\u00e1rio do Patriots, Robert Kraft <a href=\"https:\/\/www.boston.com\/sports\/new-england-patriots\/2025\/01\/06\/robert-kraft-patriots-press-conference-jerod-mayo-firing\/\">assumiu a culpa<\/a> pela decis\u00e3o de promover Jerod Mayo como t\u00e9cnico principal na temporada de 2024. <\/p>\n<p>\u201cVou ser muito breve aqui e dizer que toda esta situa\u00e7\u00e3o \u00e9 minha responsabilidade\u201d, disse Kraft em sua declara\u00e7\u00e3o de abertura \u00e0 m\u00eddia. \u201cSinto-me p\u00e9ssimo por Jerod porque o coloquei em uma situa\u00e7\u00e3o insustent\u00e1vel. Sei que ele tem todas as ferramentas como treinador principal para ter sucesso nesta liga. Ele s\u00f3 precisava de mais tempo antes de aceitar o emprego. Afinal, sou torcedor desse time em primeiro lugar. Agora, tenho que sair e encontrar um treinador que possa nos levar de volta aos playoffs e, com sorte, aos campeonatos.\u201d<\/p>\n<figure class=\"wp-block-embed is-type-rich is-provider-twitter wp-block-embed-twitter\"\/>\n<h2 class=\"wp-block-heading\" id=\"h-devin-mccourty-nbsp\"><strong>Devin McCourty <\/strong><\/h2>\n<p>Depois de reconhecer na semana passada que Mayo e v\u00e1rios treinadores<a href=\"https:\/\/www.boston.com\/sports\/new-england-patriots\/2025\/01\/04\/patriots-jerod-mayo-head-coach-hot-seat-devin-mccourty\/\"> estavam sentindo o calor<\/a>McCourty observou na NBC no domingo que a demiss\u00e3o de Mayo parecia estar em andamento h\u00e1 semanas em meio a um final ruim para a temporada de 2024. <\/p>\n<p>\u201cVoc\u00ea poderia dizer nas \u00faltimas semanas muitas coisas \u2013 sejam jogadores falando sobre f\u00e3s, sejam coisas acontecendo na m\u00eddia\u201d, disse McCourty na NBC, <a href=\"https:\/\/x.com\/mikekadlick\/status\/1876099127731220517\">conforme transcrito por Mike Kadlick.<\/a> \u201cAcho que o Krafts disse, quer saber? Temos a oportunidade de tirar vantagem de outro candidato por a\u00ed. E eles tomaram essa decis\u00e3o. <\/p>\n<p>\u201cUma decis\u00e3o dif\u00edcil para Mayo, voc\u00ea s\u00f3 ter\u00e1 um ano neste emprego dos sonhos. Situa\u00e7\u00e3o realmente dif\u00edcil.<\/p>\n<h2 class=\"wp-block-heading\" id=\"h-rob-ninkovich\"><strong>Rob Ninkovich<\/strong><\/h2>\n<p>O ex-linebacker do Patriots, Rob Ninkovich, admitiu no WEEI na segunda-feira que n\u00e3o esperava ver o New England deixar Mayo depois de apenas uma temporada. <\/p>\n<p>\u201cEu n\u00e3o pensei que isso fosse acontecer. [There were] rumores ao longo da temporada, houve momentos, e eu conhe\u00e7o a base de f\u00e3s, eles ficaram bastante chateados. Simplesmente n\u00e3o parecia que seria um acordo do tipo fechado\u201d, Ninkovich <a href=\"https:\/\/www.audacy.com\/weei\/sports\/patriots\/ninkovich-surprised-by-mayo-firing-weighs-in-on-vrabel?utm_source=dlvr.it&#038;utm_medium=twitter\">disse no \u201cThe Greg Hill Show\u201d. <\/a><\/p>\n<p>Embora Ninkovich acredite que Vrabel \u00e9 a \u201cop\u00e7\u00e3o mais flagrante\u201d para o avan\u00e7o da Nova Inglaterra, ele questionou se a Kraft and Co. dar\u00e1 ao seu pr\u00f3ximo t\u00e9cnico controle total sobre sua equipe. <\/p>\n<p>\u201c[Mayo] realmente n\u00e3o teve a oportunidade de trazer todo o seu pessoal. H\u00e1 muitos vest\u00edgios de Bill e de quando ele esteve aqui\u201d, observou Ninkovich.<\/p>\n<p>\u201cAgora a quest\u00e3o \u00e9: o novo treinador ter\u00e1 [that] habilidade? E acho que essa \u00e9 a maior quest\u00e3o: eles podem trazer todo o seu pessoal? Porque se voc\u00ea olhar para todos os outros treinadores que foram contratados em outro lugar, eles trouxeram o pacote completo com eles. Ser\u00e1 esse o caso agora? Eu presumo que quem quer que seja o novo treinador principal, isso seria algo que eles teriam que exigir.\u201d<\/p>\n<h2 class=\"wp-block-heading\" id=\"h-david-andrews\"><strong>David Andrews<\/strong><\/h2>\n<figure class=\"wp-block-embed is-type-rich is-provider-twitter wp-block-embed-twitter\">\n<div class=\"wp-block-embed__wrapper\">\n<blockquote class=\"twitter-tweet\" data-width=\"500\" data-dnt=\"true\">\n<p lang=\"en\" dir=\"ltr\">David Andrews no <a href=\"https:\/\/twitter.com\/hashtag\/Patriots?src=hash&#038;ref_src=twsrc%5Etfw\">#Patriotas<\/a> demitindo Jerod Mayo:<\/p>\n<p>\u201c\u00c9 um dia dif\u00edcil. Faz parte do nosso neg\u00f3cio\u2026 obviamente h\u00e1 muito para descobrir e seguiremos em frente e passaremos para &#8217;25. Isso \u00e9 tudo que podemos fazer. <\/p>\n<p>Agrade\u00e7o Jerod por me dar a oportunidade de voltar e jogar e\u2026 <a href=\"https:\/\/t.co\/3rvumBX2pM\">pic.twitter.com\/3rvumBX2pM<\/a><\/p>\n<p>-Mike Kadlick (@mikekadlick) <a href=\"https:\/\/twitter.com\/mikekadlick\/status\/1876313739223281876?ref_src=twsrc%5Etfw\">6 de janeiro de 2025<\/a><\/p><\/blockquote>\n<\/div>\n<\/figure>\n<h2 class=\"wp-block-heading\" id=\"h-christian-gonzalez\"><strong>Cristiano Gonz\u00e1lez<\/strong><\/h2>\n<figure class=\"wp-block-embed is-type-rich is-provider-twitter wp-block-embed-twitter\">\n<div class=\"wp-block-embed__wrapper\">\n<blockquote class=\"twitter-tweet\" data-width=\"500\" data-dnt=\"true\">\n<p lang=\"en\" dir=\"ltr\">Christian Gonzalez sobre os Patriots demitindo Jerod Mayo:<\/p>\n<p>\u201cEu amo Jerod, adoro tocar \u2013\u2013 para ele. Nenhum de n\u00f3s tem palavra a dizer sobre isso, quero dizer [ownership] tomou uma decis\u00e3o e precisamos apenas valorizar os momentos que tivemos com ele.&#8221;<a href=\"https:\/\/twitter.com\/hashtag\/Patriots?src=hash&#038;ref_src=twsrc%5Etfw\">#Patriotas<\/a> <a href=\"https:\/\/twitter.com\/hashtag\/NFL?src=hash&#038;ref_src=twsrc%5Etfw\">#NFL<\/a> <a href=\"https:\/\/twitter.com\/hashtag\/NEPats?src=hash&#038;ref_src=twsrc%5Etfw\">#NEPats<\/a> <a href=\"https:\/\/t.co\/gwlwF3B7ui\">pic.twitter.com\/gwlwF3B7ui<\/a><\/p>\n<p>&#8211; Patriotas na CLNS Media (@PatriotsCLNS) <a href=\"https:\/\/twitter.com\/PatriotsCLNS\/status\/1876324280868405398?ref_src=twsrc%5Etfw\">6 de janeiro de 2025<\/a><\/p><\/blockquote>\n<\/div>\n<\/figure>\n<h2 class=\"wp-block-heading\" id=\"h-deatrich-wise\"><strong>Deatrich S\u00e1bio<\/strong><\/h2>\n<figure class=\"wp-block-embed is-type-rich is-provider-twitter wp-block-embed-twitter\">\n<div class=\"wp-block-embed__wrapper\">\n<blockquote class=\"twitter-tweet\" data-width=\"500\" data-dnt=\"true\">\n<p lang=\"en\" dir=\"ltr\">A rea\u00e7\u00e3o de Deatrich Wise \u00e0 demiss\u00e3o de Jerod Mayo:<\/p>\n<p>\u201cMuito decepcionado. Foi um dia triste. Eu n\u00e3o queria v\u00ea-lo partir. S\u00f3 soubemos que ele foi demitido logo ap\u00f3s o jogo, e foi uma not\u00edcia muito chocante.\u201d <a href=\"https:\/\/t.co\/3J2JhbEKRD\">pic.twitter.com\/3J2JhbEKRD<\/a><\/p>\n<p>-Zack Cox (@zm_cox) <a href=\"https:\/\/twitter.com\/zm_cox\/status\/1876312640609505508?ref_src=twsrc%5Etfw\">6 de janeiro de 2025<\/a><\/p><\/blockquote>\n<\/div>\n<\/figure>\n<div class=\"o-author-single has-avatar\">\n<header class=\"m-author-card\">\n<div class=\"a-image a-image--square m-author-card__image\">\n\t\t<img decoding=\"async\" class=\"\" src=\"https:\/\/www.boston.com\/wp-content\/uploads\/2023\/05\/Headshot_Conor-645c0406ed6cb-scaled.jpg\" alt=\"Imagem do perfil de Conor Ryan\"\/>\t<\/div>\n<\/header>\n<section class=\"author-info\">\n<div class=\"m-author__section\">\n<p>Conor Ryan \u00e9 redator da equipe que cobre Bruins, Celtics, Patriots e Red Sox para Boston.com, fun\u00e7\u00e3o que ocupa desde 2023.<\/p>\n<\/div>\n<\/section>\n<\/div>\n<div class=\"m-block m-generic-cta\t m-generic-cta--post-content\t m-generic-cta--dark\t m-generic-cta--homepage\t m-generic-cta--email-signup\t\t m-generic-cta-block-style--default \tt-amp__generic-cta\"><\/p>\n<div class=\"m-generic-cta__wrap\">\n<div class=\"m-generic-cta__content\">\n<h3 class=\"m-generic-cta__title\">Boston.com hoje<\/h3>\n<p class=\"m-generic-cta__subtitle\">Inscreva-se para receber as \u00faltimas manchetes em sua caixa de entrada todas as manh\u00e3s.<\/p>\n<\/p><\/div>\n<\/p><\/div>\n<\/div><\/div>\n<p><script async src=\"\/\/platform.twitter.com\/widgets.js\" charset=\"utf-8\"><\/script><script>\n\t\tvar consent=\"grant\";\n\t\t\/* The above code is parsing the JSON data from the local storage and storing it in a variable. *\/\n\t\t\t\t\tconst onetrustStorageConsent = JSON.parse(localStorage.getItem( 'consent_one_trust_bdc' ) );\n\t\t\tif ( ( onetrustStorageConsent !== null ) ) {\n\t\t\t\t\/* Checking to see if the user has consented to the use of cookies.\n\t\t\t\t* If they have not, it is deleting the cookie.\n\t\t\t\t* This will comment for now, until further notice.\n\t\t\t\t*\/\n\t\t\t\t\/\/if ( onetrustStorageConsent.C0002 === false ) {\n\t\t\t\t\/\/\tdocument.cookie=\"_fbp=;expires=Thu, 01 Jan 2010 00:00:00 UTC; path=\/; domain=.boston.com\";\n\t\t\t\t\/\/}\n\t\t\t\t\/* Checking if the user has given consent for the cookie C0002.\n\t\t\t\t* If the user has given consent, the variable consent will be set to 'grant'.\n\t\t\t\t* If the user has not given consent,the variable consent will be set to 'revoke'.\n\t\t\t\t* Documentation https:\/\/developers.facebook.com\/docs\/meta-pixel\/implementation\/gdpr\n\t\t\t\t*\/\n\t\t\t\tif ( onetrustStorageConsent.C0002 !== true ) {\n\t\t\t\t\tconsent=\"revoke\";\n\t\t\t\t}\n\t\t\t}\n\t\t\t\t!function(f,b,e,v,n,t,s)\n\t\t{if(f.fbq)return;n=f.fbq=function(){n.callMethod?\n\t\tn.callMethod.apply(n,arguments):n.queue.push(arguments)};\n\t\tif(!f._fbq)f._fbq=n;n.push=n;n.loaded=!0;n.version='2.0';\n\t\tn.queue=[];t=b.createElement(e);t.async=!0;\n\t\tt.src=v;s=b.getElementsByTagName(e)[0];\n\t\ts.parentNode.insertBefore(t,s)}(window, document,'script',\n\t\t'https:\/\/connect.facebook.net\/en_US\/fbevents.js');\n\t\tfbq('consent', consent);\n\t\tfbq('init', '989222871864976');\n\t\tfbq('track', 'PageView');\n\t<\/script><script type=\"module\">\n\t\tvar consent=\"grant\";\n\t\t\/* The above code is parsing the JSON data from the local storage and storing it in a variable. *\/\n\t\t\tconst onetrustStorageConsent = JSON.parse(localStorage.getItem( 'consent_one_trust_bdc' ) );\n\t\t\t\/* Checking to see if the user has consented to the use of cookies.\n\t\t\t* If they have not, it is deleting the cookie.\n\t\t\t* This will comment for now, until further notice.\n\t\t\t*\/\n\t\t\t\/\/if ( onetrustStorageConsent.C0002 === false ) {\n\t\t\t\/\/\tdocument.cookie=\"_fbp=;expires=Thu, 01 Jan 2010 00:00:00 UTC; path=\/; domain=.boston.com\";\n\t\t\t\/\/}\n\t\t\t\/* Checking if the user has given consent for the cookie C0002.\n\t\t\t* If the user has given consent, the variable consent will be set to 'grant'.\n\t\t\t* If the user has not given consent,the variable consent will be set to 'revoke'.\n\t\t\t* Documentation https:\/\/developers.facebook.com\/docs\/meta-pixel\/implementation\/gdpr\n\t\t\t*\/\n\t\t\tif ( ( onetrustStorageConsent !== null ) && (onetrustStorageConsent.C0002 !== true ) ) {\n\t\t\t\tconsent=\"revoke\";\n\t\t\t}\n\t\t\t\t!function(f,b,e,v,n,t,s){if(f.fbq)return;n=f.fbq=function()\n\t\t{n.callMethod? n.callMethod.apply(n,arguments):n.queue.push(arguments)}\n\t\t;if(!f._fbq)f._fbq=n;\n\t\tn.push=n;n.loaded=!0;n.version='2.0';n.queue=[];t=b.createElement(e);t.async=!0;\n\t\tt.src=v;s=b.getElementsByTagName(e)[0];s.parentNode.insertBefore(t,s)}(window,\n\t\tdocument,'script','https:\/\/connect.facebook.net\/en_US\/fbevents.js');\n\t\tfbq('consent', consent);\n\t\tfbq('init', '813236348753005');\n\t\tfbq('track', \"PageView\");\n\t<\/script><br \/>\n<br \/><br \/>\n<br \/><a href=\"https:\/\/www.boston.com\/sports\/new-england-patriots\/2025\/01\/06\/jerod-mayo-new-england-patriots-nfl-football-belichick-gronkowski-nfl-mccourty\/\">Source link <\/a><\/p>","protected":false},"excerpt":{"rendered":"<p>Patriotas \u201cAcho que foi injusto com o t\u00e9cnico Jerod Mayo.\u201d Jerod Mayo foi demitido logo ap\u00f3s o t\u00e9rmino da temporada de 2024 dos Patriots. (Foto AP\/Steven Senne) Por Conor Ryan&hellip;<\/p>","protected":false},"author":1,"featured_media":88366,"comment_status":"closed","ping_status":"open","sticky":false,"template":"","format":"standard","meta":{"content-type":"","footnotes":""},"categories":[1],"tags":[],"class_list":["post-88365","post","type-post","status-publish","format-standard","has-post-thumbnail","hentry","category-uncategorized"],"_links":{"self":[{"href":"https:\/\/tvbrazilusa.com\/pt\/wp-json\/wp\/v2\/posts\/88365","targetHints":{"allow":["GET"]}}],"collection":[{"href":"https:\/\/tvbrazilusa.com\/pt\/wp-json\/wp\/v2\/posts"}],"about":[{"href":"https:\/\/tvbrazilusa.com\/pt\/wp-json\/wp\/v2\/types\/post"}],"author":[{"embeddable":true,"href":"https:\/\/tvbrazilusa.com\/pt\/wp-json\/wp\/v2\/users\/1"}],"replies":[{"embeddable":true,"href":"https:\/\/tvbrazilusa.com\/pt\/wp-json\/wp\/v2\/comments?post=88365"}],"version-history":[{"count":1,"href":"https:\/\/tvbrazilusa.com\/pt\/wp-json\/wp\/v2\/posts\/88365\/revisions"}],"predecessor-version":[{"id":88367,"href":"https:\/\/tvbrazilusa.com\/pt\/wp-json\/wp\/v2\/posts\/88365\/revisions\/88367"}],"wp:featuredmedia":[{"embeddable":true,"href":"https:\/\/tvbrazilusa.com\/pt\/wp-json\/wp\/v2\/media\/88366"}],"wp:attachment":[{"href":"https:\/\/tvbrazilusa.com\/pt\/wp-json\/wp\/v2\/media?parent=88365"}],"wp:term":[{"taxonomy":"category","embeddable":true,"href":"https:\/\/tvbrazilusa.com\/pt\/wp-json\/wp\/v2\/categories?post=88365"},{"taxonomy":"post_tag","embeddable":true,"href":"https:\/\/tvbrazilusa.com\/pt\/wp-json\/wp\/v2\/tags?post=88365"}],"curies":[{"name":"wp","href":"https:\/\/api.w.org\/{rel}","templated":true}]}}